{"id":478046,"date":"2025-10-20T22:21:39","date_gmt":"2025-10-20T22:21:39","guid":{"rendered":"https:\/\/www.europesays.com\/fr\/478046\/"},"modified":"2025-10-20T22:21:39","modified_gmt":"2025-10-20T22:21:39","slug":"qualite-de-leau-du-bassin-versant-de-la-vilaine-le-grand-public-appele-a-dire-ce-quil-en","status":"publish","type":"post","link":"https:\/\/www.europesays.com\/fr\/478046\/","title":{"rendered":"Qualit\u00e9 de l\u2019eau du bassin-versant de la Vilaine : le grand public appel\u00e9 \u00e0 dire ce qu\u2019il en"},"content":{"rendered":"<p>En cinq jours, plus de 230 contributions ont d\u00e9j\u00e0 \u00e9t\u00e9 collect\u00e9es. Certains sont laconiques, d\u2019autres tr\u00e8s argument\u00e9es. Jusqu\u2019au 14 novembre, chacun est invit\u00e9 \u00e0 dire, <a href=\"https:\/\/www.registre-dematerialise.fr\/6738\/contribuez\" target=\"_self\" rel=\"nofollow noopener\">sur le site internet d\u00e9di\u00e9<\/a>, s\u2019il soutient ou non la r\u00e9vision du Sch\u00e9ma d\u2019am\u00e9nagement et des gestions des eaux (SAGE) du bassin de la Vilaine. Pour mieux prot\u00e9ger les ressources en eau, en quantit\u00e9 comme en qualit\u00e9, une partie des r\u00e8gles ont en effet \u00e9t\u00e9 revues. Le territoire est vaste puisqu\u2019il englobe une grande partie sud de l\u2019Ille-et-Vilaine et cinq autres d\u00e9partements du Maine-et-Loire au Morbihan et aux C\u00f4tes-d\u2019Armor. 1,2 million de personnes sont concern\u00e9es.<\/p>\n<p><strong>Lire aussi : <\/strong> <a href=\"https:\/\/fougeres.maville.com\/actu\/actudet_-en-images.-ils-recreent-une-riviere-detournee-il-y-a-300-ans-en-ille-et-vilaine-_7-7026458_actu.Htm?utm_source=troove&amp;utm_medium=site\" rel=\"nofollow noopener\" target=\"_blank\">EN IMAGES. Ils recr\u00e9ent une rivi\u00e8re d\u00e9tourn\u00e9e il y a 300 ans en Ille-et-Vilaine<\/a><\/p>\n<p>Moins d\u2019herbicides dans les champs de ma\u00efs ?<\/p>\n<p><a href=\"https:\/\/saint-brieuc.maville.com\/actu\/actudet_-decryptage.-en-bretagne-pourquoi-une-nouvelle-guerre-de-l-eau-est-a-craindre-_5-6891424_actu.Htm\" target=\"_self\" rel=\"nofollow noopener\">Les d\u00e9bats, qui ont dur\u00e9 trois ans<\/a>, se sont notamment cristallis\u00e9s autour de deux mesures embl\u00e9matiques qui pourraient s\u2019appliquer d\u00e8s 2029. Une pr\u00e9voit d\u2019interdire, dans des zones humides comme des mares, des r\u00e9serves d\u2019eau servant \u00e0 l\u2019irrigation. Une autre, \u00ab la r\u00e8gle 1 \u00bb, interdit l\u2019usage des herbicides <a href=\"https:\/\/saint-brieuc.maville.com\/actu\/actudet_-dans-l-ouest-une-interdiction-inedite-de-pesticide-fait-des-mecontents-dans-tous-les-camps-_5-6728958_actu.Htm\" target=\"_self\" rel=\"nofollow noopener\">dans certaines cultures ma\u00efs<\/a> pr\u00e8s des captages fournissant de l\u2019eau potable \u00e0 la population. La pr\u00e9sence massive de ces mol\u00e9cules dangereuses pour la sant\u00e9 dans les cours d\u2019eau comme dans les nappes, et donc possiblement au robinet, est un vrai sujet d\u2019inqui\u00e9tude. Mais ces nouvelles r\u00e8gles, le syndicat agricole FDSEA n\u2019en veut pas. Il a d\u2019ailleurs mobilis\u00e9 ses troupes<a href=\"https:\/\/saint-brieuc.maville.com\/actu\/actudet_-interdiction-d-herbicides-pres-des-captages-d-eau-les-agriculteurs-de-l-ouest-mettent-la-pression-_5-6994901_actu.Htm\" target=\"_self\" rel=\"nofollow noopener\"> \u00e0 plusieurs reprises pour manifester son opposition<\/a>.<\/p>\n<p>D\u00e8s le 15 novembre, les contributions du public seront d\u00e9pouill\u00e9es par une commission et le nouveau SAGE potentiellement amend\u00e9. Il reviendra enfin au pr\u00e9fet de valider, ou non, le r\u00e8glement.<\/p>\n<p><strong>Pour d\u00e9poser une contribution<\/strong> : <a href=\"https:\/\/www.registre-dematerialise.fr\/6738\/contribuez\" target=\"_self\" rel=\"nofollow noopener\">www.registre-dematerialise.fr\/6738\/<\/a><\/p>\n<p>\u00a0<\/p>\n","protected":false},"excerpt":{"rendered":"En cinq jours, plus de 230 contributions ont d\u00e9j\u00e0 \u00e9t\u00e9 collect\u00e9es. Certains sont laconiques, d\u2019autres tr\u00e8s argument\u00e9es. Jusqu\u2019au&hellip;\n","protected":false},"author":2,"featured_media":478047,"comment_status":"","ping_status":"","sticky":false,"template":"","format":"standard","meta":{"footnotes":""},"categories":[2821],"tags":[1111,11,28404,49220,829,23237,4858,1777,674,1011,27,2515,12,43453,3532,9576,20185,584,25,7009],"class_list":{"0":"post-478046","1":"post","2":"type-post","3":"status-publish","4":"format-standard","5":"has-post-thumbnail","7":"category-rennes","8":"tag-actu","9":"tag-actualites","10":"tag-appele","11":"tag-bassin-versant","12":"tag-bretagne","13":"tag-dire","14":"tag-eau","15":"tag-eu","16":"tag-europe","17":"tag-fr","18":"tag-france","19":"tag-grand","20":"tag-news","21":"tag-pense","22":"tag-public","23":"tag-qu","24":"tag-qualite","25":"tag-rennes","26":"tag-republique-francaise","27":"tag-vilaine"},"share_on_mastodon":{"url":"https:\/\/pubeurope.com\/@fr\/115408829483333933","error":""},"_links":{"self":[{"href":"https:\/\/www.europesays.com\/fr\/wp-json\/wp\/v2\/posts\/478046","targetHints":{"allow":["GET"]}}],"collection":[{"href":"https:\/\/www.europesays.com\/fr\/wp-json\/wp\/v2\/posts"}],"about":[{"href":"https:\/\/www.europesays.com\/fr\/wp-json\/wp\/v2\/types\/post"}],"author":[{"embeddable":true,"href":"https:\/\/www.europesays.com\/fr\/wp-json\/wp\/v2\/users\/2"}],"replies":[{"embeddable":true,"href":"https:\/\/www.europesays.com\/fr\/wp-json\/wp\/v2\/comments?post=478046"}],"version-history":[{"count":0,"href":"https:\/\/www.europesays.com\/fr\/wp-json\/wp\/v2\/posts\/478046\/revisions"}],"wp:featuredmedia":[{"embeddable":true,"href":"https:\/\/www.europesays.com\/fr\/wp-json\/wp\/v2\/media\/478047"}],"wp:attachment":[{"href":"https:\/\/www.europesays.com\/fr\/wp-json\/wp\/v2\/media?parent=478046"}],"wp:term":[{"taxonomy":"category","embeddable":true,"href":"https:\/\/www.europesays.com\/fr\/wp-json\/wp\/v2\/categories?post=478046"},{"taxonomy":"post_tag","embeddable":true,"href":"https:\/\/www.europesays.com\/fr\/wp-json\/wp\/v2\/tags?post=478046"}],"curies":[{"name":"wp","href":"https:\/\/api.w.org\/{rel}","templated":true}]}}