{"id":478048,"date":"2025-10-20T22:22:23","date_gmt":"2025-10-20T22:22:23","guid":{"rendered":"https:\/\/www.europesays.com\/fr\/478048\/"},"modified":"2025-10-20T22:22:23","modified_gmt":"2025-10-20T22:22:23","slug":"a-rennes-des-champions-de-sports-de-combat-pour-coacher-les-rennais-en-recherche-demploi-2","status":"publish","type":"post","link":"https:\/\/www.europesays.com\/fr\/478048\/","title":{"rendered":"\u00c0 Rennes, des champions de sports de combat pour coacher les Rennais en recherche d\u2019emploi ."},"content":{"rendered":"<p>Il y a bient\u00f4t un an, <a href=\"https:\/\/rennes.maville.com\/sport\/detail_-boxe.-rennes-fight-night-lissandre-mercier-s-offre-un-titre-intercontinental-_52674-6536149_actu.Htm\" target=\"_blank\" rel=\"noopener\">le champion rennais Lissandre Mercier remportait la ceinture intercontinentale de kickboxing<\/a> dans l\u2019enceinte du gymnase des Cadets de Bretagne, \u00e0 Rennes (Ille-et-Vilaine). Il y sera \u00e0 nouveau pr\u00e9sent cette semaine \u00e0 l\u2019occasion de la troisi\u00e8me \u00e9dition du gala de l\u2019emploi et de l\u2019entrepreneuriat, jeudi 23\u00a0octobre 2025, de 13\u00a0h \u00e0 19\u00a0h, pour t\u00e9moigner de son parcours. Associer recherche d\u2019emploi, esprit d\u2019entreprise et valeurs sportives, c\u2019est le cocktail original propos\u00e9 par les organisateurs de cet \u00e9v\u00e9nement.<\/p>\n<p><strong>\u00ab\u00a0Avec Pierre-Yves Hantraye de la Mission We Ker, nous partageons la m\u00eame passion des arts martiaux et leurs valeurs<\/strong>, explique Ahmed A\u00eft Chikh, pr\u00e9sident de la soci\u00e9t\u00e9 Key Form &amp; Solutions, co-organisatrice aux c\u00f4t\u00e9s de plusieurs partenaires dont We Ker et BPI France. <strong>Aux Cadets de Bretagne, il y aura trois villages\u00a0: le premier d\u00e9di\u00e9 \u00e0 l\u2019insertion et \u00e0 l\u2019accompagnement des jeunes\u00a0; le deuxi\u00e8me permettra de s\u2019informer sur la recherche d\u2019emploi et les formations\u00a0; le troisi\u00e8me sera plus sp\u00e9cifiquement d\u00e9di\u00e9 \u00e0 la cr\u00e9ation d\u2019entreprise\u00a0\u00bb<\/strong>.<\/p>\n<p>\t<img decoding=\"async\" src=\"https:\/\/www.europesays.com\/fr\/wp-content\/uploads\/2025\/10\/P35534526D7029348G_px_640_.jpg\" alt=\"photo ahmed a\u00eft chikh, pr\u00e9sident de la soci\u00e9t\u00e9 key form &amp; solutions, co-organisatrice de la troisi\u00e8me \u00e9dition du gala de l\u2019emploi et de l\u2019entrepreneuriat, jeudi 23\u00a0octobre 2025, \u00e0 la salle des cadets de bretagne.  \u00a9  ouest-france\" width=\"640\" title=\" Ahmed A\u00eft Chikh, pr\u00e9sident de la soci\u00e9t\u00e9 Key Form &amp; Solutions, co-organisatrice de la troisi\u00e8me \u00e9dition du gala de l\u2019emploi et de l\u2019entrepreneuriat, jeudi 23\u00a0octobre 2025, \u00e0 la salle des Cadets de Bretagne.   Ouest-France \"\/><\/p>\n<p class=\"elmt-legende\"> Ahmed A\u00eft Chikh, pr\u00e9sident de la soci\u00e9t\u00e9 Key Form &amp; Solutions, co-organisatrice de la troisi\u00e8me \u00e9dition du gala de l\u2019emploi et de l\u2019entrepreneuriat, jeudi 23\u00a0octobre 2025, \u00e0 la salle des Cadets de Bretagne.   Ouest-France <\/p>\n<p>Vingt-cinq employeurs seront pr\u00e9sents, au moins une cinquantaine d\u2019offres d\u2019emploi seront \u00e0 d\u00e9crocher sur place. <a href=\"https:\/\/rennes.maville.com\/sport\/detail_-arts-martiaux-breaking-et-emploi...-un-gala-percutant-le-24-octobre-a-rennes-_7-6521798_actu.Htm\" target=\"_blank\" rel=\"noopener\">La deuxi\u00e8me \u00e9dition, il y a un an, avait attir\u00e9 environ 300\u00a0personnes<\/a>. Les rencontres avec des champions sportifs sont la plus-value de l\u2019\u00e9v\u00e9nement. Outre Lissandre Mercier, d\u00e8s 13\u00a0h, les t\u00e9moignages de plusieurs autres personnalit\u00e9s sont pr\u00e9vus\u00a0: Seif-Eddinine Houmine (champion de jiu-jitsu br\u00e9silien)\u00a0; <a href=\"https:\/\/lannion-perros.maville.com\/sport\/detail_-le-breton-edouard-arzul-joueur-d-echecs-et-boxeur-ira-au-championnat-du-monde-de-chessboxing-_5-6518000_actu.Htm\" target=\"_blank\" rel=\"noopener\">Edouard Arzul (champion de chessboxing qui m\u00eale \u00e9checs et boxe)<\/a>\u00a0; Segalei Lamataki (championne de Muay Tha\u00ef), <a href=\"https:\/\/rennes.maville.com\/sport\/detail_-portrait.-willy-sirope-l-entrepreneur-derriere-l-emergence-du-mma-a-rennes-_7-6260785_actu.Htm\" target=\"_blank\" rel=\"noopener\">Willy Sirope (fondateur de la ligue de MMA amateur, l\u2019AEF Championship)<\/a> et <a href=\"https:\/\/rennes.maville.com\/sport\/detail_-boxe.-la-rennaise-sarah-rochdi-engagee-aux-championnats-de-france-amateurs-ce-week-end-_52674-4949612_actu.Htm\" target=\"_blank\" rel=\"noopener\">Sarah Rochdi (docteure en nutrition et championne de boxe)<\/a>. Une d\u00e9monstration de breakdance est programm\u00e9e \u00e0 16\u00a0h\u00a030 avant un gala de d\u00e9monstration d\u2019arts martiaux, \u00e0 18\u00a0h, par <a href=\"http:\/\/www.rennes.maville.com\/sport\/detail_-arts-martiaux-la-16e-edition-de-tout-rennes-au-dojo_52674-2776031_actu.Htm\" target=\"_blank\" rel=\"noopener\">l\u2019association Tout Rennes au Dojo<\/a>.<\/p>\n<p><strong>Jeudi 23\u00a0octobre 2025, <\/strong>de 13\u00a0h \u00e0 19\u00a0h, troisi\u00e8me\u00a0gala de l\u2019emploi et de l\u2019entrepreneuriat, salle des Cadets de Bretagne, 139 rue d\u2019Antrain \u00e0 Rennes (m\u00e9tro ligne B, station Gros-Ch\u00eane). Entr\u00e9e gratuite.<\/p>\n<p>\u00a0<\/p>\n","protected":false},"excerpt":{"rendered":"Il y a bient\u00f4t un an, le champion rennais Lissandre Mercier remportait la ceinture intercontinentale de kickboxing dans&hellip;\n","protected":false},"author":2,"featured_media":477924,"comment_status":"","ping_status":"","sticky":false,"template":"","format":"standard","meta":{"footnotes":""},"categories":[2821],"tags":[1111,11,3809,1465,829,1777,674,63,1011,27,1792,1922,12,584,25,479,517,1470],"class_list":{"0":"post-478048","1":"post","2":"type-post","3":"status-publish","4":"format-standard","5":"has-post-thumbnail","7":"category-rennes","8":"tag-actu","9":"tag-actualites","10":"tag-ball","11":"tag-basket","12":"tag-bretagne","13":"tag-eu","14":"tag-europe","15":"tag-football","16":"tag-fr","17":"tag-france","18":"tag-handball","19":"tag-info","20":"tag-news","21":"tag-rennes","22":"tag-republique-francaise","23":"tag-rugby","24":"tag-sport","25":"tag-volley"},"share_on_mastodon":{"url":"https:\/\/pubeurope.com\/@fr\/115408834252666503","error":""},"_links":{"self":[{"href":"https:\/\/www.europesays.com\/fr\/wp-json\/wp\/v2\/posts\/478048","targetHints":{"allow":["GET"]}}],"collection":[{"href":"https:\/\/www.europesays.com\/fr\/wp-json\/wp\/v2\/posts"}],"about":[{"href":"https:\/\/www.europesays.com\/fr\/wp-json\/wp\/v2\/types\/post"}],"author":[{"embeddable":true,"href":"https:\/\/www.europesays.com\/fr\/wp-json\/wp\/v2\/users\/2"}],"replies":[{"embeddable":true,"href":"https:\/\/www.europesays.com\/fr\/wp-json\/wp\/v2\/comments?post=478048"}],"version-history":[{"count":0,"href":"https:\/\/www.europesays.com\/fr\/wp-json\/wp\/v2\/posts\/478048\/revisions"}],"wp:featuredmedia":[{"embeddable":true,"href":"https:\/\/www.europesays.com\/fr\/wp-json\/wp\/v2\/media\/477924"}],"wp:attachment":[{"href":"https:\/\/www.europesays.com\/fr\/wp-json\/wp\/v2\/media?parent=478048"}],"wp:term":[{"taxonomy":"category","embeddable":true,"href":"https:\/\/www.europesays.com\/fr\/wp-json\/wp\/v2\/categories?post=478048"},{"taxonomy":"post_tag","embeddable":true,"href":"https:\/\/www.europesays.com\/fr\/wp-json\/wp\/v2\/tags?post=478048"}],"curies":[{"name":"wp","href":"https:\/\/api.w.org\/{rel}","templated":true}]}}