{"id":478049,"date":"2025-10-20T22:23:28","date_gmt":"2025-10-20T22:23:28","guid":{"rendered":"https:\/\/www.europesays.com\/fr\/478049\/"},"modified":"2025-10-20T22:23:28","modified_gmt":"2025-10-20T22:23:28","slug":"cet-automne-la-place-gutenberg-reprend-vie-et-ca-donne-envie","status":"publish","type":"post","link":"https:\/\/www.europesays.com\/fr\/478049\/","title":{"rendered":"cet automne, la place Gutenberg reprend vie et \u00e7a donne envie"},"content":{"rendered":"<p><b>La douceur de l\u2019automne, les vacances de la Toussaint, et Halloween qui s\u2019affiche dans les vitrines\u2026 S\u2019il ne reste qu\u2019un mois avant que le March\u00e9 de No\u00ebl de Strasbourg ne se fasse envahir par les touristes, il est encore temps de profiter du centre-ville en toute qui\u00e9tude. Plusieurs animations (gratuites) ont m\u00eame retenu notre attention. Sans compter les nouvelles enseignes et les gourmandises \u00e0 s\u2019offrir.<\/b><\/p>\n<p>\u00ab\u00a0Place \u00e0 l&rsquo;Aventure\u00a0\u00bb\u00a0: occuper les enfants \u00e0 la Toussaint<\/p>\n<p>Ce premier arr\u00eat va plaire aux jeunes aventurier(e)s, car si on ne sait pas toujours comment occuper la prog\u00e9niture en vacances, avec la Ville de Strasbourg, on fait <b>\u00ab\u00a0Place \u00e0 l\u2019aventure\u00a0!\u00a0\u00bb<\/b>. Une op\u00e9ration annuelle organis\u00e9e par la Ville depuis 2020, pour soutenir le centre-ville en permettant aux familles d\u2019allier <b>\u00ab\u00a0shopping, patrimoine et plaisir au travers de parcours ludiques\u00a0\u00bb<\/b>.<\/p>\n<p>    <img width=\"800\" height=\"533\" src=\"https:\/\/www.europesays.com\/fr\/wp-content\/uploads\/2025\/10\/2r0a4747-800x533.jpg\" class=\"attachment-image-size-L size-image-size-L\" alt=\"Place \u00e0 l\u2019aventure\" decoding=\"async\" loading=\"lazy\"  \/>         Place \u00e0 l&rsquo;aventure \u00a9 J\u00e9r\u00f4me Dorkel &#8211; Ville et Eurom\u00e9tropole de Strasbourg \/ Document remis <\/p>\n<p>    <img width=\"800\" height=\"533\" src=\"https:\/\/www.europesays.com\/fr\/wp-content\/uploads\/2025\/10\/2r0a4762-800x533.jpg\" class=\"attachment-image-size-L size-image-size-L\" alt=\"Place \u00e0 l\u2019aventure\" decoding=\"async\" loading=\"lazy\"  \/>         Place \u00e0 l&rsquo;aventure \u00a9 J\u00e9r\u00f4me Dorkel &#8211; Ville et Eurom\u00e9tropole de Strasbourg \/ Document remis <\/p>\n<p><b>Du lundi 27 octobre au samedi 1er novembre<\/b>, <b>les enfants de 2 \u00e0 12 ans<\/b> (accompagn\u00e9(e)s de leurs parents) pourront crapahuter sur les installations <b>places Saint-Thomas, Gutenberg et du<\/b> <b>Ch\u00e2teau<\/b>. Sur place\u00a0: <b>des animations gratuites<\/b> pour faire \u00ab\u00a0le plein de sensations\u00a0\u00bb tout en travaillant leur agilit\u00e9 et \u00e9quilibre.<\/p>\n<p>De la d\u00e9couverte de<b> l\u2019escalade <\/b>(sur tour multi-grimpe ou glacier d\u2019escalade) aux <b>descentes en tyrolienne<\/b> et autres <b>parcours aventure <\/b>(selon \u00e2ge) encadr\u00e9(e)s par des moniteurs\/rices, le plus effrayant sera de retourner \u00e0 l\u2019\u00e9cole, probablement.<\/p>\n<p align=\"CENTER\"><b>Quand et o\u00f9\u00a0?<br \/><\/b>Du lundi 27 octobre au samedi 1er novembre (de 10h \u00e0 12h et de 13h \u00e0 17h)<br \/>Sur les places Saint-Thomas, du Ch\u00e2teau et Gutenberg \u00e0 Strasbourg<br \/><a href=\"https:\/\/www.strasbourg.eu\/-\/place-a-l-aventure-revient-au-coeur-de-strasbourg\" target=\"_blank\" rel=\"noopener nofollow\">+ d\u2019infos<\/a><\/p>\n<p>                <img width=\"750\" height=\"500\" src=\"https:\/\/www.europesays.com\/fr\/wp-content\/uploads\/2025\/10\/2r0a5075-750x500.jpg\" class=\"attachment-gallery size-gallery\" alt=\"Place \u00e0 l\u2019aventure\" data-full-url=\"https:\/\/pokaa.fr\/wp-content\/uploads\/2024\/10\/07\/2r0a5075.jpg\" decoding=\"async\" loading=\"lazy\"  \/>            <\/p>\n<p>                <img width=\"750\" height=\"500\" src=\"https:\/\/www.europesays.com\/fr\/wp-content\/uploads\/2025\/10\/2r0a5034-750x500.jpg\" class=\"attachment-gallery size-gallery\" alt=\"Place \u00e0 l\u2019aventure\" data-full-url=\"https:\/\/pokaa.fr\/wp-content\/uploads\/2024\/10\/07\/2r0a5034.jpg\" decoding=\"async\" loading=\"lazy\"  \/>            <\/p>\n<p>                <img width=\"375\" height=\"500\" src=\"https:\/\/www.europesays.com\/fr\/wp-content\/uploads\/2025\/10\/img-20211027-155058-2-scaled-e1728158252535-375x500.jpg\" class=\"attachment-gallery size-gallery\" alt=\"Place \u00e0 l\u2019aventure\" data-full-url=\"https:\/\/pokaa.fr\/wp-content\/uploads\/2024\/10\/05\/img-20211027-155058-2-1500x2000.jpg\" decoding=\"async\" loading=\"lazy\"  \/>            <\/p>\n<p>                    \u00a9 J\u00e9r\u00f4me Dorkel &#8211; Ville et Eurom\u00e9tropole de Strasbourg \/ Documents remis<\/p>\n<p>Se r\u00e9galer \u00e0 La F\u00eate du Miel d&rsquo;Alsace I.G.P. 2025<\/p>\n<p>Apr\u00e8s l\u2019aventure, l\u2019apiculture ! Miels de fleurs, de for\u00eat, de ch\u00e2taignier, d\u2019acacia, de tilleul et de sapin\u2026 Saviez-vous que l\u2019Alsace produisait autant de vari\u00e9t\u00e9s de miel ?<\/p>\n<p>Pour en d\u00e9couvrir plus sur ce gourmand nectar, se tiendra <b>les 8 et 9 novembre \u00e0 Strasbourg<\/b> (et en octobre \u00e0 Colmar) <b>la F\u00eate du Miel d\u2019Alsace I.G.P. <\/b>(Indication G\u00e9ographique Prot\u00e9g\u00e9e).<\/p>\n<p>                <img width=\"664\" height=\"500\" src=\"https:\/\/www.europesays.com\/fr\/wp-content\/uploads\/2025\/10\/miel-dalsace-igp-3-664x500.jpg\" class=\"attachment-gallery size-gallery\" alt=\"Miel d\u2019Alsace IGP\" data-full-url=\"https:\/\/pokaa.fr\/wp-content\/uploads\/2025\/10\/17\/miel-dalsace-igp-3.jpg\" decoding=\"async\" loading=\"lazy\"  \/>            <\/p>\n<p>                <img width=\"664\" height=\"500\" src=\"https:\/\/www.europesays.com\/fr\/wp-content\/uploads\/2025\/10\/miel-dalsace-igp-2-664x500.jpg\" class=\"attachment-gallery size-gallery\" alt=\"Miel d\u2019Alsace IGP\" data-full-url=\"https:\/\/pokaa.fr\/wp-content\/uploads\/2025\/10\/17\/miel-dalsace-igp-2.jpg\" decoding=\"async\" loading=\"lazy\"  \/>            <\/p>\n<p>                <img width=\"664\" height=\"500\" src=\"https:\/\/www.europesays.com\/fr\/wp-content\/uploads\/2025\/10\/miel-dalsace-igp-4-664x500.jpg\" class=\"attachment-gallery size-gallery\" alt=\"Miel d\u2019Alsace IGP\" data-full-url=\"https:\/\/pokaa.fr\/wp-content\/uploads\/2025\/10\/17\/miel-dalsace-igp-4.jpg\" decoding=\"async\" loading=\"lazy\"  \/>            <\/p>\n<p>                <img width=\"664\" height=\"500\" src=\"https:\/\/www.europesays.com\/fr\/wp-content\/uploads\/2025\/10\/miel-dalsace-igp-664x500.jpg\" class=\"attachment-gallery size-gallery\" alt=\"Miel d\u2019Alsace IGP\" data-full-url=\"https:\/\/pokaa.fr\/wp-content\/uploads\/2025\/10\/17\/miel-dalsace-igp.jpg\" decoding=\"async\" loading=\"lazy\"  \/>            <\/p>\n<p>                    F\u00eate du Miel d&rsquo;Alsace I.G.P. 2024 \u00a9 Miel d&rsquo;Alsace I.G.P. \/ Documents remis<\/p>\n<p>Et \u00e7a bourdonnera fort, <b>place Gutenberg<\/b>. Pendant deux jours, <b>de nombreux\/ses apiculteurs\/rices alsacien(nes) <\/b>s\u2019y donneront rendez-vous pour nous<b> <\/b>\u00ab\u00a0plonge[r] dans <b>l\u2019univers fascinant de la ruche\u00a0<\/b>\u00bb. D\u2019une part, avec des <b>d\u00e9gustations <\/b>pour butiner direct dans le pot, et le <b>march\u00e9<\/b> de producteurs\/rices pour faire le plein de gourmandises avant l\u2019hiver (<b>miels<\/b> <b>et sp\u00e9cialit\u00e9s de la ruche <\/b>telles que le pain d\u2019\u00e9pices, le nougat, les bonbons, du pollen, ou de la propolis).<\/p>\n<p>Et de l\u2019autre\u00a0: des animations, avec des <b>expositions<\/b>, des conf\u00e9rences, <b>des quiz<\/b> et des jeux, comme avec Rigol\u2019Jeux qui mettra \u00e0 disposition des <b>jeux en bois th\u00e9matiques<\/b> pour toute la famille. Et il para\u00eet m\u00eame qu\u2019on pourra y <b>gagner des pots de miel<\/b>\u00a0! On s\u2019en l\u00e8che d\u00e9j\u00e0 les babines.<\/p>\n<p align=\"CENTER\"><b>Quand et o\u00f9\u00a0?<br \/><\/b>Samedi 8 et dimanche 9 novembre<br \/>Place Gutenberg \u00e0 Strasbourg<br \/><a href=\"https:\/\/miel.alsace\/\" target=\"_blank\" rel=\"noopener nofollow\">+ d\u2019infos<\/a><\/p>\n<\/p>\n<p>D\u00e9couvrir les 375 tr\u00e9sors de notre terroir au Comptoir des Vignerons<\/p>\n<p>Profitons d\u2019\u00eatre <b>place Gutenberg <\/b>pour s\u2019int\u00e9resser \u00e0 une de ses plus belles b\u00e2tisses. Dans <b>l\u2019ancien b\u00e2timent de la CCI<\/b> (Chambre des Commerces et de l\u2019Industrie) qui surplombe la place, si\u00e8ge aujourd\u2019hui <b>Le Comptoir des Vignerons Alsaciens<\/b>. Un espace collectif qui regroupe <b>75 vigneron(ne)s ind\u00e9pendant(e)s<\/b>.<\/p>\n<p>Dans ce magnifique \u00e9difice d\u2019\u00e9poque Renaissance, sous ses larges vo\u00fbtes, nous attendent <b>375 r\u00e9f\u00e9rences de vins \u00e0 d\u00e9couvrir et s\u2019offrir<\/b>. Et pour s\u2019y retrouver parmi cette s\u00e9lection\u00a0: des <b>d\u00e9gustations<\/b> quasi-quotidiennes, autour d\u2019<b>un(e) vigneron(ne) et son domaine<\/b>.<\/p>\n<p align=\"CENTER\"><b>Le Comptoir des Vignerons d\u2019Alsace<br \/><\/b>10 place Gutenberg \u00e0 Strasbourg<br \/>Du mardi au vendredi de 10h30 \u00e0 12h30 et de 14h \u00e0 19h\u00a0; samedi de 10h \u00e0 19h<br \/><a href=\"https:\/\/www.comptoirdesvignerons.com\/\" target=\"_blank\" rel=\"noopener nofollow\">+ d\u2019infos<\/a><\/p>\n<p>                <img width=\"334\" height=\"500\" src=\"https:\/\/www.europesays.com\/fr\/wp-content\/uploads\/2025\/10\/comptoir-vignerons-7-334x500.jpg\" class=\"attachment-gallery size-gallery\" alt=\"comptoir vignerons\" data-full-url=\"https:\/\/pokaa.fr\/wp-content\/uploads\/2025\/10\/16\/comptoir-vignerons-7.jpg\" decoding=\"async\" loading=\"lazy\"  \/>            <\/p>\n<p>                <img width=\"333\" height=\"500\" src=\"https:\/\/www.europesays.com\/fr\/wp-content\/uploads\/2025\/10\/comptoir-vignerons-4-333x500.jpg\" class=\"attachment-gallery size-gallery\" alt=\"comptoir vignerons\" data-full-url=\"https:\/\/pokaa.fr\/wp-content\/uploads\/2025\/10\/16\/comptoir-vignerons-4.jpg\" decoding=\"async\" loading=\"lazy\"  \/>            <\/p>\n<p>                <img width=\"334\" height=\"500\" src=\"https:\/\/www.europesays.com\/fr\/wp-content\/uploads\/2025\/10\/comptoir-vignerons-8-334x500.jpg\" class=\"attachment-gallery size-gallery\" alt=\"comptoir vignerons\" data-full-url=\"https:\/\/pokaa.fr\/wp-content\/uploads\/2025\/10\/16\/comptoir-vignerons-8.jpg\" decoding=\"async\" loading=\"lazy\"  \/>            <\/p>\n<p>                <img width=\"375\" height=\"500\" src=\"https:\/\/www.europesays.com\/fr\/wp-content\/uploads\/2025\/10\/comptoir-vignerons-5-375x500.jpg\" class=\"attachment-gallery size-gallery\" alt=\"comptoir vignerons\" data-full-url=\"https:\/\/pokaa.fr\/wp-content\/uploads\/2025\/10\/16\/comptoir-vignerons-5.jpg\" decoding=\"async\" loading=\"lazy\"  \/>            <\/p>\n<p>                    \u00a9 Le Comptoir des Vignerons d&rsquo;Alsace \/ Documents remis<\/p>\n<p>    <img width=\"800\" height=\"600\" src=\"https:\/\/www.europesays.com\/fr\/wp-content\/uploads\/2025\/10\/comptoir-vignerons-800x600.jpg\" class=\"attachment-image-size-L size-image-size-L\" alt=\"comptoir vignerons\" decoding=\"async\" loading=\"lazy\"  \/>         Le Comptoir des Vignerons d&rsquo;Alsace dans l&rsquo;ancienne b\u00e2timent de la Chambre des Commerces et de l&rsquo;industrie, datant de la Renaissance \u00a9 Le Comptoir des Vignerons d&rsquo;Alsace \/ Document remis <\/p>\n<p>Un go\u00fbter raffin\u00e9 au Comptoir Gastronomique de desserts de Nicolas Multon<\/p>\n<p>On s\u2019\u00e9loigne \u00e0 peine, pour s\u2019arr\u00eater au <b>31 rue du Vieux-March\u00e9-aux-Poissons <\/b>o\u00f9 se dresse aujourd\u2019hui le <b>Comptoir Gastronomique de desserts<\/b>.<\/p>\n<p>Une <b>nouvelle enseigne ouverte cet \u00e9t\u00e9 <\/b>par le <b>chef p\u00e2tissier Nicolas Multon. <\/b>Un chef de renom qui lance, apr\u00e8s plus de 20 ans dans les cuisines des plus <b>grandes maisons \u00e9toil\u00e9es <\/b>(dont La Villa Ren\u00e9 Lalique) sa propre p\u00e2tisserie\/restaurant. Un lieu soign\u00e9, au design l\u00e9ch\u00e9, au pied presque de la Cath\u00e9drale.<\/p>\n<p>                <img width=\"502\" height=\"500\" src=\"https:\/\/www.europesays.com\/fr\/wp-content\/uploads\/2025\/10\/screenshot-2025-10-17-at-15-13-59-le-concept-patisserie-gastronomique-sucree-salee-a-strasbourg-502x.png\" class=\"attachment-gallery size-gallery\" alt=\"Nicolas Multon \u2013 Comptoir gastronomique de desserts\" data-full-url=\"https:\/\/pokaa.fr\/wp-content\/uploads\/2025\/10\/17\/screenshot-2025-10-17-at-15-13-59-le-concept-patisserie-gastronomique-sucree-salee-a-strasbourg.png\" decoding=\"async\" loading=\"lazy\"  \/>            <\/p>\n<p>                <img width=\"500\" height=\"500\" src=\"https:\/\/www.europesays.com\/fr\/wp-content\/uploads\/2025\/10\/screenshot-2025-10-17-at-15-15-11-nicolas-multon-patisserie-gastronomique-a-strasbourg-500x500.png\" class=\"attachment-gallery size-gallery\" alt=\"Nicolas Multon \u2013 Comptoir gastronomique de desserts\" data-full-url=\"https:\/\/pokaa.fr\/wp-content\/uploads\/2025\/10\/17\/screenshot-2025-10-17-at-15-15-11-nicolas-multon-patisserie-gastronomique-a-strasbourg.png\" decoding=\"async\" loading=\"lazy\"  \/>            <\/p>\n<p>                    \u00a9 Captures d&rsquo;\u00e9cran site Nicolas Multon &#8211; Comptoir gastronomique de desserts<\/p>\n<p>Profitez donc d\u2019une escapade au centre-ville pour y faire une halte gourmande et vous laisser surprendre par ce nouveau concept qui souhaite allier <b>\u00ab\u00a0p\u00e2tisserie sucr\u00e9e et sal\u00e9e, inspir\u00e9 par la nature et la saisonnalit\u00e9\u00a0\u00bb<\/b>.<\/p>\n<p>\u00c0 la carte\u00a0? <b>Des douceurs cr\u00e9\u00e9es au rythme des saisons<\/b> \u2013 \u00ab\u00a0et m\u00eame des micro-saisons\u00a0\u00bb nous dit-on \u2013 avec des produits de qualit\u00e9. Pour compl\u00e9ter l\u2019offre d\u00e9j\u00e0 gourmande\u00a0: <b>des accords mets et boissons <\/b>(avec ou sans alcool) pour \u00ab\u00a0sublimer chaque cr\u00e9ation, offrant ainsi une exp\u00e9rience sensorielle totale\u00a0\u00bb.<\/p>\n<p align=\"CENTER\"><b>Comptoir gastronomique des desserts<br \/><\/b>31 rue du Vieux-march\u00e9-aux-Poissons \u00e0 Strasbourg<br \/>Du mardi au vendredi de 9h \u00e0 19h\u00a0; samedi de 8h \u00e0 18h<br \/><a href=\"https:\/\/nicolasmulton.com\/\" target=\"_blank\" rel=\"noopener nofollow\">+ d\u2019infos<\/a><\/p>\n<p align=\"LEFT\">Pour acc\u00e9der au centre sans s\u2019encombrer de sa voiture, on a l\u2019option bicyclette, pour profiter encore un peu avant le retour des temp\u00e9ratures frisquettes.<\/p>\n<p>    <img width=\"800\" height=\"533\" src=\"https:\/\/www.europesays.com\/fr\/wp-content\/uploads\/2025\/10\/france-strasbourg-ete-wr-21-sur-113-800x533.jpg\" class=\"attachment-image-size-L size-image-size-L\" alt=\"v\u00e9los, place Kl\u00e9ber en \u00e9t\u00e9\" decoding=\"async\" loading=\"lazy\"  \/>         \u00a9 Wilfried Rion \/ Pokaa <\/p>\n<p>Et si l\u2019on vient de plus loin (et qu\u2019on ne prend pas le train), on pense \u00e0 <b>l\u2019offre de parking-relais tram (P+R)<\/b>, ou aux <b>parkings place Gutenberg, Austerlitz <\/b>et les nombreux arr\u00eats de tram \u00e0 proximit\u00e9.<\/p>\n<p><strong>Bon plan<\/strong> <strong>: jusqu\u2019au 15 novembre 2025, les parkings-relais de Strasbourg sont d\u2019ailleurs gratuits tous les samedis. <\/strong>Seule condition : faire au moins 20\u20ac d\u2019achat dans les commerces du centre-ville.<\/p>\n<p>                <a href=\"https:\/\/pokaa.fr\/2025\/07\/01\/bon-plan-a-strasbourg-jusquen-novembre-les-11-parkings-relais-sont-gratuits-les-samedis\/\" rel=\"nofollow noopener\" target=\"_blank\"><br \/>\n                    <img width=\"450\" height=\"270\" src=\"https:\/\/www.europesays.com\/fr\/wp-content\/uploads\/2025\/07\/img-0135-copie-2-450x270.jpg\" class=\"attachment-card-horizontal--same-subject size-card-horizontal--same-subject wp-post-image\" alt=\"parking relais voiture\" decoding=\"async\" loading=\"lazy\"\/>                <\/a><\/p>\n","protected":false},"excerpt":{"rendered":"La douceur de l\u2019automne, les vacances de la Toussaint, et Halloween qui s\u2019affiche dans les vitrines\u2026 S\u2019il ne&hellip;\n","protected":false},"author":2,"featured_media":478050,"comment_status":"","ping_status":"","sticky":false,"template":"","format":"standard","meta":{"footnotes":""},"categories":[2820],"tags":[1111,11,11898,1777,674,652,1011,27,1661,775,326,60156,12,25,640,10919,2528,4064],"class_list":{"0":"post-478049","1":"post","2":"type-post","3":"status-publish","4":"format-standard","5":"has-post-thumbnail","7":"category-strasbourg","8":"tag-actu","9":"tag-actualites","10":"tag-centre-ville","11":"tag-eu","12":"tag-europe","13":"tag-famille","14":"tag-fr","15":"tag-france","16":"tag-gastronomie","17":"tag-grand-est","18":"tag-gratuit","19":"tag-gutenberg","20":"tag-news","21":"tag-republique-francaise","22":"tag-strasbourg","23":"tag-toussaint","24":"tag-vacances","25":"tag-week-end"},"share_on_mastodon":{"url":"https:\/\/pubeurope.com\/@fr\/115408838845175381","error":""},"_links":{"self":[{"href":"https:\/\/www.europesays.com\/fr\/wp-json\/wp\/v2\/posts\/478049","targetHints":{"allow":["GET"]}}],"collection":[{"href":"https:\/\/www.europesays.com\/fr\/wp-json\/wp\/v2\/posts"}],"about":[{"href":"https:\/\/www.europesays.com\/fr\/wp-json\/wp\/v2\/types\/post"}],"author":[{"embeddable":true,"href":"https:\/\/www.europesays.com\/fr\/wp-json\/wp\/v2\/users\/2"}],"replies":[{"embeddable":true,"href":"https:\/\/www.europesays.com\/fr\/wp-json\/wp\/v2\/comments?post=478049"}],"version-history":[{"count":0,"href":"https:\/\/www.europesays.com\/fr\/wp-json\/wp\/v2\/posts\/478049\/revisions"}],"wp:featuredmedia":[{"embeddable":true,"href":"https:\/\/www.europesays.com\/fr\/wp-json\/wp\/v2\/media\/478050"}],"wp:attachment":[{"href":"https:\/\/www.europesays.com\/fr\/wp-json\/wp\/v2\/media?parent=478049"}],"wp:term":[{"taxonomy":"category","embeddable":true,"href":"https:\/\/www.europesays.com\/fr\/wp-json\/wp\/v2\/categories?post=478049"},{"taxonomy":"post_tag","embeddable":true,"href":"https:\/\/www.europesays.com\/fr\/wp-json\/wp\/v2\/tags?post=478049"}],"curies":[{"name":"wp","href":"https:\/\/api.w.org\/{rel}","templated":true}]}}