{"id":478067,"date":"2025-10-20T22:34:12","date_gmt":"2025-10-20T22:34:12","guid":{"rendered":"https:\/\/www.europesays.com\/fr\/478067\/"},"modified":"2025-10-20T22:34:12","modified_gmt":"2025-10-20T22:34:12","slug":"un-dimanche-un-quartier-wazemmes-du-village-au-quartier-evenements","status":"publish","type":"post","link":"https:\/\/www.europesays.com\/fr\/478067\/","title":{"rendered":"Un dimanche, un quartier : Wazemmes, du village au quartier \/ \u00c9v\u00e9nements"},"content":{"rendered":"<p>\n                                                                        Le 11 janvier 2026<br \/>\n\t\t\t\t\t\t\t\t\t\t\tde 14h00 \u00e0 16h00\n\t\t\t\t\t                                        <\/p>\n<p class=\"subtitle\">\u00e0 <strong><br \/>\nAngle de la rue Nationale et de la place Philippe de Girard, entr\u00e9e droite du square Birdwood<\/strong><\/p>\n<p>Et si vous remontiez le temps \u00e0 Wazemmes ?<\/p>\n<p>            <img loading=\"lazy\" decoding=\"async\" src=\"\/var\/www\/storage\/images\/mediatheque\/mairie-de-lille\/images-openagenda\/un-dimanche-un-quartier-wazemmes-du-village-au-quartier3\/3873636-1-fre-FR\/Un-dimanche-un-quartier-Wazemmes-du-village-au-quartier_news_image_top.jpg\" width=\"779\" height=\"438\" alt=\"Un dimanche, un quartier : Wazemmes, du village au quartier\"\/><\/p>\n<p>\nLe nom \u00ab\u00a0Wazemmes\u00a0\u00bb apparait pour la premi\u00e8re fois en 1066. Son histoire ne date donc pas d&rsquo;hier ! Le quartier de que vous connaissez aujourd&rsquo;hui n&rsquo;a pas \u00e9t\u00e9 toujours ainsi.<br \/>De la commune rurale autonome au quartier industriel rattach\u00e9 \u00e0 la ville de Lille, toute son histoire vous sera cont\u00e9e lors de cette visite.<\/p>\n<p>        \t\t                            Infos pratiques<\/p>\n<p>                    Lieu<\/p>\n<p>\nAngle de la rue Nationale et de la place Philippe de Girard, entr\u00e9e droite du square Birdwood<\/p>\n<p>                    Adresse<\/p>\n<p>place Philippe de Girard, Lille<\/p>\n<p>                                                            Voir le plan<\/p>\n<p>\n                    PublicsDe 13 \u00e0 99 ans<\/p>\n","protected":false},"excerpt":{"rendered":"Le 11 janvier 2026 de 14h00 \u00e0 16h00 \u00e0 Angle de la rue Nationale et de la place&hellip;\n","protected":false},"author":2,"featured_media":478068,"comment_status":"","ping_status":"","sticky":false,"template":"","format":"standard","meta":{"footnotes":""},"categories":[2815],"tags":[1111,11,4763,1777,674,1011,27,811,1307,5415,12,25],"class_list":{"0":"post-478067","1":"post","2":"type-post","3":"status-publish","4":"format-standard","5":"has-post-thumbnail","7":"category-lille","8":"tag-actu","9":"tag-actualites","10":"tag-agenda","11":"tag-eu","12":"tag-europe","13":"tag-fr","14":"tag-france","15":"tag-hauts-de-france","16":"tag-lille","17":"tag-mairie","18":"tag-news","19":"tag-republique-francaise"},"share_on_mastodon":{"url":"https:\/\/pubeurope.com\/@fr\/115408881130953439","error":""},"_links":{"self":[{"href":"https:\/\/www.europesays.com\/fr\/wp-json\/wp\/v2\/posts\/478067","targetHints":{"allow":["GET"]}}],"collection":[{"href":"https:\/\/www.europesays.com\/fr\/wp-json\/wp\/v2\/posts"}],"about":[{"href":"https:\/\/www.europesays.com\/fr\/wp-json\/wp\/v2\/types\/post"}],"author":[{"embeddable":true,"href":"https:\/\/www.europesays.com\/fr\/wp-json\/wp\/v2\/users\/2"}],"replies":[{"embeddable":true,"href":"https:\/\/www.europesays.com\/fr\/wp-json\/wp\/v2\/comments?post=478067"}],"version-history":[{"count":0,"href":"https:\/\/www.europesays.com\/fr\/wp-json\/wp\/v2\/posts\/478067\/revisions"}],"wp:featuredmedia":[{"embeddable":true,"href":"https:\/\/www.europesays.com\/fr\/wp-json\/wp\/v2\/media\/478068"}],"wp:attachment":[{"href":"https:\/\/www.europesays.com\/fr\/wp-json\/wp\/v2\/media?parent=478067"}],"wp:term":[{"taxonomy":"category","embeddable":true,"href":"https:\/\/www.europesays.com\/fr\/wp-json\/wp\/v2\/categories?post=478067"},{"taxonomy":"post_tag","embeddable":true,"href":"https:\/\/www.europesays.com\/fr\/wp-json\/wp\/v2\/tags?post=478067"}],"curies":[{"name":"wp","href":"https:\/\/api.w.org\/{rel}","templated":true}]}}