{"id":478075,"date":"2025-10-20T22:38:20","date_gmt":"2025-10-20T22:38:20","guid":{"rendered":"https:\/\/www.europesays.com\/fr\/478075\/"},"modified":"2025-10-20T22:38:20","modified_gmt":"2025-10-20T22:38:20","slug":"apres-lincendie-mortel-la-gestion-de-limmeuble-en-question","status":"publish","type":"post","link":"https:\/\/www.europesays.com\/fr\/478075\/","title":{"rendered":"apr\u00e8s l\u2019incendie mortel, la gestion de l\u2019immeuble en question"},"content":{"rendered":"<p>\u00ab\u00a0C\u2019est toujours pareil, il faut attendre un drame pour qu\u2019on r\u00e9agisse. \u00bb Chrystel Clavelli habite le 5e\u00a0 \u00e9tage de l\u2019immeuble depuis 17 ans. Alors que les enqu\u00eateurs investissent les lieux de l\u2019incendie qui a fait quatre morts ce lundi matin dans le quartier de <a href=\"https:\/\/www.leprogres.fr\/p\/part-dieu-lyon\" target=\"_blank\" rel=\"noopener\">la Part-Dieu<\/a>, devant la presse, elle se fait la \u00ab\u00a0porte-parole\u00a0\u00bb de tous les habitants\u00a0: \u00ab\u00a0je me suis dit qu\u2019il fallait que je parle au nom de tous, parce que \u00e7a fait trop longtemps que \u00e7a dure. \u00bb La th\u00e9rapeute assure que \u00ab\u00a0les probl\u00e8mes ne datent pas d\u2019aujourd\u2019hui. Je ne peux m\u00eame pas vous dire tellement \u00e7a remonte. \u00bb<\/p>\n<p>Constern\u00e9e, elle d\u00e9peint un tableau bien maussade de la r\u00e9sidence, confront\u00e9e aux \u00ab\u00a0squats, \u00e0 ceux qui font du trafic, les souris, les punaises de lit, les probl\u00e8mes d\u2019eau chaude, les ascenseurs HS\u2026 La liste est longue\u00a0!\u00a0\u00bb, d\u00e9plore-t-elle, ajoutant\u00a0: \u00ab\u00a0on nous prend pour des cassos, donc ils ne font rien. \u00bb D\u2019apr\u00e8s nos informations, confirm\u00e9es par le bailleur, un appartement est&#8230;<\/p>\n","protected":false},"excerpt":{"rendered":"\u00ab\u00a0C\u2019est toujours pareil, il faut attendre un drame pour qu\u2019on r\u00e9agisse. \u00bb Chrystel Clavelli habite le 5e\u00a0 \u00e9tage&hellip;\n","protected":false},"author":2,"featured_media":478076,"comment_status":"","ping_status":"","sticky":false,"template":"","format":"standard","meta":{"footnotes":""},"categories":[1889],"tags":[1111,11,2430,2757,1777,674,274,107,1011,27,1310,1908,2428,2756,12,25,2429,3151,104],"class_list":{"0":"post-478075","1":"post","2":"type-post","3":"status-publish","4":"format-standard","5":"has-post-thumbnail","7":"category-lyon","8":"tag-actu","9":"tag-actualites","10":"tag-auvergne-rhone-alpes","11":"tag-edition-lyon-villeurbanne","12":"tag-eu","13":"tag-europe","14":"tag-faits-divers-justice","15":"tag-fil-info","16":"tag-fr","17":"tag-france","18":"tag-incendie","19":"tag-logement","20":"tag-lyon","21":"tag-lyon-bassin","22":"tag-news","23":"tag-republique-francaise","24":"tag-rhone","25":"tag-selection-de-la-redaction-69","26":"tag-societe"},"share_on_mastodon":{"url":"https:\/\/pubeurope.com\/@fr\/115408896167315993","error":""},"_links":{"self":[{"href":"https:\/\/www.europesays.com\/fr\/wp-json\/wp\/v2\/posts\/478075","targetHints":{"allow":["GET"]}}],"collection":[{"href":"https:\/\/www.europesays.com\/fr\/wp-json\/wp\/v2\/posts"}],"about":[{"href":"https:\/\/www.europesays.com\/fr\/wp-json\/wp\/v2\/types\/post"}],"author":[{"embeddable":true,"href":"https:\/\/www.europesays.com\/fr\/wp-json\/wp\/v2\/users\/2"}],"replies":[{"embeddable":true,"href":"https:\/\/www.europesays.com\/fr\/wp-json\/wp\/v2\/comments?post=478075"}],"version-history":[{"count":0,"href":"https:\/\/www.europesays.com\/fr\/wp-json\/wp\/v2\/posts\/478075\/revisions"}],"wp:featuredmedia":[{"embeddable":true,"href":"https:\/\/www.europesays.com\/fr\/wp-json\/wp\/v2\/media\/478076"}],"wp:attachment":[{"href":"https:\/\/www.europesays.com\/fr\/wp-json\/wp\/v2\/media?parent=478075"}],"wp:term":[{"taxonomy":"category","embeddable":true,"href":"https:\/\/www.europesays.com\/fr\/wp-json\/wp\/v2\/categories?post=478075"},{"taxonomy":"post_tag","embeddable":true,"href":"https:\/\/www.europesays.com\/fr\/wp-json\/wp\/v2\/tags?post=478075"}],"curies":[{"name":"wp","href":"https:\/\/api.w.org\/{rel}","templated":true}]}}