{"id":478077,"date":"2025-10-20T22:40:33","date_gmt":"2025-10-20T22:40:33","guid":{"rendered":"https:\/\/www.europesays.com\/fr\/478077\/"},"modified":"2025-10-20T22:40:33","modified_gmt":"2025-10-20T22:40:33","slug":"que-faire-a-paris-et-en-ile-de-france-cette-semaine-la-maison-hantee-pour-feter-halloween","status":"publish","type":"post","link":"https:\/\/www.europesays.com\/fr\/478077\/","title":{"rendered":"Que faire \u00e0 Paris (et en \u00cele-de-France) cette semaine ? \u00ab\u00a0La maison hant\u00e9e\u00a0\u00bb pour f\u00eater Halloween"},"content":{"rendered":"<p class=\"article__intro\">Chaque semaine, Jean-Laurent Serra fait pour vous le tour des salles parisiennes et compile les meilleurs spectacles du moment. De quoi occuper les vacances scolaires. <\/p>\n<p>\n      L\u2019actu des r\u00e9gions\n    <\/p>\n<p>\n      Chaque jour, un tour d\u2019horizon des principales infos de toutes les r\u00e9gions.\n    <\/p>\n<p>    France T\u00e9l\u00e9visions utilise votre adresse e-mail afin de vous envoyer la newsletter \u00ab\u00a0L\u2019actu des r\u00e9gions\u00a0\u00bb. Vous pouvez vous d\u00e9sinscrire \u00e0 tout moment via le lien en bas de cette newsletter. <a target=\"_blank\" href=\"https:\/\/www.francetelevisions.fr\/groupe\/confidentialite\/politique-de-confidentialite\/politique-de-confidentialite-de-france-televisions-6503\" rel=\"nofollow noopener\">Notre politique de confidentialit\u00e9<\/a><\/p>\n<p>Apr\u00e8s m\u00e9nopause, le succ\u00e8s de l\u2019auteur et metteur en sc\u00e8ne Alex Goude sur les probl\u00e8mes hormonaux chez la femme, il revient au Grand-Point-Virgule avec son pendant masculin \u201cTout va m\u00e2le\u201d. Une com\u00e9die musicale d\u00e9cal\u00e9e sur les coups de mous qui affectent les hommes et leurs probl\u00e8mes de libido.<\/p>\n<p><a data-article-figure=\"\" href=\"https:\/\/france3-regions.franceinfo.fr\/image\/gQbSltczd7eGrxPdFFkWWu7TvzY\/6240x4160\/regions\/2025\/10\/20\/000-33av8mz-68f62c13ba6b8638481297.jpg\" data-pswp-width=\"6240\" data-pswp-height=\"4160\" target=\"_blank\" rel=\"nofollow noopener\"><\/p>\n<p>          <img width=\"600\" height=\"400\" class=\"article-image lazy\" data-src=\"https:\/\/www.europesays.com\/fr\/wp-content\/uploads\/2025\/10\/000-33av8mz-68f62c13ba6b8638481297.jpg\" alt=\"Alex Goude \u00e0 La Cigale \" fetchpriority=\"high\" as=\"image\"\/><\/p>\n<p>\n            Alex Goude \u00e0 La Cigale<br \/>\n                           \u2022<br \/>\n                                      \u00a9 EMMANUEL DUNAND \/ AFP\n                      <\/p>\n<p><\/a><\/p>\n<p>Dans le r\u00f4le de la sexoth\u00e9rapeute, la com\u00e9dienne et chanteuse Laura Masci joue la coach sexuelle de trois\u00a0hommes, de trois g\u00e9n\u00e9rations diff\u00e9rentes, mais avec les m\u00eames maux et les m\u00eames coups de mous ! De Sheila\u00a0\u00e0 Mil\u00e8ne Farmer en passant par Whitney Houston, le spectacle d\u00e9tourne\u00a0des tubes du r\u00e9pertoire de la pop et du rock, en changeant les paroles avec humour et philosophie.<\/p>\n<p>Apr\u00e8s plus de quarante ans de spectacles \u00e9questres, Bartabas \u00e9tonne et surprend son public avec l\u2019adaptation de son livre de po\u00e9sie \u201cLes cantiques du corbeau\u201d en spectacle. \u00c9crite pendant le covid, cette r\u00e9flexion, sur la naissance de l\u2019humanit\u00e9 et le rapport de l\u2019homme avec les animaux, interpelle et questionne : Quelle place prend\u00a0l\u2019homme parmi les vivants ? Une dizaine de com\u00e9diens et conteurs racontent cette po\u00e9sie qui nous plonge dans la cruaut\u00e9 du r\u00e8gne animal.<\/p>\n<p>Apr\u00e8s chaque sayn\u00e8te, un orchestre balinais rentre en musique et sur la piste se d\u00e9voilent des images de danseuses, de c\u00e9r\u00e9moniales et parfois, un tableau fugace de cheval. Le parti pris g\u00e9n\u00e9ral d\u2019un spectacle sans chevaux ou presque, est un peu radical pour celles et ceux que le th\u00e9\u00e2tre Zingaro berce depuis plus de quarante ans. Bartabas assume ses choix, en\u00a0une phrase : \u201c\u00c7a fait quarante ans qu\u2019avec le th\u00e9\u00e2tre Zingaro, je tourne en rond sur la piste avec mes chevaux ! \u00c7a risque effectivement de surprendre\u201d.<\/p>\n<p>Le spectacle \u201cLa Maison hant\u00e9e\u201d reprend les codes du train fant\u00f4me en transformant le Palais des Glaces en temple d\u00e9di\u00e9 \u00e0 l\u2019humour et aux frayeurs \u201cfeel good\u201d. Con\u00e7ue comme une com\u00e9die musicale avec une troupe, d\u2019une dizaine de com\u00e9diens, chanteurs et danseurs, le spectacle s\u2019adresse aux familles et aux enfants.<\/p>\n<p>\u00ab\u00a0La Maison hant\u00e9e\u00a0\u00bb raconte l&rsquo;histoire d\u2019une famille qui d\u00e9couvre sa nouvelle maison habit\u00e9e par d\u2019\u00e9tranges fant\u00f4mes, dr\u00f4les et finalement peu effrayants. Une belle sortie en famille, pour f\u00eater les vacances, \u00e0 l\u2019approche d\u2019Halloween.<\/p>\n<p>Retrouvez \u00ab\u00a0Un Soir \u00e0 Paris\u00a0\u00bb, pr\u00e9sent\u00e9 par Jean-Laurent Serra, tous les vendredis dans ICI 19\/20 ou sur <a href=\"https:\/\/www.france.tv\/france-3\/paris-ile-de-france\/ici-19-20-un-soir-a-paris\/\" target=\"_blank\" rel=\"noopener noreferrer nofollow\" data-tooltip-url=\"https:\/\/www.france.tv\/france-3\/paris-ile-de-france\/ici-19-20-un-soir-a-paris\/\">france.tv\/idf<\/a><\/p>\n","protected":false},"excerpt":{"rendered":"Chaque semaine, Jean-Laurent Serra fait pour vous le tour des salles parisiennes et compile les meilleurs spectacles du&hellip;\n","protected":false},"author":2,"featured_media":478078,"comment_status":"","ping_status":"","sticky":false,"template":"","format":"standard","meta":{"footnotes":""},"categories":[1592],"tags":[1111,11,1777,674,1011,27,662,12,626,25],"class_list":{"0":"post-478077","1":"post","2":"type-post","3":"status-publish","4":"format-standard","5":"has-post-thumbnail","7":"category-ile-de-france","8":"tag-actu","9":"tag-actualites","10":"tag-eu","11":"tag-europe","12":"tag-fr","13":"tag-france","14":"tag-ile-de-france","15":"tag-news","16":"tag-paris","17":"tag-republique-francaise"},"share_on_mastodon":{"url":"https:\/\/pubeurope.com\/@fr\/115408904186993972","error":""},"_links":{"self":[{"href":"https:\/\/www.europesays.com\/fr\/wp-json\/wp\/v2\/posts\/478077","targetHints":{"allow":["GET"]}}],"collection":[{"href":"https:\/\/www.europesays.com\/fr\/wp-json\/wp\/v2\/posts"}],"about":[{"href":"https:\/\/www.europesays.com\/fr\/wp-json\/wp\/v2\/types\/post"}],"author":[{"embeddable":true,"href":"https:\/\/www.europesays.com\/fr\/wp-json\/wp\/v2\/users\/2"}],"replies":[{"embeddable":true,"href":"https:\/\/www.europesays.com\/fr\/wp-json\/wp\/v2\/comments?post=478077"}],"version-history":[{"count":0,"href":"https:\/\/www.europesays.com\/fr\/wp-json\/wp\/v2\/posts\/478077\/revisions"}],"wp:featuredmedia":[{"embeddable":true,"href":"https:\/\/www.europesays.com\/fr\/wp-json\/wp\/v2\/media\/478078"}],"wp:attachment":[{"href":"https:\/\/www.europesays.com\/fr\/wp-json\/wp\/v2\/media?parent=478077"}],"wp:term":[{"taxonomy":"category","embeddable":true,"href":"https:\/\/www.europesays.com\/fr\/wp-json\/wp\/v2\/categories?post=478077"},{"taxonomy":"post_tag","embeddable":true,"href":"https:\/\/www.europesays.com\/fr\/wp-json\/wp\/v2\/tags?post=478077"}],"curies":[{"name":"wp","href":"https:\/\/api.w.org\/{rel}","templated":true}]}}