{"id":478081,"date":"2025-10-20T22:42:11","date_gmt":"2025-10-20T22:42:11","guid":{"rendered":"https:\/\/www.europesays.com\/fr\/478081\/"},"modified":"2025-10-20T22:42:11","modified_gmt":"2025-10-20T22:42:11","slug":"jeunes-talents-paris-packaging-week-devoile-les-future-leaders-2026","status":"publish","type":"post","link":"https:\/\/www.europesays.com\/fr\/478081\/","title":{"rendered":"Jeunes talents\u00a0: Paris Packaging Week d\u00e9voile les Future Leaders 2026"},"content":{"rendered":"<p><a href=\"https:\/\/www.premiumbeautynews.com\/fr\/paris-packaging-week-cinq,25327\" rel=\"nofollow noopener\" target=\"_blank\">L\u2019\u00e9v\u00e9nement packaging du d\u00e9but d\u2019ann\u00e9e \u00e0 Paris<\/a> a d\u00e9voil\u00e9 sa s\u00e9lection 2026 de son <a href=\"https:\/\/www.premiumbeautynews.com\/fr\/paris-packaging-week-lance-la-3e,25829\" rel=\"nofollow noopener\" target=\"_blank\">programme <strong>Future Leaders<\/strong><\/a>, qui met en lumi\u00e8re <strong>dix jeunes professionnels<\/strong> internationaux porteurs d\u2019une vision audacieuse et responsable du packaging de demain\u00a0[<a href=\"http:\/\/www.premiumbeautynews.com\/fr\/jeunes-talents-paris-packaging,26505#nb1\" class=\"spip_note\" rel=\"appendix nofollow noopener\" title=\"La s\u00e9lection a \u00e9t\u00e9 effectu\u00e9e par un jury d\u2019experts compos\u00e9 d\u2019Emmanuelle...\" id=\"nh1\" target=\"_blank\">1<\/a>]. S\u00e9lectionn\u00e9s pour leur cr\u00e9ativit\u00e9, leur curiosit\u00e9 et leur engagement, ces talents \u00e9mergents incarnent une g\u00e9n\u00e9ration qui fait \u00e9voluer l\u2019industrie gr\u00e2ce \u00e0 ses avanc\u00e9es en mati\u00e8re de durabilit\u00e9, de design et d\u2019innovation produit.<\/p>\n<p>De l\u2019IA aux mat\u00e9riaux biosourc\u00e9s\u00a0: des talents venus du monde entier<\/p>\n<p>Bas\u00e9e sur le succ\u00e8s des pr\u00e9c\u00e9dentes \u00e9ditions, la promotion 2026 r\u00e9unit des talents aux profils, exp\u00e9riences et comp\u00e9tences divers, tous anim\u00e9s par la m\u00eame ambition\u00a0: <strong>construire un futur plus durable et cr\u00e9atif pour l\u2019industrie du packaging.<\/strong><\/p>\n<p>La promotion Future Leaders 2026 rassemble des talents venus de France, Hongrie, Royaume-Uni et \u00c9tats-Unis, soulignant le rayonnement international de la Paris Packaging Week comme \u00e9v\u00e9nement de r\u00e9f\u00e9rence pour l\u2019industrie du packaging.<\/p>\n<tr class=\"row_odd odd\">\n<td>\n<p><strong>Les Future Leaders 2026 sont\u00a0:<\/strong><br class=\"autobr\"\/><\/p>\n<p><strong>Thomas Bernad, France<\/strong> &#8211; Fondateur, Aerosolution<br class=\"autobr\"\/><br \/>\n<strong>Anthony Bouvier, France<\/strong> &#8211; Chef de produit junior et doctorant en marketing, Hyl\u00e9ance<br class=\"autobr\"\/><br \/>\n<strong>Charles Bradley, Royaume-Uni<\/strong> &#8211; Doctorant, Brunel University London<br class=\"autobr\"\/><br \/>\n<strong>Hugo Chardonneau, France<\/strong> &#8211; Chef de projet am\u00e9lioration continue et responsable technique, R\u00e9my Martin<br class=\"autobr\"\/><br \/>\n<strong>Danielle Goad, Royaume-Uni<\/strong> &#8211; Directrice EMEA, Specright<br class=\"autobr\"\/><br \/>\n<strong>Amela Kusuran, France<\/strong> &#8211; Cheffe de projet R&amp;D, Watch4Green<br class=\"autobr\"\/><br \/>\n<strong>Thi Thanh Truc Phung, France<\/strong> &#8211; Ing\u00e9nieure de recherche (UMR PAM, Institut Agro Dijon) et cheffe de projet, NextFoodPack<br class=\"autobr\"\/><br \/>\n<strong>Nicole Toole, \u00c9tats-Unis<\/strong> &#8211; Fondatrice &amp; CEO, ECGO<br class=\"autobr\"\/><br \/>\n<strong>Helen Yang, \u00c9tats-Unis<\/strong> \u2013 Fondatrice &amp; CEO, Clement Packaging<br class=\"autobr\"\/><br \/>\n<strong>Gergely Z\u00e1mb\u00f3, Hongrie<\/strong> \u2013 Directeur g\u00e9n\u00e9ral, Respray Solutions Kft.<\/p>\n<\/td>\n<\/tr>\n<p>La promotion 2026 illustre <strong>une g\u00e9n\u00e9ration de professionnels alliant expertise scientifique, cr\u00e9ativit\u00e9 et engagement environnemental<\/strong>. Leurs travaux refl\u00e8tent la diversit\u00e9 et la profondeur des comp\u00e9tences n\u00e9cessaires pour faire \u00e9voluer le packaging\u00a0: applications de recyclage bas\u00e9es sur l\u2019IA, syst\u00e8mes r\u00e9utilisables, d\u00e9veloppement de mat\u00e9riaux biosourc\u00e9s comme alternative aux plastiques rigides.<\/p>\n<p>Le programme inclut aussi des projets sur la transparence des donn\u00e9es, permettant aux marques de mieux mesurer et partager leurs performances en mati\u00e8re de durabilit\u00e9, ainsi que sur des innovations industrielles pour rendre la production plus circulaire et efficace, comme des syst\u00e8mes de pulv\u00e9risation \u00e0 air comprim\u00e9 pour les stations de recharge \u00e0 grande \u00e9chelle.<\/p>\n<p>Les Future Leaders seront mis \u00e0 l\u2019honneur lors de sessions d\u00e9di\u00e9es lors de la Paris Packaging Week 2026, au cours desquelles ils partageront leur vision des prochaines \u00e9tapes de l\u2019industrie.<\/p>\n<p>La <strong>Paris Packaging Week se tiendra les 5 et 6 f\u00e9vrier 2026 \u00e0 Paris Expo<\/strong>, Porte de Versailles, Hall 1.<\/p>\n","protected":false},"excerpt":{"rendered":"L\u2019\u00e9v\u00e9nement packaging du d\u00e9but d\u2019ann\u00e9e \u00e0 Paris a d\u00e9voil\u00e9 sa s\u00e9lection 2026 de son programme Future Leaders, qui&hellip;\n","protected":false},"author":2,"featured_media":478082,"comment_status":"","ping_status":"","sticky":false,"template":"","format":"standard","meta":{"footnotes":""},"categories":[1888],"tags":[1111,1928,11,1927,1777,674,1011,27,12,1926,626,1925,25],"class_list":{"0":"post-478081","1":"post","2":"type-post","3":"status-publish","4":"format-standard","5":"has-post-thumbnail","7":"category-paris","8":"tag-actu","9":"tag-actu-paris","10":"tag-actualites","11":"tag-actualites-paris","12":"tag-eu","13":"tag-europe","14":"tag-fr","15":"tag-france","16":"tag-news","17":"tag-news-paris","18":"tag-paris","19":"tag-paris-news","20":"tag-republique-francaise"},"share_on_mastodon":{"url":"https:\/\/pubeurope.com\/@fr\/115408912006477472","error":""},"_links":{"self":[{"href":"https:\/\/www.europesays.com\/fr\/wp-json\/wp\/v2\/posts\/478081","targetHints":{"allow":["GET"]}}],"collection":[{"href":"https:\/\/www.europesays.com\/fr\/wp-json\/wp\/v2\/posts"}],"about":[{"href":"https:\/\/www.europesays.com\/fr\/wp-json\/wp\/v2\/types\/post"}],"author":[{"embeddable":true,"href":"https:\/\/www.europesays.com\/fr\/wp-json\/wp\/v2\/users\/2"}],"replies":[{"embeddable":true,"href":"https:\/\/www.europesays.com\/fr\/wp-json\/wp\/v2\/comments?post=478081"}],"version-history":[{"count":0,"href":"https:\/\/www.europesays.com\/fr\/wp-json\/wp\/v2\/posts\/478081\/revisions"}],"wp:featuredmedia":[{"embeddable":true,"href":"https:\/\/www.europesays.com\/fr\/wp-json\/wp\/v2\/media\/478082"}],"wp:attachment":[{"href":"https:\/\/www.europesays.com\/fr\/wp-json\/wp\/v2\/media?parent=478081"}],"wp:term":[{"taxonomy":"category","embeddable":true,"href":"https:\/\/www.europesays.com\/fr\/wp-json\/wp\/v2\/categories?post=478081"},{"taxonomy":"post_tag","embeddable":true,"href":"https:\/\/www.europesays.com\/fr\/wp-json\/wp\/v2\/tags?post=478081"}],"curies":[{"name":"wp","href":"https:\/\/api.w.org\/{rel}","templated":true}]}}