{"id":478105,"date":"2025-10-20T22:56:13","date_gmt":"2025-10-20T22:56:13","guid":{"rendered":"https:\/\/www.europesays.com\/fr\/478105\/"},"modified":"2025-10-20T22:56:13","modified_gmt":"2025-10-20T22:56:13","slug":"les-favoris-simposent-logiquement-a-porticcio","status":"publish","type":"post","link":"https:\/\/www.europesays.com\/fr\/478105\/","title":{"rendered":"les favoris s&rsquo;imposent logiquement \u00e0 Porticcio"},"content":{"rendered":"<p>Jeff Exiga, membre du Rive Sud Volley-ball, club organisateur de la deuxi\u00e8me \u00e9dition de l&rsquo;Open de Porticcio, by la Corsica pouvait avoir le sourire ce dimanche soir. \u00ab\u00a0On s&rsquo;est r\u00e9gal\u00e9\u00a0! Il y a eu une ambiance magnifique durant toute la comp\u00e9tition. Cette infrastructure est vraiment fabuleuse et elle nous donne envie de mettre en place d&rsquo;autres projets. On va continuer \u00e0 faire grandir cette manifestation, doucement mais s\u00fbrement\u00a0\u00bb, a d\u00e9clar\u00e9 l&rsquo;ancien lib\u00e9ro international.<\/p>\n<p>Sur le terrain, le spectacle a \u00e9t\u00e9 intense et la qualit\u00e9 de jeu au rendez-vous, pour le plus grand bonheur des spectateurs. Cependant, il n&rsquo;y a pas eu de surprises au niveau des r\u00e9sultats, malgr\u00e9 le joli parcours de quelques \u00e9quipes corses. Chez les messieurs, la paire compos\u00e9e d&rsquo;Olivier Barthelemy et de Lucas Maginois s&rsquo;est finalement impos\u00e9e. La hi\u00e9rarchie a \u00e9galement \u00e9t\u00e9 respect\u00e9e chez les f\u00e9minines avec la victoire logique de l&rsquo;\u00e9quipe d&rsquo;Elsa Descamps et Naty Molinos.<\/p>\n<p>\u00ab\u00a0Cela a \u00e9t\u00e9 une tr\u00e8s belle deuxi\u00e8me \u00e9dition. Nous avons d\u00e9j\u00e0 beaucoup d&rsquo;id\u00e9es pour 2026. Nous allons sans doute incorporer un tournoi de jeunes afin de faire participer un maximum de joueurs insulaires en devenir\u00a0\u00bb, a d\u00e9j\u00e0 lanc\u00e9 Jeff Exiga qui a promis des nouveaut\u00e9s. La date, elle, ne devrait pas changer, le rendez-vous est donc pris aux prochaines vacances de la Toussaint.<\/p>\n","protected":false},"excerpt":{"rendered":"Jeff Exiga, membre du Rive Sud Volley-ball, club organisateur de la deuxi\u00e8me \u00e9dition de l&rsquo;Open de Porticcio, by&hellip;\n","protected":false},"author":2,"featured_media":478106,"comment_status":"","ping_status":"","sticky":false,"template":"","format":"standard","meta":{"footnotes":""},"categories":[1417],"tags":[17,27306,18920,1011,27,151,39221,38191,32377,60,1470,1469],"class_list":{"0":"post-478105","1":"post","2":"type-post","3":"status-publish","4":"format-standard","5":"has-post-thumbnail","7":"category-volley","8":"tag-17","9":"tag-beach-volley","10":"tag-favoris","11":"tag-fr","12":"tag-france","13":"tag-les","14":"tag-logiquement","15":"tag-porticcio","16":"tag-simposent","17":"tag-sports","18":"tag-volley","19":"tag-volleyball"},"share_on_mastodon":{"url":"https:\/\/pubeurope.com\/@fr\/115408967045404093","error":""},"_links":{"self":[{"href":"https:\/\/www.europesays.com\/fr\/wp-json\/wp\/v2\/posts\/478105","targetHints":{"allow":["GET"]}}],"collection":[{"href":"https:\/\/www.europesays.com\/fr\/wp-json\/wp\/v2\/posts"}],"about":[{"href":"https:\/\/www.europesays.com\/fr\/wp-json\/wp\/v2\/types\/post"}],"author":[{"embeddable":true,"href":"https:\/\/www.europesays.com\/fr\/wp-json\/wp\/v2\/users\/2"}],"replies":[{"embeddable":true,"href":"https:\/\/www.europesays.com\/fr\/wp-json\/wp\/v2\/comments?post=478105"}],"version-history":[{"count":0,"href":"https:\/\/www.europesays.com\/fr\/wp-json\/wp\/v2\/posts\/478105\/revisions"}],"wp:featuredmedia":[{"embeddable":true,"href":"https:\/\/www.europesays.com\/fr\/wp-json\/wp\/v2\/media\/478106"}],"wp:attachment":[{"href":"https:\/\/www.europesays.com\/fr\/wp-json\/wp\/v2\/media?parent=478105"}],"wp:term":[{"taxonomy":"category","embeddable":true,"href":"https:\/\/www.europesays.com\/fr\/wp-json\/wp\/v2\/categories?post=478105"},{"taxonomy":"post_tag","embeddable":true,"href":"https:\/\/www.europesays.com\/fr\/wp-json\/wp\/v2\/tags?post=478105"}],"curies":[{"name":"wp","href":"https:\/\/api.w.org\/{rel}","templated":true}]}}