{"id":478109,"date":"2025-10-20T22:58:11","date_gmt":"2025-10-20T22:58:11","guid":{"rendered":"https:\/\/www.europesays.com\/fr\/478109\/"},"modified":"2025-10-20T22:58:11","modified_gmt":"2025-10-20T22:58:11","slug":"lois-boisson-numero-1-francaise-met-un-terme-a-sa-saison","status":"publish","type":"post","link":"https:\/\/www.europesays.com\/fr\/478109\/","title":{"rendered":"Lo\u00efs Boisson, num\u00e9ro 1 fran\u00e7aise, met un terme \u00e0 sa saison"},"content":{"rendered":"<p>\n    La tenniswoman, 37e mondiale, s\u2019est bless\u00e9e \u00e0 la cuisse gauche lors du tournoi WTA 1000 de P\u00e9kin fin septembre et n\u2019a plus jou\u00e9 depuis.<\/p>\n<p class=\"fig-paragraph\">On ne la verra plus sur les courts de tennis pendant quelque temps. La num\u00e9ro 1 fran\u00e7aise\u00a0<a href=\"https:\/\/www.lefigaro.fr\/tag\/lois-boisson\" target=\"_blank\" rel=\"sponsored noopener\" data-gtm-custom-categorie=\"navigation\" data-gtm-custom-action=\"crossclick\" data-gtm-custom-label=\"Contextuel\" data-gtm-event=\"customEventSPE\">Lo\u00efs Boisson<\/a>\u00a0a annonc\u00e9 lundi qu&rsquo;elle mettait un terme \u00e0 sa saison, insuffisamment remise d&rsquo;une blessure contract\u00e9e en septembre et avec l&rsquo;objectif de \u00abrevenir tr\u00e8s forte en 2026\u00bb.<\/p>\n<p class=\"fig-paragraph\">\u00abApr\u00e8s avoir \u00e9chang\u00e9 avec mon \u00e9quipe et staff m\u00e9dical, nous avons d\u00e9cid\u00e9 de mettre un terme \u00e0 ma saison 2025\u00bb, a-t-elle \u00e9crit sur son compte Instagram. \u00abJe vais prendre le temps de me reposer puis tr\u00e8s vite repartir \u00e0 l&rsquo;entra\u00eenement pour revenir plus forte en 2026\u00bb, a ajout\u00e9 la Dijonnaise.<\/p>\n<p>                                    <a class=\"fig-a11y-skip a11y-hidden\" href=\"#fig-a11y-skip-main-inarticle\"><br \/>\n        Passer la publicit\u00e9<br \/>\n    <\/a><\/p>\n<p>La r\u00e9v\u00e9lation de Roland-Garros<\/p>\n<p class=\"fig-paragraph\">Boisson, 37e mondiale, s&rsquo;\u00e9tait bless\u00e9e \u00e0 la cuisse gauche lors du tournoi WTA 1000 de P\u00e9kin fin septembre et n&rsquo;avait plus jou\u00e9 depuis. Elle devait s&rsquo;aligner au tournoi WTA 500 de Tokyo qui a d\u00e9but\u00e9 lundi.<\/p>\n<p class=\"fig-paragraph\">La Fran\u00e7aise de 22 ans, sp\u00e9cialiste de la terre battue, avait atteint \u00e0 la surprise g\u00e9n\u00e9rale les demi-finales de Roland-Garros au printemps, avant de remporter son premier titre du circuit WTA \u00e0 Hambourg en juillet.<\/p>\n<p class=\"fig-paragraph\">Sa saison sur dur avait ensuite \u00e9t\u00e9 \u00e9maill\u00e9e de blessures, m\u00eame si elle avait battu une t\u00eate de s\u00e9rie, la Russe Liudmila Samsonova, au deuxi\u00e8me tour \u00e0 P\u00e9kin avant de se blesser et d&rsquo;abandonner au tour suivant.<\/p>\n","protected":false},"excerpt":{"rendered":"La tenniswoman, 37e mondiale, s\u2019est bless\u00e9e \u00e0 la cuisse gauche lors du tournoi WTA 1000 de P\u00e9kin fin&hellip;\n","protected":false},"author":2,"featured_media":478110,"comment_status":"","ping_status":"","sticky":false,"template":"","format":"standard","meta":{"footnotes":""},"categories":[1415],"tags":[1011,27,10535,60,1467],"class_list":{"0":"post-478109","1":"post","2":"type-post","3":"status-publish","4":"format-standard","5":"has-post-thumbnail","7":"category-tennis","8":"tag-fr","9":"tag-france","10":"tag-lois-boisson","11":"tag-sports","12":"tag-tennis"},"share_on_mastodon":{"url":"https:\/\/pubeurope.com\/@fr\/115408974827357626","error":""},"_links":{"self":[{"href":"https:\/\/www.europesays.com\/fr\/wp-json\/wp\/v2\/posts\/478109","targetHints":{"allow":["GET"]}}],"collection":[{"href":"https:\/\/www.europesays.com\/fr\/wp-json\/wp\/v2\/posts"}],"about":[{"href":"https:\/\/www.europesays.com\/fr\/wp-json\/wp\/v2\/types\/post"}],"author":[{"embeddable":true,"href":"https:\/\/www.europesays.com\/fr\/wp-json\/wp\/v2\/users\/2"}],"replies":[{"embeddable":true,"href":"https:\/\/www.europesays.com\/fr\/wp-json\/wp\/v2\/comments?post=478109"}],"version-history":[{"count":0,"href":"https:\/\/www.europesays.com\/fr\/wp-json\/wp\/v2\/posts\/478109\/revisions"}],"wp:featuredmedia":[{"embeddable":true,"href":"https:\/\/www.europesays.com\/fr\/wp-json\/wp\/v2\/media\/478110"}],"wp:attachment":[{"href":"https:\/\/www.europesays.com\/fr\/wp-json\/wp\/v2\/media?parent=478109"}],"wp:term":[{"taxonomy":"category","embeddable":true,"href":"https:\/\/www.europesays.com\/fr\/wp-json\/wp\/v2\/categories?post=478109"},{"taxonomy":"post_tag","embeddable":true,"href":"https:\/\/www.europesays.com\/fr\/wp-json\/wp\/v2\/tags?post=478109"}],"curies":[{"name":"wp","href":"https:\/\/api.w.org\/{rel}","templated":true}]}}