{"id":47811,"date":"2025-04-23T23:48:13","date_gmt":"2025-04-23T23:48:13","guid":{"rendered":"https:\/\/www.europesays.com\/fr\/47811\/"},"modified":"2025-04-23T23:48:13","modified_gmt":"2025-04-23T23:48:13","slug":"usa-activite-economique-stable-recemment-mais-incertitude-repandue-fed-23-04-2025-a-2029","status":"publish","type":"post","link":"https:\/\/www.europesays.com\/fr\/47811\/","title":{"rendered":"USA-Activit\u00e9 \u00e9conomique stable r\u00e9cemment, mais incertitude r\u00e9pandue-Fed &#8211; 23\/04\/2025 \u00e0 20:29"},"content":{"rendered":"<p>\n Les prix aux Etats-Unis ont<br \/>\naugment\u00e9 tandis que l&rsquo;activit\u00e9 \u00e9conomique et le march\u00e9 du<br \/>\ntravail ont peu \u00e9volu\u00e9 depuis mars \u00e0 travers le pays, a d\u00e9clar\u00e9<br \/>\nla R\u00e9serve f\u00e9d\u00e9rale am\u00e9ricaine (Fed) dans un rapport publi\u00e9<br \/>\nmercredi, lequel donne un aper\u00e7u des premi\u00e8res r\u00e9percussions de<br \/>\nla politique commerciale erratique du pr\u00e9sident am\u00e9ricain Donald<br \/>\nTrump.\n<\/p>\n<p>\n Dans son \u00ab\u00a0livre beige\u00a0\u00bb, la Fed note que \u00ab\u00a0l&rsquo;incertitude<br \/>\nautour des politiques commerciales internationales \u00e9tait<br \/>\nr\u00e9pandue\u00a0\u00bb dans les informations remont\u00e9es par les districts.\n<\/p>\n<p>\n \u00ab\u00a0Les perspectives dans plusieurs districts ont<br \/>\nconsid\u00e9rablement empir\u00e9 alors que l&rsquo;incertitude \u00e9conomique, en<br \/>\nparticulier \u00e0 propos des droits de douane, a augment\u00e9\u00a0\u00bb, a ajout\u00e9<br \/>\nla banque centrale am\u00e9ricaine.\n<\/p>\n<p>\n Ce rapport de la Fed sur la situation \u00e9conomique \u00e9tait<br \/>\nd&rsquo;autant plus attendu qu&rsquo;il est bas\u00e9 sur des informations<br \/>\ncollect\u00e9es jusqu&rsquo;au 14 avril, incluant donc une p\u00e9riode durant<br \/>\nlaquelle une rapide escalade des tensions commerciales a eu<br \/>\nlieu.\n<\/p>\n<p>\n Le patron de la banque centrale am\u00e9ricaine, Jerome Powell, a<br \/>\nsoulign\u00e9 par le pass\u00e9 que d\u00e9terminer l&rsquo;impact des nouveaux<br \/>\ndroits de douane \u00e9tait primordial pour d\u00e9cider de quelconques<br \/>\nchangements dans la politique mon\u00e9taire de l&rsquo;institution.\n<\/p>\n<p>\n Jerome Powell et d&rsquo;autres responsables de la Fed disent<br \/>\ns&rsquo;attendre \u00e0 ce que les guerres commerciales provoquent \u00e0 la<br \/>\nfois une hausse de l&rsquo;inflation et un ralentissement de la<br \/>\ncroissance \u00e9conomique &#8211; une situation qui rend<br \/>\ntraditionnellement les d\u00e9cisions de la Fed plus complexes.\n<\/p>\n<p>\n Les march\u00e9s financiers anticipent que la banque centrale<br \/>\nam\u00e9ricaine proc\u00e9dera en juin \u00e0 sa premi\u00e8re baisse des taux cette<br \/>\nann\u00e9e. La prochaine r\u00e9union de la Fed est pr\u00e9vue les 6 et 7 mai.\n<\/p>\n<p>\n (Ann Saphir; version fran\u00e7aise Jean Terzian)<\/p>\n","protected":false},"excerpt":{"rendered":"Les prix aux Etats-Unis ont augment\u00e9 tandis que l&rsquo;activit\u00e9 \u00e9conomique et le march\u00e9 du travail ont peu \u00e9volu\u00e9&hellip;\n","protected":false},"author":2,"featured_media":2486,"comment_status":"","ping_status":"","sticky":false,"template":"","format":"standard","meta":{"footnotes":""},"categories":[1589],"tags":[400,11,398,408,405,73,1866,403,402,399,404,12,401,406,1864,1865,1863,308,407],"class_list":{"0":"post-47811","1":"post","2":"type-post","3":"status-publish","4":"format-standard","5":"has-post-thumbnail","7":"category-etats-unis","8":"tag-action-cac-40","9":"tag-actualites","10":"tag-bourse-de-paris","11":"tag-boursorama","12":"tag-cotations","13":"tag-etats-unis","14":"tag-etats-unis-damerique","15":"tag-indices-devises","16":"tag-investir","17":"tag-investissement","18":"tag-marche-boursier","19":"tag-news","20":"tag-sicav","21":"tag-trackers","22":"tag-united-states","23":"tag-united-states-of-america","24":"tag-us","25":"tag-usa","26":"tag-warrants"},"share_on_mastodon":{"url":"https:\/\/pubeurope.com\/@fr\/114389955739815110","error":""},"_links":{"self":[{"href":"https:\/\/www.europesays.com\/fr\/wp-json\/wp\/v2\/posts\/47811","targetHints":{"allow":["GET"]}}],"collection":[{"href":"https:\/\/www.europesays.com\/fr\/wp-json\/wp\/v2\/posts"}],"about":[{"href":"https:\/\/www.europesays.com\/fr\/wp-json\/wp\/v2\/types\/post"}],"author":[{"embeddable":true,"href":"https:\/\/www.europesays.com\/fr\/wp-json\/wp\/v2\/users\/2"}],"replies":[{"embeddable":true,"href":"https:\/\/www.europesays.com\/fr\/wp-json\/wp\/v2\/comments?post=47811"}],"version-history":[{"count":0,"href":"https:\/\/www.europesays.com\/fr\/wp-json\/wp\/v2\/posts\/47811\/revisions"}],"wp:featuredmedia":[{"embeddable":true,"href":"https:\/\/www.europesays.com\/fr\/wp-json\/wp\/v2\/media\/2486"}],"wp:attachment":[{"href":"https:\/\/www.europesays.com\/fr\/wp-json\/wp\/v2\/media?parent=47811"}],"wp:term":[{"taxonomy":"category","embeddable":true,"href":"https:\/\/www.europesays.com\/fr\/wp-json\/wp\/v2\/categories?post=47811"},{"taxonomy":"post_tag","embeddable":true,"href":"https:\/\/www.europesays.com\/fr\/wp-json\/wp\/v2\/tags?post=47811"}],"curies":[{"name":"wp","href":"https:\/\/api.w.org\/{rel}","templated":true}]}}