{"id":478113,"date":"2025-10-20T23:01:09","date_gmt":"2025-10-20T23:01:09","guid":{"rendered":"https:\/\/www.europesays.com\/fr\/478113\/"},"modified":"2025-10-20T23:01:09","modified_gmt":"2025-10-20T23:01:09","slug":"usa-apple-tv-sera-diffuseur-des-grands-prix-de-f1","status":"publish","type":"post","link":"https:\/\/www.europesays.com\/fr\/478113\/","title":{"rendered":"USA : Apple TV sera diffuseur des Grands Prix de F1"},"content":{"rendered":"<p>Apple et Formula 1 ont conclu un partenariat exclusif de cinq ans qui fera d\u2019<a target=\"_blank\" rel=\"noopener nofollow\" href=\"https:\/\/fr.themedialeader.com\/etats-unis-amazon-et-apple-concluent-un-accord-pour-integrer-apple-tv-a-prime-video\/\">Apple TV<\/a> le diffuseur officiel des Grands Prix de F1 aux \u00c9tats-Unis \u00e0 partir de 2026.<\/p>\n<p>Toutes les s\u00e9ances (essais, qualifications, sprints et courses) seront propos\u00e9es aux abonn\u00e9s, et certaines seront disponibles gratuitement dans l\u2019application Apple TV.<br \/>Le service F1 TV Premium restera accessible via Apple TV, et Apple int\u00e9grera \u00e9galement des contenus li\u00e9s \u00e0 la F1 dans ses autres services (Apple News, Apple Music, Apple Sports, etc.).<\/p>\n<p>La croissance par le sport<\/p>\n<p>Ce partenariat s\u2019inscrit dans une strat\u00e9gie de croissance de la F1 sur le march\u00e9 am\u00e9ricain, o\u00f9 le sport compte d\u00e9j\u00e0 plus de 52 millions de fans. Parall\u00e8lement, le film F1 The Movie sera disponible en streaming sur Apple TV le 12 d\u00e9cembre 2025.<\/p>\n<p>Sorti en salles cet \u00e9t\u00e9, il a rapport\u00e9 plus de 629 millions de dollars au box-office mondial et est devenu non seulement le film sportif le plus rentable, mais aussi le long m\u00e9trage original ayant g\u00e9n\u00e9r\u00e9 le plus de recettes de l\u2019ann\u00e9e et la plus grosse sortie pour un film original d\u2019action en prises de vues r\u00e9elles aux \u00c9tats-Unis depuis cinq ans, d\u00e9taille le communiqu\u00e9 de presse d\u2019Apple.<\/p>\n","protected":false},"excerpt":{"rendered":"Apple et Formula 1 ont conclu un partenariat exclusif de cinq ans qui fera d\u2019Apple TV le diffuseur&hellip;\n","protected":false},"author":2,"featured_media":478114,"comment_status":"","ping_status":"","sticky":false,"template":"","format":"standard","meta":{"footnotes":""},"categories":[1412],"tags":[1451,1452,1453,1454,1455,1011,27,14,60],"class_list":{"0":"post-478113","1":"post","2":"type-post","3":"status-publish","4":"format-standard","5":"has-post-thumbnail","7":"category-f1","8":"tag-f1","9":"tag-formula-1","10":"tag-formula1","11":"tag-formule-1","12":"tag-formule1","13":"tag-fr","14":"tag-france","15":"tag-international","16":"tag-sports"},"share_on_mastodon":{"url":"https:\/\/pubeurope.com\/@fr\/115408986697719835","error":""},"_links":{"self":[{"href":"https:\/\/www.europesays.com\/fr\/wp-json\/wp\/v2\/posts\/478113","targetHints":{"allow":["GET"]}}],"collection":[{"href":"https:\/\/www.europesays.com\/fr\/wp-json\/wp\/v2\/posts"}],"about":[{"href":"https:\/\/www.europesays.com\/fr\/wp-json\/wp\/v2\/types\/post"}],"author":[{"embeddable":true,"href":"https:\/\/www.europesays.com\/fr\/wp-json\/wp\/v2\/users\/2"}],"replies":[{"embeddable":true,"href":"https:\/\/www.europesays.com\/fr\/wp-json\/wp\/v2\/comments?post=478113"}],"version-history":[{"count":0,"href":"https:\/\/www.europesays.com\/fr\/wp-json\/wp\/v2\/posts\/478113\/revisions"}],"wp:featuredmedia":[{"embeddable":true,"href":"https:\/\/www.europesays.com\/fr\/wp-json\/wp\/v2\/media\/478114"}],"wp:attachment":[{"href":"https:\/\/www.europesays.com\/fr\/wp-json\/wp\/v2\/media?parent=478113"}],"wp:term":[{"taxonomy":"category","embeddable":true,"href":"https:\/\/www.europesays.com\/fr\/wp-json\/wp\/v2\/categories?post=478113"},{"taxonomy":"post_tag","embeddable":true,"href":"https:\/\/www.europesays.com\/fr\/wp-json\/wp\/v2\/tags?post=478113"}],"curies":[{"name":"wp","href":"https:\/\/api.w.org\/{rel}","templated":true}]}}