{"id":478122,"date":"2025-10-20T23:06:24","date_gmt":"2025-10-20T23:06:24","guid":{"rendered":"https:\/\/www.europesays.com\/fr\/478122\/"},"modified":"2025-10-20T23:06:24","modified_gmt":"2025-10-20T23:06:24","slug":"a-carhaix-limaginaire-en-marche-avant-le-festival-du-livre","status":"publish","type":"post","link":"https:\/\/www.europesays.com\/fr\/478122\/","title":{"rendered":"\u00c0 Carhaix, l\u2019imaginaire en marche avant le Festival du livre"},"content":{"rendered":"<p>Le <a href=\"https:\/\/www.letelegramme.fr\/finistere\/carhaix-29270\/les-kabyles-ont-soif-de-partager-leur-culture-le-festival-du-livre-en-bretagne-revient-les-25-et-26-octobre-a-carhaix-6909692.php\" target=\"_blank\" rel=\"noopener\">Festival du livre en Bretagne,<\/a> organis\u00e9 les 25 et 26 octobre 2025, \u00e0 l\u2019Espace Glenmor \u00e0 Carhaix, s\u2019invite hors les murs. Premier arr\u00eat\u00a0: un atelier conte d\u00e9di\u00e9 aux enfants, pour faire voyager les imaginaires avant l\u2019ouverture de la manifestation. Ainsi les jeudi 9 et 16 octobre, Solange Cloarec, conteuse s\u2019est rendue \u00e0 l\u2019\u00e9cole primaire du Boulevard de la R\u00e9publique. \u00ab\u00a0Tous les \u00e9l\u00e8ves du CP au CM2 ont particip\u00e9 \u00e0 cet atelier de sensibilisation aux contes et histoires dont l\u2019objectif est de d\u00e9velopper l\u2019\u00e9coute et l\u2019imagination et de leur donner envie, \u00e0 leur tour, de raconter des histoires\u00a0\u00bb, explique la conteuse. L\u2019id\u00e9e de l\u2019atelier est aussi de permettre aux enfants de d\u00e9couvrir les traditions orales, d\u2019exprimer leur cr\u00e9ativit\u00e9 et d\u2019exp\u00e9rimenter la narration de mani\u00e8re ludique et interactive en fran\u00e7ais mais aussi en breton pour les deux classes bilingues de l\u2019\u00e9tablissement.<\/p>\n<p>Spectacles, cin\u00e9 lecture\u2026<\/p>\n<p>Cet atelier leur donnera aussi peut-\u00eatre l\u2019envie de se rendre au Festival du livre qui, comme chaque ann\u00e9e, proposera contes, jeux et animations pour \u00e9veiller l\u2019imaginaire et donner le go\u00fbt de la lecture d\u00e8s le plus jeune \u00e2ge. \u00c0 commencer par le spectacle \u00ab\u00a0Ti Konti-Konta-Tricot\u00e9es de contes\u00a0\u00bb, tiss\u00e9 \u00e0 deux voix en fran\u00e7ais et en breton par Solange Cloarec et C\u00e9line Gumuchian, le samedi 25 octobre, \u00e0 17\u00a0h, pour les enfants \u00e0 partir de trois ans. Une mise en bouche culturelle \u00e0 savourer en famille.<\/p>\n<p>Le dimanche 26 octobre, le jeune public pourra en effet assister \u00e0 un cin\u00e9 lecture, \u00e0 10\u00a0h\u00a030, au cin\u00e9ma Le Grand Bleu. La projection de \u00ab\u00a0Jack et Nancy, les plus belles histoires de Quentin Blake\u00a0\u00bb sera pr\u00e9c\u00e9d\u00e9e d\u2019une lecture par Magali Bouteiller-Chevance de la biblioth\u00e8que municipale de Carhaix. Dimanche toujours, Magali Delaygues et Ivan Le Saint inviteront les tout-petits \u00e0 un voyage musical \u00e0 la d\u00e9couverte du cycle du linge avec le spectacle \u00ab\u00a0Habits sales\u00a0\u00bb, \u00e0 15\u00a0h\u00a045. Une mise en bouche culturelle \u00e0 savourer en famille.<\/p>\n<p>Pratique<\/p>\n<p class=\"note\">Festival du livre en Bretagne, les samedi 25 et dimanche 26 octobre \u00e0 l\u2019espace Glenmor \u00e0 Carhaix. Entr\u00e9e libre.<\/p>\n","protected":false},"excerpt":{"rendered":"Le Festival du livre en Bretagne, organis\u00e9 les 25 et 26 octobre 2025, \u00e0 l\u2019Espace Glenmor \u00e0 Carhaix,&hellip;\n","protected":false},"author":2,"featured_media":478123,"comment_status":"","ping_status":"","sticky":false,"template":"","format":"standard","meta":{"footnotes":""},"categories":[1357],"tags":[1379,5934,251,58,59,1011,27,4075,1351,1380],"class_list":{"0":"post-478122","1":"post","2":"type-post","3":"status-publish","4":"format-standard","5":"has-post-thumbnail","7":"category-livres","8":"tag-books","9":"tag-carhaix-plouguer","10":"tag-culture","11":"tag-divertissement","12":"tag-entertainment","13":"tag-fr","14":"tag-france","15":"tag-jeunesse","16":"tag-litterature","17":"tag-livres"},"share_on_mastodon":{"url":"https:\/\/pubeurope.com\/@fr\/115409006377088720","error":""},"_links":{"self":[{"href":"https:\/\/www.europesays.com\/fr\/wp-json\/wp\/v2\/posts\/478122","targetHints":{"allow":["GET"]}}],"collection":[{"href":"https:\/\/www.europesays.com\/fr\/wp-json\/wp\/v2\/posts"}],"about":[{"href":"https:\/\/www.europesays.com\/fr\/wp-json\/wp\/v2\/types\/post"}],"author":[{"embeddable":true,"href":"https:\/\/www.europesays.com\/fr\/wp-json\/wp\/v2\/users\/2"}],"replies":[{"embeddable":true,"href":"https:\/\/www.europesays.com\/fr\/wp-json\/wp\/v2\/comments?post=478122"}],"version-history":[{"count":0,"href":"https:\/\/www.europesays.com\/fr\/wp-json\/wp\/v2\/posts\/478122\/revisions"}],"wp:featuredmedia":[{"embeddable":true,"href":"https:\/\/www.europesays.com\/fr\/wp-json\/wp\/v2\/media\/478123"}],"wp:attachment":[{"href":"https:\/\/www.europesays.com\/fr\/wp-json\/wp\/v2\/media?parent=478122"}],"wp:term":[{"taxonomy":"category","embeddable":true,"href":"https:\/\/www.europesays.com\/fr\/wp-json\/wp\/v2\/categories?post=478122"},{"taxonomy":"post_tag","embeddable":true,"href":"https:\/\/www.europesays.com\/fr\/wp-json\/wp\/v2\/tags?post=478122"}],"curies":[{"name":"wp","href":"https:\/\/api.w.org\/{rel}","templated":true}]}}