{"id":478126,"date":"2025-10-20T23:08:16","date_gmt":"2025-10-20T23:08:16","guid":{"rendered":"https:\/\/www.europesays.com\/fr\/478126\/"},"modified":"2025-10-20T23:08:16","modified_gmt":"2025-10-20T23:08:16","slug":"essayer-de-partager-son-ble-quand-on-en-a","status":"publish","type":"post","link":"https:\/\/www.europesays.com\/fr\/478126\/","title":{"rendered":"Essayer de partager son bl\u00e9 quand on en a\u2026"},"content":{"rendered":"<p>\n                De retour avec un nouvel album, le chanteur Benjamin Biolay multiplie les confidences. Pas adepte de la langue de bois, il a \u00e9voqu\u00e9 son statut de privil\u00e9gi\u00e9.            <\/p>\n<p>\u00c0 52\u00a0ans, <a href=\"https:\/\/www.journaldesfemmes.fr\/people\/personnalites\/2674185-benjamin-biolay-paris-filles-famille-femmes-amour-chiara-mastroianni-argentine\/\" title=\"Benjamin Biolay\" rel=\"nofollow noopener\" target=\"_blank\">Benjamin Biolay<\/a> semble apais\u00e9. C&rsquo;est en tout cas ce qui ressort de son onzi\u00e8me album, Le Disque bleu, paru le 17\u00a0octobre dernier. Dans les colonnes de Gala aussi, le chanteur aux six Victoires de la Musique, semble plus \u00e0 l&rsquo;aise. M\u00eame avec des sujets plus intimes, voire d\u00e9licats.\u00a0<\/p>\n<p>Benjamin Biolay d\u00e9connect\u00e9 ? \u00ab\u00a0Quand on gagne bien sa vie&#8230;\u00a0\u00bb<\/p>\n<p>Interrog\u00e9 dans un premier temps sur son titre Mauvais Gar\u00e7on, une chanson dans laquelle il scande nager dans \u00ab\u00a0une mer de contrefa\u00e7ons\u00a0\u00bb, le cinquantenaire d\u00e9crit Paris\u00a0et son milieu social\u00a0comme \u00ab\u00a0un monde un peu d\u00e9connect\u00e9 des r\u00e9alit\u00e9s, surtout quand on gagne bien sa vie\u00a0\u00bb, ce qui est son cas. \u00ab\u00a0Je ne dis pas que la r\u00e9alit\u00e9 se trouve par exemple \u00e0 Villefranche-sur-Sa\u00f4ne o\u00f9 habitent mes parents, je constate seulement qu&rsquo;\u00e0 Paris, la fa\u00e7ade peut \u00eatre trompeuse, contrefaite, comme celle pr\u00e9sent\u00e9e lors de la c\u00e9r\u00e9monie d&rsquo;ouverture des Jeux olympiques\u00a0\u00bb, a poursuivi Benjamin Biolay.<\/p>\n<p>Et l&rsquo;ancien compagnon de Chiara Mastroianni d&rsquo;ajouter : \u00ab\u00a0On a offert l&rsquo;image d&rsquo;une France cool et gay-friendly alors que notre ministre de l&rsquo;Int\u00e9rieur \u00e9tait oppos\u00e9 au mariage pour tous. Sans parler de notre m\u00e9thode de maintien de l&rsquo;ordre\u2026 J&rsquo;ai ador\u00e9 les JO mais j&rsquo;ai d\u00e9test\u00e9 ce double langage.\u00a0\u00bb<\/p>\n<p>Benjamin Biolay est-il de gauche\u00a0?<\/p>\n<p>Le chanteur et com\u00e9dien n&rsquo;a jamais cach\u00e9 qu&rsquo;il penche \u00e0 gauche politiquement et, interrog\u00e9 sur sa vision de ce que \u00e7a veut dire concr\u00e8tement,\u00a0Benjamin Biolay a r\u00e9pondu du tac au tac\u00a0: \u00ab\u00a0Payer ses imp\u00f4ts, ne pas avoir de compte en Suisse, essayer de partager son bl\u00e9 quand on en a, bien \u00e9lever ses enfants, penser \u00e0 l&rsquo;avenir, ne pas nier le changement climatique\u2026 Reconna\u00eetre et accepter qu&rsquo;il existe des dominants et des domin\u00e9s. J&rsquo;ai parfois des moments de col\u00e8re, mais je pr\u00e9f\u00e8re les distiller par petites touches, pour que \u00e7a ne parte pas en sucette.\u00a0\u00bb<\/p>\n<p>Et l&rsquo;artiste, qui habite entre un appartement parisien, une maison \u00e0 S\u00e8te\u00a0mais passe aussi du temps dans l&rsquo;ann\u00e9e \u00e0\u00a0Buenos Aires, o\u00f9 vit sa deuxi\u00e8me fille &#8211; Louisa, aujourd&rsquo;hui \u00e2g\u00e9e de 6\u00a0ans -, de conclure\u00a0: \u00ab\u00a0Et je ne perds pas espoir\u00a0: m\u00eame si la France est un peu mal lun\u00e9e en ce moment, elle va retrouver sa bonne humeur.\u00a0\u00bb<\/p>\n","protected":false},"excerpt":{"rendered":"De retour avec un nouvel album, le chanteur Benjamin Biolay multiplie les confidences. Pas adepte de la langue&hellip;\n","protected":false},"author":2,"featured_media":478127,"comment_status":"","ping_status":"","sticky":false,"template":"","format":"standard","meta":{"footnotes":""},"categories":[1355],"tags":[3723,7036,60160,51761,58,59,51763,1011,27,51766,1361,873,51767],"class_list":{"0":"post-478126","1":"post","2":"type-post","3":"status-publish","4":"format-standard","5":"has-post-thumbnail","7":"category-musique","8":"tag-actus","9":"tag-benjamin-biolay","10":"tag-cms-journaldesfemmes-3244740","11":"tag-controller-content","12":"tag-divertissement","13":"tag-entertainment","14":"tag-format-papier","15":"tag-fr","16":"tag-france","17":"tag-les-histoires-du-jdf","18":"tag-music","19":"tag-musique","20":"tag-parallaxeinfeed"},"share_on_mastodon":{"url":"https:\/\/pubeurope.com\/@fr\/115409014298089792","error":""},"_links":{"self":[{"href":"https:\/\/www.europesays.com\/fr\/wp-json\/wp\/v2\/posts\/478126","targetHints":{"allow":["GET"]}}],"collection":[{"href":"https:\/\/www.europesays.com\/fr\/wp-json\/wp\/v2\/posts"}],"about":[{"href":"https:\/\/www.europesays.com\/fr\/wp-json\/wp\/v2\/types\/post"}],"author":[{"embeddable":true,"href":"https:\/\/www.europesays.com\/fr\/wp-json\/wp\/v2\/users\/2"}],"replies":[{"embeddable":true,"href":"https:\/\/www.europesays.com\/fr\/wp-json\/wp\/v2\/comments?post=478126"}],"version-history":[{"count":0,"href":"https:\/\/www.europesays.com\/fr\/wp-json\/wp\/v2\/posts\/478126\/revisions"}],"wp:featuredmedia":[{"embeddable":true,"href":"https:\/\/www.europesays.com\/fr\/wp-json\/wp\/v2\/media\/478127"}],"wp:attachment":[{"href":"https:\/\/www.europesays.com\/fr\/wp-json\/wp\/v2\/media?parent=478126"}],"wp:term":[{"taxonomy":"category","embeddable":true,"href":"https:\/\/www.europesays.com\/fr\/wp-json\/wp\/v2\/categories?post=478126"},{"taxonomy":"post_tag","embeddable":true,"href":"https:\/\/www.europesays.com\/fr\/wp-json\/wp\/v2\/tags?post=478126"}],"curies":[{"name":"wp","href":"https:\/\/api.w.org\/{rel}","templated":true}]}}