{"id":478128,"date":"2025-10-20T23:09:26","date_gmt":"2025-10-20T23:09:26","guid":{"rendered":"https:\/\/www.europesays.com\/fr\/478128\/"},"modified":"2025-10-20T23:09:26","modified_gmt":"2025-10-20T23:09:26","slug":"versa-le-prochain-court-metrage-bouleversant-des-walt-disney-animation-studios","status":"publish","type":"post","link":"https:\/\/www.europesays.com\/fr\/478128\/","title":{"rendered":"Versa, le prochain court-m\u00e9trage bouleversant des Walt Disney Animation Studios"},"content":{"rendered":"<p style=\"text-align: justify;\">Il y a quelques mois, <strong>Walt Disney Animation Studios<\/strong> avait discr\u00e8tement communiqu\u00e9 le nom de son prochain court-m\u00e9trage, <strong>Versa<\/strong> (rien \u00e0 voir avec <strong>Vice-Versa<\/strong>), qui sera d\u00e9voil\u00e9 prochainement. Ce week-end, <strong>Versa<\/strong> a \u00e9t\u00e9 pr\u00e9sent\u00e9 en avant-premi\u00e8re \u00e0 un festival d\u2019animation et on en sait plus d\u00e9sormais sur l\u2019histoire.<\/p>\n<p>Versa raconte le parcours \u00e9motionnel d\u2019une future famille<\/p>\n<p style=\"text-align: justify;\"><strong>Versa<\/strong> suit un jeune couple cherchant \u00e0 fonder une famille qui \u00e9prouve toute une gamme d\u2019\u00e9motions \u2013 du chagrin et de la perte \u00e0 la joie ultime \u2013 alors qu\u2019ils se lancent dans une danse cosmique de la vie \u00e9th\u00e9r\u00e9e, abstraite et imaginative.<\/p>\n<p><a href=\"https:\/\/www.disneyphile.fr\/wp-content\/uploads\/2025\/10\/versa-fist-look.webp\" target=\"_blank\" rel=\"noopener\"><img data-lazyloaded=\"1\" data-od-added-loading=\"\" data-od-replaced- data-od-xpath=\"\/HTML\/BODY\/DIV[@id='page']\/*[4][self::DIV]\/*[2][self::DIV]\/*[1][self::DIV]\/*[1][self::MAIN]\/*[1][self::DIV]\/*[1][self::DIV]\/*[1][self::DIV]\/*[1][self::DIV]\/*[2][self::DIV]\/*[2][self::ARTICLE]\/*[2][self::DIV]\/*[4][self::FIGURE]\/*[1][self::A]\/*[1][self::IMG]\" loading=\"lazy\" decoding=\"async\" class=\" wp-image-155084\" src=\"https:\/\/www.disneyphile.fr\/wp-content\/uploads\/2025\/10\/xversa-fist-look-300x200.webp.pagespeed.ic.7Ae6d7B-Vg.webp\" alt=\"versa\" width=\"401\" height=\"267\"  data- data-pagespeed-url-hash=\"3227282965\" onload=\"pagespeed.CriticalImages.checkImageForCriticality(this);\"\/><\/a>Courtoisie de Walt Disney Animation Studios<\/p>\n<p style=\"text-align: justify;\"><strong>Versa<\/strong> est r\u00e9alis\u00e9 par <strong>Malcon Pierce<\/strong>, animateur de longue date des <strong>Walt Disney Animation Studios<\/strong> qui a entre autres travaill\u00e9 sur <strong>Encanto : La Fantastique Famille Madrigal<\/strong> et sur la franchise <strong>Vaiana<\/strong>. <strong>Versa<\/strong> est inspir\u00e9 de sa propre histoire puisque c\u2019est durant la production du film original que <strong>Malcon Pierce<\/strong> et son \u00e9pouse <strong>Keely<\/strong> ont perdu leur fils, <strong>Cooper<\/strong>. Le deuil de leur perte a inspir\u00e9 Pierce \u00e0 raconter leur histoire. Le th\u00e8me de la \u00ab baby shower \u00bb de leur fils \u00e9tait les \u00e9toiles, et sa belle-m\u00e8re a offert au couple une \u00e9toile en cristal, qu\u2019elle a plac\u00e9e \u00e0 la fen\u00eatre de la cuisine.<\/p>\n<p style=\"text-align: justify;\">\u00ab Chaque matin, nous descendions et tous ces petits arcs-en-ciel \u00e9taient dispers\u00e9s dans la maison \u00e0 partir de la petite \u00e9toile. C\u2019est devenu une fa\u00e7on de nous souvenir de <strong>Cooper<\/strong> et de le garder pr\u00e8s de nous. \u00bb explique <strong>Malcon Pierce<\/strong> dans les colonnes de Variety.<\/p>\n<p style=\"text-align: justify;\"><strong>Malcom Pierce<\/strong> a soumis son id\u00e9e de raconter son histoire \u00e0 <strong>Jennifer Lee<\/strong> lorsqu\u2019elle \u00e9tait encore \u00e0 l\u2019\u00e9poque directrice cr\u00e9ative des <strong>Walt Disney Animation Studios<\/strong>. Celle-ci s\u2019est montr\u00e9e tr\u00e8s encourageante lorsqu\u2019il lui a indiqu\u00e9 ce qu\u2019il voulait apporter visuellement \u00e0 son court-m\u00e9trage. Elle lui a sugg\u00e9r\u00e9 de travailler avec <strong>Paul Felix<\/strong>, un artiste du studio qui s\u2019int\u00e9resse \u00e0 l\u2019astrologie.<\/p>\n<p style=\"text-align: justify;\"><strong>Versa<\/strong> est \u00e9galement un r\u00e9cit musical (avec une musique orchestrale d\u2019<strong>Haim Mazar<\/strong>) et chor\u00e9graphique, avec notamment de la danse sur glace qui a n\u00e9cessit\u00e9 l\u2019intervention de chor\u00e9graphes pour tisser les liens entre les personnages. Pour cela, <strong>Malcom Pierce<\/strong> a fait appel aux patineurs et chor\u00e9graphes <strong>Katherine Hill<\/strong> et <strong>Ben Agosto<\/strong>, qui ont apport\u00e9 leur talent, ajoutant de l\u2019authenticit\u00e9 \u00e0 l\u2019animation. Ils ont su associer chor\u00e9graphie et danse sur glace pour illustrer le lien qui les unissait. Le d\u00e9fi consistait \u00e0 d\u00e9peindre un parcours d\u2019amour, de perte, de deuil et de gu\u00e9rison, par la chor\u00e9graphie et sans dialogue.<\/p>\n<p style=\"text-align: justify;\">En qu\u00eate d\u2019inspiration, <strong>Malcon Pierce<\/strong> a pens\u00e9 \u00e0 la danse sur glace et au patinage. En d\u00e9couvrant cette discipline artistique, il a r\u00e9alis\u00e9 qu\u2019elle \u00e9tait parfaite pour son r\u00e9cit.<\/p>\n<p style=\"text-align: justify;\">\u00ab Cela nous a permis de lib\u00e9rer l\u2019id\u00e9e que ces personnages pouvaient \u00eatre tr\u00e8s cin\u00e9tiques tout en restant tr\u00e8s sensibles. En revanche, en m\u2019int\u00e9ressant \u00e0 la danse, j\u2019ai constat\u00e9 que s\u2019ils s\u2019arr\u00eataient, ils restaient coll\u00e9s au sol. \u00bb<\/p>\n<p>Versa rend hommage au fils disparu du r\u00e9alisateur<\/p>\n<p style=\"text-align: justify;\">Pour g\u00e9rer son deuil, <strong>Malcon Pierce<\/strong> admet avoir fait le contraire apr\u00e8s le d\u00e9c\u00e8s de son fils <strong>Cooper<\/strong>, en ne le gardant pas pr\u00e8s de lui. Lorsqu\u2019il a enfin pu entrer dans la chambre de <strong>Cooper<\/strong> apr\u00e8s l\u2019avoir longtemps \u00e9vit\u00e9e, <strong>Pierce<\/strong> a d\u00e9clar\u00e9 :<\/p>\n<p><a href=\"https:\/\/www.disneyphile.fr\/wp-content\/uploads\/2025\/10\/versa-movie.webp\" target=\"_blank\" rel=\"noopener\"><img data-lazyloaded=\"1\" data-od-xpath=\"\/HTML\/BODY\/DIV[@id='page']\/*[4][self::DIV]\/*[2][self::DIV]\/*[1][self::DIV]\/*[1][self::MAIN]\/*[1][self::DIV]\/*[1][self::DIV]\/*[1][self::DIV]\/*[1][self::DIV]\/*[2][self::DIV]\/*[2][self::ARTICLE]\/*[2][self::DIV]\/*[13][self::FIGURE]\/*[1][self::A]\/*[1][self::IMG]\" loading=\"lazy\" decoding=\"async\" class=\" wp-image-155089\" src=\"data:image\/webp;base64,UklGRhAIAABXRUJQVlA4IAQIAABwNQCdASosAX4APm00lUekIyIhJvXaOIANiWcIkYwBlg0CMAcoJDEzBzDbcI1j+QERJZntzbY6SE9AR1MEHizIIPExhmcKCmZaIJg4CJYnL0Jec\/vVqMt4f7uBNMZbV\/vUThsGJgYP5UK2IgFOYyNHjl9HCpt3WQ+cfTp9MbNLGqJ7nJLfiEfuqBQ+qnnZVTW3jSKWKckQ\/\/X2wjPSgZ1AlEl8cJgVuxJJb+jrRzwvIZc4UqOfWBRuZcn8jlWmUyUma2QyJIO+AUwR8rA85cBWpISWzb9yg\/jEf1bfaVKhdcbHCYbmFNTE7SQPX0gY8BQFmChKVR8ME6dKNCcDW6JWQLIkG9VhS\/GBI+qhwLkvEPj4iuWtrjsCGkmo\/wGvjn5JXyODgjTXMO+K+qgg248rQ73cMJwL6OM1kIGu1ttXsOfu0bmyvykNlpnAo7kKC1zhhYc0+su\/8aSJ93YqM9rdsEbiz\/fPQaVgUQeFFKrGR31r7iu9QEdMlCojh47sxr7ghty0UaPR15xyhcJK0wKV80SNPF3mQJSrrPysX9xjjqvu2ZAZW4xEwgyAeQ4vZxZctjoAAP79a7TZuhTHjzse3EPgHcehxJq\/aAzsnH1T3C4awaTx8QZAxiuvEyqBvK9+ej3BgD9SbFfObyeIWh67kdWcd0iTKJY+2jv4OWQeAw9HtA0Xwq42XbdBYP95aGDTmVSgvkWOdm3qg\/Fw8ANLQKNutmViTQdpWgfDiU95NUAbfgAY+TpE4+YbijIgqDrjh6u3+14qpCVZMzO7g83ym0IIsOjDl9lNV1hc4fTNu+1aToEUXgQr25rcGrkAjLYR1xjZY8Ol5zFiiWVnBBy02jbcS0Sn4JlzkZcn1DivK2VuOtMDvjaQB\/9GEmhW\/0U2ZRnvuSbiKTwisafTbCACu+bTEipkEb2lTOkIJRpSrHwi53QZCXAJrWPqMgEnRO4q9Y3MTx72\/ytD4V5PjJMPWGDlVO6LJsjdImhm8XTHmnp0hqDh3icPQ8pBImld1Y3WgguA+\/aySODoBykR2XN29mFi8dXTbf7Nrcdp42TaBiRNGxHPdnxO1EIovcmxC4ZKPNdlaZbBrbbL\/nxmSvkHpgBS04hc5N325CGM+fdJYDeBM+v9UByyEMD4\/pDRT6LTd8KMy46Qxhfagrr8omyXSLvkTBg69qbZrQ4RoKcoauY99Or5Pa0jpClh1XHl9pc3KvTDybzkxcoYY\/YcNijAG1cwsqXFKXld6k0O5eFWqEB8W6K7sueQ2Zu30JVgy9mliAdVhHXZGUgtbcUrAfPfKle4QB1YCyaC2qhaIInF\/ezXnrwu4MER0w\/IGdKFOgs7uRSfOOAt4U\/kGc1z5jmhCiZI5DvCsS+c+wyFbWDyXvfwYvoudxrv1vZqU6yuxmcPHVdQEu1J+HbvfRTqA188SIn3i2aiFYGpQcrO10oNvFYlwu1E0eZh1q4j8CtYw3oT9mN5UUMWX5DvnS4oNY2suhar2UYDrixu4LKWS74gze2GqnyUPYxqFwzesiS6k4zwQ7Z20qX5h0NB5qqtthp0E+FW4V+EjscU\/Uybm8iFhO\/XsCq7Kp68L6nJI8TkCVwk+id6nKwEHOyw6xaruSuK0L+ByYJZ6r0lXR+cXYfD8h2Sg3Uaz5ipT9wjwOz5HrOgn3hbHFsPLpDTbyUVZCcGGS+fvw23aVd\/qXWXEU9ecveE1HzPOL7V6Zz39OKQ5FEt\/HIDqWJjLS+iZmoh6z\/6ibdxzCyHdZRvAe3GCwtVCkQ4MOqVXHLeTM+y+VXCJCbEc3c2FLoc+AaTZFgS8q\/f\/CNYrhYfa1+9YnzJ\/rZeq1PbA2njTDKaVyH+J3UoBQfwI0q1t7TWffT+6uyRq2oSaZk74qmL\/6AjuMRwacHr1VNb0TUYjVGrcURLTrxzmkUPnyin4dob4fK6QLbWOn7VODLZ52aQBhjHKFbIOb\/5pquBdzgWDTwVUTyHUX1ldOfbnn\/IFPWW0jSUBu\/9Pp5lKD1tCVGVeKqyM8AFDdQRrjlMayTvXGYoYwqKNdL1SANwjO40uR8S7\/jL11vlb+BkpDtWwU\/Ox9kkaHaxytToRItNEmOWzoTKaEhpl4AuDeUfnGK38hfLBly3b7kKggR2UcEfXAHgDZNYW5xvECkb4nL2XjuFRvHuwSX7LQdXEHFQgh\/4uMJ2JrR+zqT+IO5QU8UVrXLlEhwaYJgyEAgtAPiGel4qRKmFu5iZYAfLjpmnK4GlMw64tuSigby56K7+qhB8cgnbEQrlQpoFOFP1XgN11wTNs+VTyZAOMG6afwYhdmWHxhS9sJf4+9r3\/xzPsHIU27ZSTBbVnlaapVGOibQCqRVZDy0lvhubRoOCqjW3CkQ2ZtKLhqqoxCrCtE9qa+8OBGauf\/lvHOeo9u3gcTLB9GgictB04yMU\/UKLGZqLam1jHXFx4gGcEYV7Qkeap+F9mRXn7slohbLJ0PTEwpZkW21\/oLBNxTvVHXtLhC7VfwPokfxKQ0yhAUEB9g4\/pzW1ciNgW2cw+qZcYzS0iVcpvojp3IXk5H5HoJBvg2pNQFr3sjqVrJu0Ns+7at0koKqNNPNFvZBRAXI3sMC4kMiKRmFCWEUkmCde6G9DfsKot0vQP5FR4vTmgUvZUPBh7+a8BOc+O0kvNhx9rV4ikdYkI6GwBtOYEWubcf2YdVWOY7iu6vUcp2kUo0D+36PAMdmIRKKK8uHvrW3K1JMvzAhwAAA=\" alt=\"versa disney\" width=\"400\" height=\"168\"  data- data-pagespeed-url-hash=\"2310690076\" onload=\"pagespeed.CriticalImages.checkImageForCriticality(this);\"\/><\/a>Courtoisie de Walt Disney Animation Studios<\/p>\n<p style=\"text-align: justify;\">\u00ab J\u2019y suis entr\u00e9 et je me suis effondr\u00e9. J\u2019ai \u00e9t\u00e9 forc\u00e9 d\u2019y faire face. Mais il y a eu une photo que nous avons prise apr\u00e8s cela, o\u00f9 <strong>Keely<\/strong> et moi sommes enlac\u00e9s et sourions, et c\u2019est une magnifique photo couleur. \u00bb<\/p>\n<p style=\"text-align: justify;\">Faire face \u00e0 ce moment douloureux a donn\u00e9 de la force \u00e0 <strong>Pierce<\/strong> et a montr\u00e9 comment lui et sa femme se ressaisissaient apr\u00e8s avoir \u00e9t\u00e9 s\u00e9par\u00e9s par le chagrin, puis gu\u00e9rissaient en grandissant.<\/p>\n<p style=\"text-align: justify;\">\u00ab C\u2019est de l\u00e0 que nous est venue l\u2019id\u00e9e d\u2019int\u00e9grer l\u2019art japonais du Kintsugi, cet art magnifique qui consiste \u00e0 combler les fissures de la poterie avec de l\u2019or. C\u2019est symbolique. C\u2019est un sujet sur lequel nous avons beaucoup travaill\u00e9 : cette id\u00e9e de nouer une relation avec le deuil et de trouver l\u2019espoir dans les moments difficiles. \u00bb<\/p>\n<p style=\"text-align: justify;\"><strong>Pierce<\/strong> explique \u00e9galement que le nom de <strong>Cooper<\/strong> appara\u00eet au g\u00e9n\u00e9rique de fin de <strong>Vaiana, La L\u00e9gende du Bout du Monde<\/strong> comme celui d\u2019un b\u00e9b\u00e9 de production, sauf qu\u2019il est accompagn\u00e9 d\u2019une \u00e9toile.<\/p>\n<blockquote>\n<p style=\"text-align: justify;\">\u00ab J\u2019aime dire que cette \u00e9toile a \u00e9t\u00e9 mon \u00e9toile polaire tout au long de cette aventure, et ce jusqu\u2019\u00e0 aujourd\u2019hui. \u00bb<\/p>\n<\/blockquote>\n<p><strong>Versa\u00a0<\/strong>sera d\u00e9voil\u00e9 prochainement sur <strong>Disney+<\/strong>.<\/p>\n<p><a href=\"https:\/\/variety.com\/2025\/film\/news\/disney-animated-short-versa-malcon-pierce-1236554756\/\" target=\"_blank\" rel=\"noopener\">Source<\/a><\/p>\n<p>\u00a9 Disneyphile 2025 \/ Tous droits r\u00e9serv\u00e9s \/ Reproduction interdite<\/p>\n","protected":false},"excerpt":{"rendered":"Il y a quelques mois, Walt Disney Animation Studios avait discr\u00e8tement communiqu\u00e9 le nom de son prochain court-m\u00e9trage,&hellip;\n","protected":false},"author":2,"featured_media":478129,"comment_status":"","ping_status":"","sticky":false,"template":"","format":"standard","meta":{"footnotes":""},"categories":[1354],"tags":[520,58,59,1346,1011,27,1360,60161],"class_list":{"0":"post-478128","1":"post","2":"type-post","3":"status-publish","4":"format-standard","5":"has-post-thumbnail","7":"category-films","8":"tag-disney","9":"tag-divertissement","10":"tag-entertainment","11":"tag-films","12":"tag-fr","13":"tag-france","14":"tag-movies","15":"tag-walt-disney-animation-disney"},"share_on_mastodon":{"url":"https:\/\/pubeurope.com\/@fr\/115409018687107994","error":""},"_links":{"self":[{"href":"https:\/\/www.europesays.com\/fr\/wp-json\/wp\/v2\/posts\/478128","targetHints":{"allow":["GET"]}}],"collection":[{"href":"https:\/\/www.europesays.com\/fr\/wp-json\/wp\/v2\/posts"}],"about":[{"href":"https:\/\/www.europesays.com\/fr\/wp-json\/wp\/v2\/types\/post"}],"author":[{"embeddable":true,"href":"https:\/\/www.europesays.com\/fr\/wp-json\/wp\/v2\/users\/2"}],"replies":[{"embeddable":true,"href":"https:\/\/www.europesays.com\/fr\/wp-json\/wp\/v2\/comments?post=478128"}],"version-history":[{"count":0,"href":"https:\/\/www.europesays.com\/fr\/wp-json\/wp\/v2\/posts\/478128\/revisions"}],"wp:featuredmedia":[{"embeddable":true,"href":"https:\/\/www.europesays.com\/fr\/wp-json\/wp\/v2\/media\/478129"}],"wp:attachment":[{"href":"https:\/\/www.europesays.com\/fr\/wp-json\/wp\/v2\/media?parent=478128"}],"wp:term":[{"taxonomy":"category","embeddable":true,"href":"https:\/\/www.europesays.com\/fr\/wp-json\/wp\/v2\/categories?post=478128"},{"taxonomy":"post_tag","embeddable":true,"href":"https:\/\/www.europesays.com\/fr\/wp-json\/wp\/v2\/tags?post=478128"}],"curies":[{"name":"wp","href":"https:\/\/api.w.org\/{rel}","templated":true}]}}