{"id":478130,"date":"2025-10-20T23:10:15","date_gmt":"2025-10-20T23:10:15","guid":{"rendered":"https:\/\/www.europesays.com\/fr\/478130\/"},"modified":"2025-10-20T23:10:15","modified_gmt":"2025-10-20T23:10:15","slug":"la-haut-jai-depose-mes-peurs-et-mes-emotions","status":"publish","type":"post","link":"https:\/\/www.europesays.com\/fr\/478130\/","title":{"rendered":"\u00ab\u00a0L\u00e0-haut, j\u2019ai d\u00e9pos\u00e9 mes peurs et mes \u00e9motions \u00bb"},"content":{"rendered":"<p>\u00ab\u00a0Cela fait tr\u00e8s exactement 827 jours ce jeudi que tout a commenc\u00e9. \u00c7a peut para\u00eetre \u00e9trange mais je trouvais important de marquer chaque \u00e9tape de ce chemin. Du coup, j\u2019ai enclench\u00e9 un compteur le jour de l\u2019annonce de mon cancer en 2023.\u00a0\u00bb Cette \u00e9preuve, V\u00e9ronique Bertaux-Charvolin, 66 ans, docteure en sociologie, sage-femme et directrice du d\u00e9partement universitaire de ma\u00efeutique de l\u2019UFR des Sciences de Sant\u00e9 de Dijon \u00ab\u00a0ne l\u2019avait pas vu venir\u00a0\u00bb. Elle avoue m\u00eame n\u2019avoir jamais fait de d\u00e9pistage avant qu\u2019une amie, la trouvant particuli\u00e8rement fatigu\u00e9e, ne la rappelle \u00e0 l\u2019ordre. \u00ab\u00a0J\u2019\u00e9tais sportive, battante, toujours \u00e0 fond. Bref, dans ma t\u00eate j\u2019\u00e9tais inatteignable, belle erreur\u2026\u00a0\u00bb<\/p>\n<p>Une premi\u00e8re imagerie montre quelque chose, pouvant \u00eatre b\u00e9nin, mais quatre mois plus tard, d\u2019autres examens sont plus inqui\u00e9tants. \u00ab\u00a0J\u2019ai montr\u00e9 tout \u00e7a \u00e0 un sp\u00e9cialiste du CGFL (Centre Georges-Fran\u00e7ois Leclerc, NDLR) et imm\u00e9diatement, tout s\u2019est mis en marche. La biopsie a \u00e9t\u00e9 faite dans la foul\u00e9e et le&#8230;<\/p>\n","protected":false},"excerpt":{"rendered":"\u00ab\u00a0Cela fait tr\u00e8s exactement 827 jours ce jeudi que tout a commenc\u00e9. \u00c7a peut para\u00eetre \u00e9trange mais je&hellip;\n","protected":false},"author":2,"featured_media":478131,"comment_status":"","ping_status":"","sticky":false,"template":"","format":"standard","meta":{"footnotes":""},"categories":[10],"tags":[2931,2930,8587,8588,107,1011,27,72,5362,224,71,4604,273],"class_list":{"0":"post-478130","1":"post","2":"type-post","3":"status-publish","4":"format-standard","5":"has-post-thumbnail","7":"category-sante","8":"tag-cote-dor","9":"tag-dijon","10":"tag-dijon-ville","11":"tag-edition-dijon-et-son-agglomeration","12":"tag-fil-info","13":"tag-fr","14":"tag-france","15":"tag-health","16":"tag-magazine-sante","17":"tag-medecine","18":"tag-sante","19":"tag-selection-abonne","20":"tag-selection-de-la-redaction"},"share_on_mastodon":{"url":"https:\/\/pubeurope.com\/@fr\/115409022141428825","error":""},"_links":{"self":[{"href":"https:\/\/www.europesays.com\/fr\/wp-json\/wp\/v2\/posts\/478130","targetHints":{"allow":["GET"]}}],"collection":[{"href":"https:\/\/www.europesays.com\/fr\/wp-json\/wp\/v2\/posts"}],"about":[{"href":"https:\/\/www.europesays.com\/fr\/wp-json\/wp\/v2\/types\/post"}],"author":[{"embeddable":true,"href":"https:\/\/www.europesays.com\/fr\/wp-json\/wp\/v2\/users\/2"}],"replies":[{"embeddable":true,"href":"https:\/\/www.europesays.com\/fr\/wp-json\/wp\/v2\/comments?post=478130"}],"version-history":[{"count":0,"href":"https:\/\/www.europesays.com\/fr\/wp-json\/wp\/v2\/posts\/478130\/revisions"}],"wp:featuredmedia":[{"embeddable":true,"href":"https:\/\/www.europesays.com\/fr\/wp-json\/wp\/v2\/media\/478131"}],"wp:attachment":[{"href":"https:\/\/www.europesays.com\/fr\/wp-json\/wp\/v2\/media?parent=478130"}],"wp:term":[{"taxonomy":"category","embeddable":true,"href":"https:\/\/www.europesays.com\/fr\/wp-json\/wp\/v2\/categories?post=478130"},{"taxonomy":"post_tag","embeddable":true,"href":"https:\/\/www.europesays.com\/fr\/wp-json\/wp\/v2\/tags?post=478130"}],"curies":[{"name":"wp","href":"https:\/\/api.w.org\/{rel}","templated":true}]}}