{"id":478134,"date":"2025-10-20T23:12:12","date_gmt":"2025-10-20T23:12:12","guid":{"rendered":"https:\/\/www.europesays.com\/fr\/478134\/"},"modified":"2025-10-20T23:12:12","modified_gmt":"2025-10-20T23:12:12","slug":"laurence-boccolini-atteinte-dune-tumeur-elle-est-contre-le-cerveau-son-combat-est-loin-detre-termine","status":"publish","type":"post","link":"https:\/\/www.europesays.com\/fr\/478134\/","title":{"rendered":"Laurence Boccolini atteinte d\u2019une tumeur : \u201cElle est contre le cerveau\u201d, son combat est loin d\u2019\u00eatre termin\u00e9"},"content":{"rendered":"<p>Laurence Boccolini avait annonc\u00e9 souffrir d&rsquo;un paragangliome<br \/>\nintra tympanique, une tumeur rare., dans son<br \/>\nlivre,\u00a0Showtime, souvenirs du chaos,\u00a0sorti le 2<br \/>\navril dernier.<\/p>\n<p>Dans le Jet de Luxe, l&rsquo;ancienne animatrice de France 2<br \/>\na fait d&rsquo;inqui\u00e9tantes r\u00e9v\u00e9lations sur cette maladie qui touche son<br \/>\ncerveau et peut devenir dangereuse.<\/p>\n<p>Laurence Boccolini se confie sur sa tumeur<\/p>\n<p>Ce 20 octobre, Jordan de Luxe a publi\u00e9 sur la page Youtube de<br \/>\nson \u00e9mission Le Jet de Luxe, son interview de <a href=\"https:\/\/www.closermag.fr\/people\/laurence-boccolini-claque-la-porte-de-france-televisions-et-balance-grave-des-exigences-que-je-naccepte-pas-3586730\" target=\"_blank\" rel=\"noopener\"><br \/>\nLaurence Boccolini<\/a>. Le journaliste a interrog\u00e9 l\u2019animatrice<br \/>\nembl\u00e9matique du PAF sur sa carri\u00e8re, son d\u00e9part forc\u00e9 de France<br \/>\nT\u00e9l\u00e9visions, mais aussi sur ses probl\u00e8mes de sant\u00e9. Dans son livre,<br \/>\nShowtime, souvenirs du chaos, la pr\u00e9sentatrice avait<br \/>\nannonc\u00e9 souffrir d\u2019une tumeur rare.<\/p>\n<p>Laurence Boccolini a expliqu\u00e9 \u00e0 <a href=\"https:\/\/www.closermag.fr\/people\/jai-vu-ma-soeur-sans-cheveux-jordan-de-luxe-emu-aux-larmes-il-evoque-le-cancer-du-sein-qui-la-bouleverse-3584037\" target=\"_blank\" rel=\"noopener\"><br \/>\nJordan de Luxe<\/a> : \u00ab\u00a0Quand on m\u2019a annonc\u00e9 que je devais faire<br \/>\ndes rayons pour ma tumeur, je me suis dis \u2018on met pratiquement<br \/>\nau m\u00eame endroit que mon p\u00e8re\u2019. Apr\u00e8s on m\u2019a dit \u2018non \u00e7a va<br \/>\npas \u00eatre le m\u00eame genre de rayons\u2019. Le Gamma Knife,<br \/>\nc\u2019est d\u2019autres sortes de rayons. C\u2019est <strong>pas une exp\u00e9rience<br \/>\njoyeuse<\/strong>, mais ils vous brulent pas quoi\u00a0\u00bb.<br \/>\nL\u2019animatrice a ensuite confi\u00e9 que son combat contre la maladie<br \/>\n\u00e9tait loin d\u2019\u00eatre termin\u00e9. \u00ab\u00a0C\u2019est pas fini du tout. J\u2019ai eu une<br \/>\n\u00e9norme s\u00e9ance de Gamma Knife il y a un an. Et <strong>on<br \/>\nattend encore deux ans<\/strong> pour savoir si la tumeur se<br \/>\nr\u00e9tracte, si elle arr\u00eate de pousser, et si elle <strong>arr\u00eate<br \/>\nd&rsquo;\u00eatre contre le cerveau<\/strong>\u00ab\u00a0.<\/p>\n<p>Laurence Boccolini\u00a0: comment elle<br \/>\na annonc\u00e9 sa tumeur \u00e0 sa fille<\/p>\n<p>Dans cette interview, Laurence Boccolini a ensuite assur\u00e9 qu\u2019il<br \/>\nne s\u2019agissait toutefois pas d\u2019un cancer. \u00ab\u00a0<strong>C\u2019est pas des<br \/>\nm\u00e9tastases, c\u2019est pas un cancer.<\/strong> Mais l\u00e0 o\u00f9 elle<br \/>\nest, oui. Parce qu\u2019elle est dans les nerfs qui peuvent<br \/>\n<strong>paralyser la face<\/strong> compl\u00e8tement, qui peuvent<br \/>\nparalyser la d\u00e9glutition, donc on ne peut plus avaler. \u00c7a peut<br \/>\naussi <strong>paralyser la voix<\/strong>\u00a0\u00bb\u00a0a-t-elle<br \/>\nd\u00e9clar\u00e9. Interrog\u00e9 par Jordan de Luxe sur la fa\u00e7on dont <a href=\"https:\/\/www.closermag.fr\/people\/laurence-boccolini-atteinte-dune-tumeur-cet-autre-mal-qui-la-ronge-une-sensation-de-mort-imminente-3534880\" target=\"_blank\" rel=\"noopener\"><br \/>\nl\u2019animatrice<\/a> a r\u00e9v\u00e9l\u00e9 sa tumeur \u00e0 sa fille Willow, elle a<br \/>\nexpliqu\u00e9 : \u00ab\u00a0Je ne lui ai pas annonc\u00e9, je ne veux pas<br \/>\nl&rsquo;inqui\u00e9ter.\u00a0Elle a vu que j&rsquo;avais des gros probl\u00e8mes<br \/>\n\u00e0 l&rsquo;oreille, parce que lorsque c&rsquo;\u00e9tait \u00e0 son pic, c&rsquo;\u00e9tait<br \/>\ninsupportable. Je n&rsquo;entendais pas, j&rsquo;entendais de la batterie toute<br \/>\nla journ\u00e9e, je ne dormais plus\u00a0\u00bb a-t-elle d\u2019abord expliqu\u00e9.<\/p>\n<p>Laurence Boccolini a ensuite ajout\u00e9\u00a0: \u00ab\u00a0Elle m&rsquo;a vue<br \/>\naller \u00e0 l&rsquo;h\u00f4pital. Donc je lui ai dit que ce n&rsquo;\u00e9tait pas vital, que<br \/>\nje n&rsquo;allais pas \u00eatre emport\u00e9e par \u00e7a, mais que c&rsquo;\u00e9tait compliqu\u00e9.<br \/>\nElle m&rsquo;a bien vue rentrer de l&rsquo;h\u00f4pital quand on a fait la s\u00e9ance de<br \/>\nGamma Knife, o\u00f9 on te visse un casque en fer dans le cr\u00e2ne. Elle<br \/>\nm&rsquo;a vue rentrer avec des pansements comme Mike Tyson. \u00c7a fait peur.<br \/>\n<strong>Je ne lui cache pas, mais je ne l&rsquo;inqui\u00e8te<br \/>\npas<\/strong>\u00ab\u00a0.<\/p>\n","protected":false},"excerpt":{"rendered":"Laurence Boccolini avait annonc\u00e9 souffrir d&rsquo;un paragangliome intra tympanique, une tumeur rare., dans son livre,\u00a0Showtime, souvenirs du chaos,\u00a0sorti&hellip;\n","protected":false},"author":2,"featured_media":478135,"comment_status":"","ping_status":"","sticky":false,"template":"","format":"standard","meta":{"footnotes":""},"categories":[8],"tags":[58,59,1011,27,3219,729],"class_list":{"0":"post-478134","1":"post","2":"type-post","3":"status-publish","4":"format-standard","5":"has-post-thumbnail","7":"category-divertissement","8":"tag-divertissement","9":"tag-entertainment","10":"tag-fr","11":"tag-france","12":"tag-laurence-boccolini","13":"tag-yout_video"},"share_on_mastodon":{"url":"https:\/\/pubeurope.com\/@fr\/115409030058173555","error":""},"_links":{"self":[{"href":"https:\/\/www.europesays.com\/fr\/wp-json\/wp\/v2\/posts\/478134","targetHints":{"allow":["GET"]}}],"collection":[{"href":"https:\/\/www.europesays.com\/fr\/wp-json\/wp\/v2\/posts"}],"about":[{"href":"https:\/\/www.europesays.com\/fr\/wp-json\/wp\/v2\/types\/post"}],"author":[{"embeddable":true,"href":"https:\/\/www.europesays.com\/fr\/wp-json\/wp\/v2\/users\/2"}],"replies":[{"embeddable":true,"href":"https:\/\/www.europesays.com\/fr\/wp-json\/wp\/v2\/comments?post=478134"}],"version-history":[{"count":0,"href":"https:\/\/www.europesays.com\/fr\/wp-json\/wp\/v2\/posts\/478134\/revisions"}],"wp:featuredmedia":[{"embeddable":true,"href":"https:\/\/www.europesays.com\/fr\/wp-json\/wp\/v2\/media\/478135"}],"wp:attachment":[{"href":"https:\/\/www.europesays.com\/fr\/wp-json\/wp\/v2\/media?parent=478134"}],"wp:term":[{"taxonomy":"category","embeddable":true,"href":"https:\/\/www.europesays.com\/fr\/wp-json\/wp\/v2\/categories?post=478134"},{"taxonomy":"post_tag","embeddable":true,"href":"https:\/\/www.europesays.com\/fr\/wp-json\/wp\/v2\/tags?post=478134"}],"curies":[{"name":"wp","href":"https:\/\/api.w.org\/{rel}","templated":true}]}}