{"id":478146,"date":"2025-10-20T23:18:20","date_gmt":"2025-10-20T23:18:20","guid":{"rendered":"https:\/\/www.europesays.com\/fr\/478146\/"},"modified":"2025-10-20T23:18:20","modified_gmt":"2025-10-20T23:18:20","slug":"sorbiers-le-centre-social-loiso-fete-ses-50-ans","status":"publish","type":"post","link":"https:\/\/www.europesays.com\/fr\/478146\/","title":{"rendered":"Sorbiers. Le centre social Loiso f\u00eate ses 50 ans"},"content":{"rendered":"<blockquote class=\"question\"><p>Quelles sont les origines du centre social, cr\u00e9\u00e9 il y a 50\u00a0ans\u00a0?<\/p><\/blockquote>\n<p>B\u00e9atrice Delorme, vice-pr\u00e9sidente\u00a0: \u00ab\u00a0On m\u2019a racont\u00e9 que \u00e7a vient de l\u2019id\u00e9e d\u2019un petit groupe de femmes originaires de Sorbiers, qui recherchaient des activit\u00e9s, un lieu de rencontre. \u00c0 l\u2019\u00e9poque, tout se passait \u00e0 La Talaudi\u00e8re, et elles voulaient une activit\u00e9 de proximit\u00e9. En parlant avec la municipalit\u00e9, un petit local leur a \u00e9t\u00e9 mis \u00e0 disposition. Apr\u00e8s quelques ann\u00e9es, les demandes ont augment\u00e9, notamment sur l\u2019accueil d\u2019enfants. C\u2019est \u00e0 ce moment-l\u00e0 que le centre social&#8230;<\/p>\n","protected":false},"excerpt":{"rendered":"Quelles sont les origines du centre social, cr\u00e9\u00e9 il y a 50\u00a0ans\u00a0? B\u00e9atrice Delorme, vice-pr\u00e9sidente\u00a0: \u00ab\u00a0On m\u2019a racont\u00e9&hellip;\n","protected":false},"author":2,"featured_media":478147,"comment_status":"","ping_status":"","sticky":false,"template":"","format":"standard","meta":{"footnotes":""},"categories":[9653],"tags":[1111,11,2430,7539,1777,674,1011,27,12,25,4001,9664,104,17204,1631],"class_list":{"0":"post-478146","1":"post","2":"type-post","3":"status-publish","4":"format-standard","5":"has-post-thumbnail","7":"category-saint-etienne","8":"tag-actu","9":"tag-actualites","10":"tag-auvergne-rhone-alpes","11":"tag-edition-loire-sud","12":"tag-eu","13":"tag-europe","14":"tag-fr","15":"tag-france","16":"tag-news","17":"tag-republique-francaise","18":"tag-saint-etienne","19":"tag-saint-etienne-bassin","20":"tag-societe","21":"tag-sorbiers","22":"tag-vie-associative"},"share_on_mastodon":{"url":"https:\/\/pubeurope.com\/@fr\/115409053516159711","error":""},"_links":{"self":[{"href":"https:\/\/www.europesays.com\/fr\/wp-json\/wp\/v2\/posts\/478146","targetHints":{"allow":["GET"]}}],"collection":[{"href":"https:\/\/www.europesays.com\/fr\/wp-json\/wp\/v2\/posts"}],"about":[{"href":"https:\/\/www.europesays.com\/fr\/wp-json\/wp\/v2\/types\/post"}],"author":[{"embeddable":true,"href":"https:\/\/www.europesays.com\/fr\/wp-json\/wp\/v2\/users\/2"}],"replies":[{"embeddable":true,"href":"https:\/\/www.europesays.com\/fr\/wp-json\/wp\/v2\/comments?post=478146"}],"version-history":[{"count":0,"href":"https:\/\/www.europesays.com\/fr\/wp-json\/wp\/v2\/posts\/478146\/revisions"}],"wp:featuredmedia":[{"embeddable":true,"href":"https:\/\/www.europesays.com\/fr\/wp-json\/wp\/v2\/media\/478147"}],"wp:attachment":[{"href":"https:\/\/www.europesays.com\/fr\/wp-json\/wp\/v2\/media?parent=478146"}],"wp:term":[{"taxonomy":"category","embeddable":true,"href":"https:\/\/www.europesays.com\/fr\/wp-json\/wp\/v2\/categories?post=478146"},{"taxonomy":"post_tag","embeddable":true,"href":"https:\/\/www.europesays.com\/fr\/wp-json\/wp\/v2\/tags?post=478146"}],"curies":[{"name":"wp","href":"https:\/\/api.w.org\/{rel}","templated":true}]}}