{"id":478161,"date":"2025-10-20T23:32:42","date_gmt":"2025-10-20T23:32:42","guid":{"rendered":"https:\/\/www.europesays.com\/fr\/478161\/"},"modified":"2025-10-20T23:32:42","modified_gmt":"2025-10-20T23:32:42","slug":"tout-de-suite-je-vois-que-cest-grave-une-femme-poignardee-pour-un-conflit-de-voisinage-a-grenoble","status":"publish","type":"post","link":"https:\/\/www.europesays.com\/fr\/478161\/","title":{"rendered":"\u00ab\u00a0Tout de suite, je vois que c&rsquo;est grave\u00a0\u00bb : une femme poignard\u00e9e pour un conflit de voisinage \u00e0 Grenoble"},"content":{"rendered":"<ul class=\"jsx-862013697 ArticleChapo__List\">\n<li class=\"jsx-862013697 ArticleChapo__List_Item flex\">Une femme de 24 ans a \u00e9t\u00e9 mortellement poignard\u00e9e samedi par sa voisine \u00e0 Grenoble.<\/li>\n<li class=\"jsx-862013697 ArticleChapo__List_Item flex\">La raison de l&rsquo;altercation : des nuisances sonores.<\/li>\n<li class=\"jsx-862013697 ArticleChapo__List_Item flex\">L&rsquo;auteur pr\u00e9sum\u00e9 des faits a \u00e9t\u00e9 interpell\u00e9e et plac\u00e9e en garde \u00e0 vue.<\/li>\n<\/ul>\n<p><a href=\"https:\/\/www.tf1info.fr\/emissions\/lci\/la-matinale-14333\/\" rel=\"noopener\" class=\"jsx-484472199 Link jsx-1428418400 jsx-640816507\" target=\"_blank\"><\/p>\n<p style=\"font-weight:400\" class=\"jsx-1837267516\">Suivez la couverture compl\u00e8te<\/p>\n<p style=\"font-weight:800\" class=\"jsx-1837267516\">La Matinale<\/p>\n<p><\/a><\/p>\n<p data-module=\"article-paragraph\" class=\"jsx-3046738180 Paragraph\">Un conflit voisinage qui a a d\u00e9g\u00e9n\u00e9r\u00e9 en meurtre \u00e0 <a href=\"https:\/\/www.tf1info.fr\/societe\/grenoble-meilleure-qualite-de-vie-au-monde-la-ville-de-l-isere-numero-un-des-villes-mondiales-que-penser-de-ce-classement-oxford-economics-2315623.html\" target=\"_blank\" rel=\"noopener\">Grenoble<\/a>, samedi 18 octobre. Dans une rue tranquille de la ville, une femme de 24 ans a \u00e9t\u00e9 poignard\u00e9e par sa voisine, en raison de nuisances sonores. La victime n&rsquo;a pas surv\u00e9cu. La suspecte, \u00e2g\u00e9e de 20 ans, a \u00e9t\u00e9 interpell\u00e9e et plac\u00e9e en garde \u00e0 vue. Elle a \u00e9t\u00e9 prolong\u00e9e ce dimanche.\u00a0<\/p>\n<p data-module=\"article-paragraph\" class=\"jsx-3046738180 Paragraph Paragraph__End\">Dans la soir\u00e9e de samedi, la victime rend visite \u00e0 sa m\u00e8re. Elle s&rsquo;est plainte du tapage fait par sa voisine, install\u00e9e au 2\u1d49 \u00e9tage. Apr\u00e8s une violente dispute, celle-ci l&rsquo;aurait poignard\u00e9e. Une femme habitant dans la rue a assist\u00e9 \u00e0 l&rsquo;arriv\u00e9e des secours. \u00ab\u00a0Tout de suite, je vois que c&rsquo;est grave\u00a0\u00bb, r\u00e9v\u00e8le-t-elle \u00e0 notre \u00e9quipe. \u00ab\u00a0Sur le corps de la victime, il a \u00e9t\u00e9 constat\u00e9 une plaie au niveau du c\u0153ur, compatible avec l&rsquo;usage d&rsquo;un couteau \u00e0 steak et au moins une plaie au visage\u00a0\u00bb, affirme le procureur adjoint \u00e0 Grenoble, Fran\u00e7ois Touret de Coucy.\u00a0<\/p>\n<p><a href=\"https:\/\/www.tf1info.fr\/justice-faits-divers\/video-conflit-de-voisinage-heritage-formation-comment-devenir-mediateur-ces-maillons-essentiels-de-la-justice-civile-2296418.html\" rel=\"noopener\" class=\"jsx-3308031228 Link flex\" target=\"_blank\"><img decoding=\"async\" src=\"https:\/\/www.europesays.com\/fr\/wp-content\/uploads\/2025\/10\/mediateur-de-justice-c53847-0@1x.jpeg\" alt=\"TF1\" loading=\"lazy\" importance=\"low\" fetchpriority=\"low\" class=\"\" aria-hidden=\"true\"\/><\/p>\n<p class=\"jsx-3657663356 ReadMoreArticle__Title\">Lire aussi<\/p>\n<p class=\"jsx-3657663356\">VID\u00c9O &#8211; Conflits de voisinages, h\u00e9ritage\u2026 Qui sont les m\u00e9diateurs, ces maillons essentiels de la justice civile<\/p>\n<p><\/a><\/p>\n<p data-module=\"article-paragraph\" class=\"jsx-3046738180 Paragraph\">Lors de sa garde \u00e0 vue, prolong\u00e9e dimanche, la mise en cause a commenc\u00e9 \u00e0 s&rsquo;expliquer sur les faits. \u00ab\u00a0Elle dit qu&rsquo;elle a eu peur de mourir\u00a0\u00bb, rapporte son avocat, Ma\u00eetre Ronald Gallo. Ce dernier indique \u00e9galement que la suspecte \u00ab\u00a0a perdu la cl\u00e9 de sa porte\u00a0\u00bb, donc les \u00ab\u00a0personnes entrent chez elle\u00a0\u00bb. Selon lui, c&rsquo;est \u00ab\u00a0un geste malheureux, c&rsquo;est un geste de survie\u00a0\u00bb.\u00a0<\/p>\n<p data-module=\"article-paragraph\" class=\"jsx-3046738180 Paragraph Paragraph__End\">La victime est connue de la justice apr\u00e8s une condamnation en 2020 \u00e0 une peine de sursis dans une affaire de stup\u00e9fiants. De m\u00eame que l&rsquo;auteur pr\u00e9sum\u00e9, qui a fait l&rsquo;objet d&rsquo;un rappel \u00e0 la loi en 2021 pour violence sur mineur de 15 ans.<\/p>\n<p>La r\u00e9daction de TF1info<\/p>\n","protected":false},"excerpt":{"rendered":"Une femme de 24 ans a \u00e9t\u00e9 mortellement poignard\u00e9e samedi par sa voisine \u00e0 Grenoble. La raison de&hellip;\n","protected":false},"author":2,"featured_media":478162,"comment_status":"","ping_status":"","sticky":false,"template":"","format":"standard","meta":{"footnotes":""},"categories":[9566],"tags":[1111,11,1921,2430,8468,1777,674,6017,1011,27,2731,1922,303,2954,6225,12,1072,25,133,2953],"class_list":{"0":"post-478161","1":"post","2":"type-post","3":"status-publish","4":"format-standard","5":"has-post-thumbnail","7":"category-grenoble","8":"tag-actu","9":"tag-actualites","10":"tag-article-video","11":"tag-auvergne-rhone-alpes","12":"tag-conflit-de-voisinage","13":"tag-eu","14":"tag-europe","15":"tag-fait-divers","16":"tag-fr","17":"tag-france","18":"tag-grenoble","19":"tag-info","20":"tag-justice","21":"tag-justice-et-faits-divers","22":"tag-la-matinale","23":"tag-news","24":"tag-police","25":"tag-republique-francaise","26":"tag-video","27":"tag-video-police"},"share_on_mastodon":{"url":"https:\/\/pubeurope.com\/@fr\/115409109704680161","error":""},"_links":{"self":[{"href":"https:\/\/www.europesays.com\/fr\/wp-json\/wp\/v2\/posts\/478161","targetHints":{"allow":["GET"]}}],"collection":[{"href":"https:\/\/www.europesays.com\/fr\/wp-json\/wp\/v2\/posts"}],"about":[{"href":"https:\/\/www.europesays.com\/fr\/wp-json\/wp\/v2\/types\/post"}],"author":[{"embeddable":true,"href":"https:\/\/www.europesays.com\/fr\/wp-json\/wp\/v2\/users\/2"}],"replies":[{"embeddable":true,"href":"https:\/\/www.europesays.com\/fr\/wp-json\/wp\/v2\/comments?post=478161"}],"version-history":[{"count":0,"href":"https:\/\/www.europesays.com\/fr\/wp-json\/wp\/v2\/posts\/478161\/revisions"}],"wp:featuredmedia":[{"embeddable":true,"href":"https:\/\/www.europesays.com\/fr\/wp-json\/wp\/v2\/media\/478162"}],"wp:attachment":[{"href":"https:\/\/www.europesays.com\/fr\/wp-json\/wp\/v2\/media?parent=478161"}],"wp:term":[{"taxonomy":"category","embeddable":true,"href":"https:\/\/www.europesays.com\/fr\/wp-json\/wp\/v2\/categories?post=478161"},{"taxonomy":"post_tag","embeddable":true,"href":"https:\/\/www.europesays.com\/fr\/wp-json\/wp\/v2\/tags?post=478161"}],"curies":[{"name":"wp","href":"https:\/\/api.w.org\/{rel}","templated":true}]}}