{"id":478163,"date":"2025-10-20T23:34:33","date_gmt":"2025-10-20T23:34:33","guid":{"rendered":"https:\/\/www.europesays.com\/fr\/478163\/"},"modified":"2025-10-20T23:34:33","modified_gmt":"2025-10-20T23:34:33","slug":"donner-un-second-souffle-a-villejean-1-600-logements-renoves-dans-ce-quartier-rennais","status":"publish","type":"post","link":"https:\/\/www.europesays.com\/fr\/478163\/","title":{"rendered":"\u00ab Donner un second souffle \u00e0 Villejean \u00bb : 1\u00a0600\u00a0logements r\u00e9nov\u00e9s dans ce quartier rennais"},"content":{"rendered":"<tr wp_automatic_readability=\"5.888198757764\">\n<td valign=\"middle\" align=\"center\" class=\"col-logo\" wp_automatic_readability=\"5\">\n    <img decoding=\"async\" src=\"https:\/\/maville.com\/design\/images\/logo-of-monetise.svg?version=20130627\" alt=\"logo Ouest-France\" height=\"66\"\/><\/p>\n<p>Contenu r\u00e9serv\u00e9 aux abonn\u00e9s<\/p>\n<\/td>\n<td class=\"col-titre\">\n\t\t\tLundi 20 octobre 2025 20:17<br \/>\n\t\t\t<a class=\"icon-bulle sizeL count\" href=\"#ancreAvis\"><br \/>\n\t&#8230;<br \/>\n<\/a><\/td>\n<\/tr>\n<p>\t\t<a class=\"mavillebox2 elmt-photo\" href=\"https:\/\/maville.com\/photosmvi\/2025\/10\/20\/P35534599D7029375G.jpg\" title=\" La dalle Kennedy a \u00e9t\u00e9 r\u00e9nov\u00e9e une premi\u00e8re fois en 2007. Vingt ans apr\u00e8s, une nouvelle phase de travaux va permettre d\u2019am\u00e9liorer les logements.  \u00a9  archives Marc Ollivier\/Ouest-France  \" rel=\"galerie_actu nofollow noopener\" target=\"_blank\"><br \/>\n\t<img decoding=\"async\" src=\"https:\/\/www.europesays.com\/fr\/wp-content\/uploads\/2025\/10\/P35534599D7029375G_crop_640-330_.jpg\" alt=\"photo  la dalle kennedy a \u00e9t\u00e9 r\u00e9nov\u00e9e une premi\u00e8re fois en 2007. vingt ans apr\u00e8s, une nouvelle phase de travaux va permettre d\u2019am\u00e9liorer les logements.  \u00a9  archives marc ollivier\/ouest-france \"\/><br \/>\n\t3<br \/>\n<\/a><\/p>\n<p class=\"elmt-legende\"> La dalle Kennedy a \u00e9t\u00e9 r\u00e9nov\u00e9e une premi\u00e8re fois en 2007. Vingt ans apr\u00e8s, une nouvelle phase de travaux va permettre d\u2019am\u00e9liorer les logements.  \u00a9  archives Marc Ollivier\/Ouest-France  <\/p>\n<p><a class=\"mavillebox2\" href=\"https:\/\/maville.com\/photosmvi\/2025\/10\/20\/P35534600D7029375G.jpg\" title=\"Sur cette image d\u2019archives, la construction du parking relais, lors de l\u2019arriv\u00e9e du m\u00e9tro dans le quartier de Villejean. \u00a9  archives Ouest-France \" rel=\"galerie_actu nofollow noopener\" target=\"_blank\"><a class=\"mavillebox2\" href=\"https:\/\/maville.com\/photosmvi\/2025\/10\/20\/P35534601D7029375G.jpg\" title=\"Le quartier de Villejean b\u00e9n\u00e9ficie de nouveaux \u00e9quipements, comme un p\u00f4le petite enfance et un p\u00f4le m\u00e9dical. \u00a9  Archives Ouest-France \" rel=\"galerie_actu nofollow noopener\" target=\"_blank\"><\/p>\n<p>\t\tLes huit tours Espacil situ\u00e9es sur la dalle Kennedy, dans le quartier de Villejean, \u00e0 Rennes (Ille-et-Vilaine), vont b\u00e9n\u00e9ficier de grands travaux. Au total, plus de 1\u00a0600\u00a0logements seront r\u00e9habilit\u00e9s d\u2019ici 2030. Un coup de jeune pour ces grands ensembles des ann\u00e9es 1960.<\/p>\n<p><b>Cet article est r\u00e9serv\u00e9 aux abonn\u00e9s<\/b><\/p>\n<p>Pour un acc\u00e8s imm\u00e9diat, abonnez-vous<\/p>\n<p><b>1\u00e8re semaine offerte<\/b><\/p>\n<p>\t\t Olivier BERREZAI. \u00a0\u00a0<br \/>\n\t\tOuest-France<\/p>\n<p>Retrouvez d&rsquo;autres actus sur la commune de :<\/p>\n<p>\t\t&#13;<\/p>\n","protected":false},"excerpt":{"rendered":"Contenu r\u00e9serv\u00e9 aux abonn\u00e9s Lundi 20 octobre 2025 20:17 &#8230; 3 La dalle Kennedy a \u00e9t\u00e9 r\u00e9nov\u00e9e une&hellip;\n","protected":false},"author":2,"featured_media":478164,"comment_status":"","ping_status":"","sticky":false,"template":"","format":"standard","meta":{"footnotes":""},"categories":[2821],"tags":[12106,13709,1111,11,829,11269,1777,674,1011,27,2846,12,5775,13658,584,60167,25,3728,60166,50698,5375],"class_list":{"0":"post-478163","1":"post","2":"type-post","3":"status-publish","4":"format-standard","5":"has-post-thumbnail","7":"category-rennes","8":"tag-12106","9":"tag-13709","10":"tag-actu","11":"tag-actualites","12":"tag-bretagne","13":"tag-donner","14":"tag-eu","15":"tag-europe","16":"tag-fr","17":"tag-france","18":"tag-logements","19":"tag-news","20":"tag-quartier","21":"tag-rennais","22":"tag-rennes","23":"tag-renoves","24":"tag-republique-francaise","25":"tag-saint-malo","26":"tag-second","27":"tag-souffle","28":"tag-villejean"},"share_on_mastodon":{"url":"https:\/\/pubeurope.com\/@fr\/115409118490356010","error":""},"_links":{"self":[{"href":"https:\/\/www.europesays.com\/fr\/wp-json\/wp\/v2\/posts\/478163","targetHints":{"allow":["GET"]}}],"collection":[{"href":"https:\/\/www.europesays.com\/fr\/wp-json\/wp\/v2\/posts"}],"about":[{"href":"https:\/\/www.europesays.com\/fr\/wp-json\/wp\/v2\/types\/post"}],"author":[{"embeddable":true,"href":"https:\/\/www.europesays.com\/fr\/wp-json\/wp\/v2\/users\/2"}],"replies":[{"embeddable":true,"href":"https:\/\/www.europesays.com\/fr\/wp-json\/wp\/v2\/comments?post=478163"}],"version-history":[{"count":0,"href":"https:\/\/www.europesays.com\/fr\/wp-json\/wp\/v2\/posts\/478163\/revisions"}],"wp:featuredmedia":[{"embeddable":true,"href":"https:\/\/www.europesays.com\/fr\/wp-json\/wp\/v2\/media\/478164"}],"wp:attachment":[{"href":"https:\/\/www.europesays.com\/fr\/wp-json\/wp\/v2\/media?parent=478163"}],"wp:term":[{"taxonomy":"category","embeddable":true,"href":"https:\/\/www.europesays.com\/fr\/wp-json\/wp\/v2\/categories?post=478163"},{"taxonomy":"post_tag","embeddable":true,"href":"https:\/\/www.europesays.com\/fr\/wp-json\/wp\/v2\/tags?post=478163"}],"curies":[{"name":"wp","href":"https:\/\/api.w.org\/{rel}","templated":true}]}}