{"id":478167,"date":"2025-10-20T23:41:38","date_gmt":"2025-10-20T23:41:38","guid":{"rendered":"https:\/\/www.europesays.com\/fr\/478167\/"},"modified":"2025-10-20T23:41:38","modified_gmt":"2025-10-20T23:41:38","slug":"a-strasbourg-un-immense-batiment-de-19-088-m%c2%b2-seleve-au-wacken","status":"publish","type":"post","link":"https:\/\/www.europesays.com\/fr\/478167\/","title":{"rendered":"\u00e0 Strasbourg, un immense b\u00e2timent de 19 088 m\u00b2 s&rsquo;\u00e9l\u00e8ve au Wacken"},"content":{"rendered":"<p>    <img loading=\"lazy\" width=\"1800\" height=\"900\" src=\"https:\/\/www.europesays.com\/fr\/wp-content\/uploads\/2025\/08\/jeanne-callthepolice.jpg\" class=\"attachment-full size-full\" alt=\"\" id=\"imageLove\" decoding=\"async\"  \/><\/p>\n<p id=\"breadcrumbs\"><a href=\"https:\/\/pokaa.fr\/\" rel=\"nofollow noopener\" target=\"_blank\">Accueil<\/a> \/ <a href=\"https:\/\/pokaa.fr\/categories\/actu\/\" rel=\"nofollow noopener\" target=\"_blank\">Info locale<\/a> \/ Osmose 2 : \u00e0 Strasbourg, un immense b\u00e2timent de 19 088 m\u00b2 s\u2019\u00e9l\u00e8ve au Wacken<\/p>\n<p>                    Info locale<\/p>\n<p><b>\u00c0 deux pas du Parlement europ\u00e9en (PE), l\u2019imposant chantier Osmose 2 a repris en 2024, apr\u00e8s une longue pause. Pr\u00e9vu pour le 2e semestre 2026, le b\u00e2timent, qui accueillera une banque, s\u2019\u00e9tend sur 8 niveaux et 19 088 m\u00b2, avec des toitures v\u00e9g\u00e9talis\u00e9es et 470 m\u00b2 d\u2019espace vert en son centre. Visite des travaux en photos, et en infos.<\/b><\/p>\n<p class=\"p3\">Au Wacken, Osmose 2 ne suivra pas le destin de son voisin Osmose 1, rest\u00e9 vide pendant pr\u00e8s de deux ans avant son occupation par le Parlement europ\u00e9en en 2023. Avec des travaux qui ont d\u00e9marr\u00e9 en 2024, et qui se termineront au 2e trimestre 2026 si les d\u00e9lais sont respect\u00e9s, <b>le b\u00e2timent de 19 088 m\u00b2 a d\u00e9j\u00e0 trouv\u00e9 son occupant, et ne restera donc pas vide<\/b>.<\/p>\n<p class=\"p3\"><strong>C<\/strong><b>\u2018est en effet la filiale informatique du Cr\u00e9dit Mutuel qui occupera les lieux<\/b>. Une derni\u00e8re \u00e9tape pour refermer la page du quartier d\u2019affaires Archipel 1 au budget de 58 millions d\u2019euros, que l\u2019on a pu d\u00e9couvrir le 7 octobre dernier, lors d\u2019une visite organis\u00e9e par OSLO et ARTBUILD, les architectes du projet.<\/p>\n<p>                <a href=\"https:\/\/pokaa.fr\/2025\/07\/16\/plus-de-70-000-m2-au-wacken-le-projet-archipel-2-continue-de-grandir-a-strasbourg\/\" rel=\"nofollow noopener\" target=\"_blank\"><br \/>\n                    <img width=\"450\" height=\"270\" src=\"https:\/\/www.europesays.com\/fr\/wp-content\/uploads\/2025\/07\/1753195045_367_b1-450x270.png\" class=\"attachment-card-horizontal--same-subject size-card-horizontal--same-subject wp-post-image\" alt=\"\" decoding=\"async\" loading=\"lazy\"\/>                <\/a><\/p>\n<p>    <img width=\"800\" height=\"599\" src=\"https:\/\/www.europesays.com\/fr\/wp-content\/uploads\/2025\/10\/jean-marc-bannwarth03-oslo-osmose2-290825-800x599.jpg\" class=\"attachment-image-size-L size-image-size-L\" alt=\"03_Oslo_OSMOSE2-290825\" decoding=\"async\" loading=\"lazy\"  \/>         \u00a9 Jean-Marc-Bannwarth \/ Document remis <\/p>\n<p>8 niveaux, des bureaux et m\u00eame un lounge : Osmose 2 sous toutes ses coutures<\/p>\n<p class=\"p3\">On commence par l\u2019ext\u00e9rieur : on y voit un b\u00e2timent assez semblable \u00e0 son voisin Osmose 1, qui a servi de prototype pour Osmose 2. Si l\u2019on regarde bien, on remarque tout de m\u00eame quelques subtiles diff\u00e9rences : <b>notamment au niveau des brise-soleil, qui ne sont pas en gris aluminium mais plut\u00f4t rouge ocre, sorte de clin d\u2019\u0153il \u00e0 la cour Louise Weiss du Parlement europ\u00e9en<\/b>.<\/p>\n<p>                <img width=\"636\" height=\"500\" src=\"https:\/\/www.europesays.com\/fr\/wp-content\/uploads\/2025\/10\/img-1673-grande-636x500.jpeg\" class=\"attachment-gallery size-gallery\" alt=\"osmose exterieur wacken\" data-full-url=\"https:\/\/pokaa.fr\/wp-content\/uploads\/2025\/10\/20\/img-1673-grande.jpeg\" decoding=\"async\" loading=\"lazy\"  \/>            <\/p>\n<p>                <img width=\"667\" height=\"500\" src=\"https:\/\/www.europesays.com\/fr\/wp-content\/uploads\/2025\/10\/img-1687-grande-667x500.jpeg\" class=\"attachment-gallery size-gallery\" alt=\"osmose exterieur wacken\" data-full-url=\"https:\/\/pokaa.fr\/wp-content\/uploads\/2025\/10\/20\/img-1687-grande.jpeg\" decoding=\"async\" loading=\"lazy\"  \/>            <\/p>\n<p>                <img width=\"667\" height=\"500\" src=\"https:\/\/www.europesays.com\/fr\/wp-content\/uploads\/2025\/10\/img-1684-grande-667x500.jpeg\" class=\"attachment-gallery size-gallery\" alt=\"osmose exterieur wacken\" data-full-url=\"https:\/\/pokaa.fr\/wp-content\/uploads\/2025\/10\/20\/img-1684-grande.jpeg\" decoding=\"async\" loading=\"lazy\"  \/>            <\/p>\n<p>                    \u00a9 Nicolas Kaspar \/ Pokaa<\/p>\n<p>\u00c0 l\u2019int\u00e9rieur, on d\u00e9couvre ensuite un b\u00e2timent encore en chantier sur ses 8 niveaux. <b>Au rez-de-chauss\u00e9e, on trouve l\u2019accueil, un restaurant d\u2019entreprise mais aussi une salle de sport<\/b>. Aux diff\u00e9rentes \u00e9tages se succ\u00e9deront des bureaux et espaces classiques, avec des open spaces. Il y aura \u00e9galement un espace d\u00e9tente par \u00e9tage.<\/p>\n<p>                <img width=\"667\" height=\"500\" src=\"https:\/\/www.europesays.com\/fr\/wp-content\/uploads\/2025\/10\/img-1691-grande-667x500.jpeg\" class=\"attachment-gallery size-gallery\" alt=\"osmose int\u00e9rieur wacken\" data-full-url=\"https:\/\/pokaa.fr\/wp-content\/uploads\/2025\/10\/20\/img-1691-grande.jpeg\" decoding=\"async\" loading=\"lazy\"  \/>            <\/p>\n<p>                <img width=\"667\" height=\"500\" src=\"https:\/\/www.europesays.com\/fr\/wp-content\/uploads\/2025\/10\/img-1692-grande-667x500.jpeg\" class=\"attachment-gallery size-gallery\" alt=\"osmose int\u00e9rieur wacken\" data-full-url=\"https:\/\/pokaa.fr\/wp-content\/uploads\/2025\/10\/20\/img-1692-grande.jpeg\" decoding=\"async\" loading=\"lazy\"  \/>            <\/p>\n<p>                <img width=\"667\" height=\"500\" src=\"https:\/\/www.europesays.com\/fr\/wp-content\/uploads\/2025\/10\/img-1696-grande-667x500.jpeg\" class=\"attachment-gallery size-gallery\" alt=\"osmose int\u00e9rieur wacken\" data-full-url=\"https:\/\/pokaa.fr\/wp-content\/uploads\/2025\/10\/20\/img-1696-grande.jpeg\" decoding=\"async\" loading=\"lazy\"  \/>            <\/p>\n<p>                    \u00a9 Nicolas Kaspar \/ Pokaa<\/p>\n<p>Finalement, au dernier niveau, on retrouve un lobby, un amphith\u00e9\u00e2tre, mais aussi de grandes salles de r\u00e9union et m\u00eame un lounge, avec une vue imprenable sur Strasbourg.\u00a0 <b>Il y aura \u00e9galement une terrasse accessible avec un espace vert central de 470 m\u00b2 en R+7 et des toitures v\u00e9g\u00e9talis\u00e9es au R+8<\/b>. Le reste, c\u2019est en photos !<\/p>\n<p>                <img width=\"667\" height=\"500\" src=\"https:\/\/www.europesays.com\/fr\/wp-content\/uploads\/2025\/10\/img-1681-grande-667x500.jpeg\" class=\"attachment-gallery size-gallery\" alt=\"osmose exterieur wacken\" data-full-url=\"https:\/\/pokaa.fr\/wp-content\/uploads\/2025\/10\/20\/img-1681-grande.jpeg\" decoding=\"async\" loading=\"lazy\"  \/>            <\/p>\n<p>                <img width=\"667\" height=\"500\" src=\"https:\/\/www.europesays.com\/fr\/wp-content\/uploads\/2025\/10\/img-1721-grande-667x500.jpeg\" class=\"attachment-gallery size-gallery\" alt=\"osmose terrasse wacken\" data-full-url=\"https:\/\/pokaa.fr\/wp-content\/uploads\/2025\/10\/20\/img-1721-grande.jpeg\" decoding=\"async\" loading=\"lazy\"  \/>            <\/p>\n<p>                <img width=\"667\" height=\"500\" src=\"https:\/\/www.europesays.com\/fr\/wp-content\/uploads\/2025\/10\/img-1725-grande-667x500.jpeg\" class=\"attachment-gallery size-gallery\" alt=\"cr\u00e9dit mutuel wacken\" data-full-url=\"https:\/\/pokaa.fr\/wp-content\/uploads\/2025\/10\/20\/img-1725-grande.jpeg\" decoding=\"async\" loading=\"lazy\"  \/>            <\/p>\n<p>                    \u00a9 Nicolas Kaspar \/ Pokaa<\/p>\n<p>                <img width=\"667\" height=\"500\" src=\"https:\/\/www.europesays.com\/fr\/wp-content\/uploads\/2025\/10\/img-1685-grande-667x500.jpeg\" class=\"attachment-gallery size-gallery\" alt=\"osmose exterieur wacken\" data-full-url=\"https:\/\/pokaa.fr\/wp-content\/uploads\/2025\/10\/20\/img-1685-grande.jpeg\" decoding=\"async\" loading=\"lazy\"  \/>            <\/p>\n<p>                <img width=\"667\" height=\"500\" src=\"https:\/\/www.europesays.com\/fr\/wp-content\/uploads\/2025\/10\/img-1678-grande-667x500.jpeg\" class=\"attachment-gallery size-gallery\" alt=\"osmose exterieur wacken\" data-full-url=\"https:\/\/pokaa.fr\/wp-content\/uploads\/2025\/10\/20\/img-1678-grande.jpeg\" decoding=\"async\" loading=\"lazy\"  \/>            <\/p>\n<p>                <img width=\"667\" height=\"500\" src=\"https:\/\/www.europesays.com\/fr\/wp-content\/uploads\/2025\/10\/img-1688-grande-667x500.jpeg\" class=\"attachment-gallery size-gallery\" alt=\"osmose exterieur wacken\" data-full-url=\"https:\/\/pokaa.fr\/wp-content\/uploads\/2025\/10\/20\/img-1688-grande.jpeg\" decoding=\"async\" loading=\"lazy\"  \/>            <\/p>\n<p>                <img width=\"667\" height=\"500\" src=\"https:\/\/www.europesays.com\/fr\/wp-content\/uploads\/2025\/10\/img-1689-grande-667x500.jpeg\" class=\"attachment-gallery size-gallery\" alt=\"osmose exterieur wacken\" data-full-url=\"https:\/\/pokaa.fr\/wp-content\/uploads\/2025\/10\/20\/img-1689-grande.jpeg\" decoding=\"async\" loading=\"lazy\"  \/>            <\/p>\n<p>                    \u00a9 Nicolas Kaspar \/ Pokaa<\/p>\n<p>                <img width=\"375\" height=\"500\" src=\"https:\/\/www.europesays.com\/fr\/wp-content\/uploads\/2025\/10\/img-1706-grande-375x500.jpeg\" class=\"attachment-gallery size-gallery\" alt=\"chantier travaux osmose wacken\" data-full-url=\"https:\/\/pokaa.fr\/wp-content\/uploads\/2025\/10\/20\/img-1706-grande.jpeg\" decoding=\"async\" loading=\"lazy\"  \/>            <\/p>\n<p>                <img width=\"375\" height=\"500\" src=\"https:\/\/www.europesays.com\/fr\/wp-content\/uploads\/2025\/10\/img-1707-grande-375x500.jpeg\" class=\"attachment-gallery size-gallery\" alt=\"chantier travaux osmose wacken\" data-full-url=\"https:\/\/pokaa.fr\/wp-content\/uploads\/2025\/10\/20\/img-1707-grande.jpeg\" decoding=\"async\" loading=\"lazy\"  \/>            <\/p>\n<p>                <img width=\"667\" height=\"500\" src=\"https:\/\/www.europesays.com\/fr\/wp-content\/uploads\/2025\/10\/img-1698-grande-667x500.jpeg\" class=\"attachment-gallery size-gallery\" alt=\"osmose int\u00e9rieur wacken\" data-full-url=\"https:\/\/pokaa.fr\/wp-content\/uploads\/2025\/10\/20\/img-1698-grande.jpeg\" decoding=\"async\" loading=\"lazy\"  \/>            <\/p>\n<p>                    \u00a9 Nicolas Kaspar \/ Pokaa<\/p>\n<p>                <img width=\"667\" height=\"500\" src=\"https:\/\/www.europesays.com\/fr\/wp-content\/uploads\/2025\/10\/img-1722-grande-667x500.jpeg\" class=\"attachment-gallery size-gallery\" alt=\"rh\u00e9nus wacken\" data-full-url=\"https:\/\/pokaa.fr\/wp-content\/uploads\/2025\/10\/20\/img-1722-grande.jpeg\" decoding=\"async\" loading=\"lazy\"  \/>            <\/p>\n<p>                <img width=\"667\" height=\"500\" src=\"https:\/\/www.europesays.com\/fr\/wp-content\/uploads\/2025\/10\/img-1723-grande-667x500.jpeg\" class=\"attachment-gallery size-gallery\" alt=\"wacken\" data-full-url=\"https:\/\/pokaa.fr\/wp-content\/uploads\/2025\/10\/20\/img-1723-grande.jpeg\" decoding=\"async\" loading=\"lazy\"  \/>            <\/p>\n<p>                <img width=\"667\" height=\"500\" src=\"https:\/\/www.europesays.com\/fr\/wp-content\/uploads\/2025\/10\/img-1724-grande-667x500.jpeg\" class=\"attachment-gallery size-gallery\" alt=\"wacken\" data-full-url=\"https:\/\/pokaa.fr\/wp-content\/uploads\/2025\/10\/20\/img-1724-grande.jpeg\" decoding=\"async\" loading=\"lazy\"  \/>            <\/p>\n<p>                    \u00a9 Nicolas Kaspar \/ Pokaa<\/p>\n","protected":false},"excerpt":{"rendered":"Accueil \/ Info locale \/ Osmose 2 : \u00e0 Strasbourg, un immense b\u00e2timent de 19 088 m\u00b2 s\u2019\u00e9l\u00e8ve&hellip;\n","protected":false},"author":2,"featured_media":478168,"comment_status":"","ping_status":"","sticky":false,"template":"","format":"standard","meta":{"footnotes":""},"categories":[2820],"tags":[1111,11,1777,674,1011,27,775,12,60168,25,640,17404],"class_list":{"0":"post-478167","1":"post","2":"type-post","3":"status-publish","4":"format-standard","5":"has-post-thumbnail","7":"category-strasbourg","8":"tag-actu","9":"tag-actualites","10":"tag-eu","11":"tag-europe","12":"tag-fr","13":"tag-france","14":"tag-grand-est","15":"tag-news","16":"tag-osmose","17":"tag-republique-francaise","18":"tag-strasbourg","19":"tag-wacken"},"share_on_mastodon":{"url":"https:\/\/pubeurope.com\/@fr\/115409145302222866","error":""},"_links":{"self":[{"href":"https:\/\/www.europesays.com\/fr\/wp-json\/wp\/v2\/posts\/478167","targetHints":{"allow":["GET"]}}],"collection":[{"href":"https:\/\/www.europesays.com\/fr\/wp-json\/wp\/v2\/posts"}],"about":[{"href":"https:\/\/www.europesays.com\/fr\/wp-json\/wp\/v2\/types\/post"}],"author":[{"embeddable":true,"href":"https:\/\/www.europesays.com\/fr\/wp-json\/wp\/v2\/users\/2"}],"replies":[{"embeddable":true,"href":"https:\/\/www.europesays.com\/fr\/wp-json\/wp\/v2\/comments?post=478167"}],"version-history":[{"count":0,"href":"https:\/\/www.europesays.com\/fr\/wp-json\/wp\/v2\/posts\/478167\/revisions"}],"wp:featuredmedia":[{"embeddable":true,"href":"https:\/\/www.europesays.com\/fr\/wp-json\/wp\/v2\/media\/478168"}],"wp:attachment":[{"href":"https:\/\/www.europesays.com\/fr\/wp-json\/wp\/v2\/media?parent=478167"}],"wp:term":[{"taxonomy":"category","embeddable":true,"href":"https:\/\/www.europesays.com\/fr\/wp-json\/wp\/v2\/categories?post=478167"},{"taxonomy":"post_tag","embeddable":true,"href":"https:\/\/www.europesays.com\/fr\/wp-json\/wp\/v2\/tags?post=478167"}],"curies":[{"name":"wp","href":"https:\/\/api.w.org\/{rel}","templated":true}]}}