{"id":478188,"date":"2025-10-20T23:54:15","date_gmt":"2025-10-20T23:54:15","guid":{"rendered":"https:\/\/www.europesays.com\/fr\/478188\/"},"modified":"2025-10-20T23:54:15","modified_gmt":"2025-10-20T23:54:15","slug":"la-circulation-perturbee-jusqua-nouvel-ordre-sur-le-boulevard-de-la-corderie","status":"publish","type":"post","link":"https:\/\/www.europesays.com\/fr\/478188\/","title":{"rendered":"la circulation perturb\u00e9e jusqu&rsquo;\u00e0 nouvel ordre sur le boulevard de la Corderie"},"content":{"rendered":"<p>La rue du commandant de Surian (6e), qui fait la jonction entre la rue des Tyrans, le boulevard de la Corderie et le cours Pierre-Puget, est un axe pratique pour rejoindre depuis le Vieux-Port (1er) la pr\u00e9fecture, les rues Breteuil ou Paradis vers le Prado (8e). Sauf quand il est ferm\u00e9 \u00e0 la circulation routi\u00e8re, comme c\u2019est le cas depuis vendredi 17\u00a0octobre, en raison du haut <a href=\"https:\/\/www.laprovence.com\/article\/societe\/38230546326728\/samatan-une-falaise-en-peril-au-coeur-de-marseille\" target=\"_blank\" rel=\"noopener\">mur d\u2019enceinte<\/a> en contrebas du <a href=\"https:\/\/www.laprovence.com\/article\/edition-marseille\/6333785\/de-notre-dame-au-calme-du-jardin-de-la-colline-puget.html\" target=\"_blank\" rel=\"noopener\">parc municipal Puget<\/a> qui montre des signes de faiblesse. Les joints sont endommag\u00e9s et friables et de la v\u00e9g\u00e9tation pousse dans les interstices. Entre jeudi et vendredi dernier, deux pierres se sont d\u00e9tach\u00e9es de la partie haute du mur et sont tomb\u00e9es sur la chauss\u00e9e.<\/p>\n<p>Cette chute n\u2019a pas fait de d\u00e9g\u00e2ts sur la route ou de bless\u00e9s mais l\u2019affaire a \u00e9t\u00e9 jug\u00e9e <a href=\"https:\/\/www.laprovence.com\/article\/region\/46024836152867\/video-a-marseille-qui-va-payer-pour-le-confortement-de-la-falaise-de-samatan\" target=\"_blank\" rel=\"noopener\">suffisamment inqui\u00e9tante<\/a> pour arr\u00eater la circulation. Les passants peuvent tout de m\u00eame passer du c\u00f4t\u00e9 gauche de la rue, \u00e0 l\u2019oppos\u00e9 du mur, derri\u00e8re des palissades m\u00e9talliques. D\u2019apr\u00e8s les services de la mairie, la structure globale de ce mur qui date du XVIIe\u00a0si\u00e8cle n\u2019est pas touch\u00e9e en profondeur.<\/p>\n<p>Les trajets des bus impact\u00e9s<\/p>\n<p>En fin de semaine, les pompiers sont toutefois intervenus pour \u00ab\u00a0gratter\u00a0\u00bb le mur de sout\u00e8nement et faire par anticipation tomber les roches les plus branlantes, qui ont ensuite \u00e9t\u00e9 d\u00e9pos\u00e9es sur le trottoir du boulevard de la Corderie. Des expertises, faites par la Ville, sont en cours sur place pour d\u00e9terminer si des travaux sont n\u00e9cessaires.<\/p>\n<p>Du c\u00f4t\u00e9 du r\u00e9seau de transports en commun, les trajets de trois bus sont impact\u00e9s au moins jusqu\u2019au 30\u00a0novembre. Pour les bus\u00a081, en direction du m\u00e9tro Saint-Just, et 54, vers le m\u00e9tro La Timone, les deux arr\u00eats Puget Moulet et Puget Roux de Brignoles (le long du cours Pierre-Puget) ne sont pas desservis et une d\u00e9viation est mise en place par le <a href=\"https:\/\/www.laprovence.com\/article\/region\/5726141703693314\/pres-des-vestiges-grecs-antiques-de-la-corderie-a-marseille-le-jardin-saint-nicolas-se-refait-enfin-une-beaute\" target=\"_blank\" rel=\"noopener\">boulevard de la Corderie<\/a>, la rue Fort Notre-Dame et la rue Breteuil. Une d\u00e9viation similaire s\u2019applique sur l\u2019itin\u00e9raire du bus S7 (direction place de la Corderie) qui ne peut pas non plus passer par l\u2019arr\u00eat Puget Moulet.<\/p>\n","protected":false},"excerpt":{"rendered":"La rue du commandant de Surian (6e), qui fait la jonction entre la rue des Tyrans, le boulevard&hellip;\n","protected":false},"author":2,"featured_media":478189,"comment_status":"","ping_status":"","sticky":false,"template":"","format":"standard","meta":{"footnotes":""},"categories":[2814],"tags":[17,1111,11,3542,1777,674,1011,30659,27,884,12597,12,153,7847,882,31555,16,25],"class_list":{"0":"post-478188","1":"post","2":"type-post","3":"status-publish","4":"format-standard","5":"has-post-thumbnail","7":"category-marseille","8":"tag-17","9":"tag-actu","10":"tag-actualites","11":"tag-circulation","12":"tag-eu","13":"tag-europe","14":"tag-fr","15":"tag-fragilise","16":"tag-france","17":"tag-marseille","18":"tag-mur","19":"tag-news","20":"tag-parc","21":"tag-perturbee","22":"tag-provence-alpes-cote-dazur","23":"tag-puget","24":"tag-region","25":"tag-republique-francaise"},"share_on_mastodon":{"url":"https:\/\/pubeurope.com\/@fr\/115409195038405708","error":""},"_links":{"self":[{"href":"https:\/\/www.europesays.com\/fr\/wp-json\/wp\/v2\/posts\/478188","targetHints":{"allow":["GET"]}}],"collection":[{"href":"https:\/\/www.europesays.com\/fr\/wp-json\/wp\/v2\/posts"}],"about":[{"href":"https:\/\/www.europesays.com\/fr\/wp-json\/wp\/v2\/types\/post"}],"author":[{"embeddable":true,"href":"https:\/\/www.europesays.com\/fr\/wp-json\/wp\/v2\/users\/2"}],"replies":[{"embeddable":true,"href":"https:\/\/www.europesays.com\/fr\/wp-json\/wp\/v2\/comments?post=478188"}],"version-history":[{"count":0,"href":"https:\/\/www.europesays.com\/fr\/wp-json\/wp\/v2\/posts\/478188\/revisions"}],"wp:featuredmedia":[{"embeddable":true,"href":"https:\/\/www.europesays.com\/fr\/wp-json\/wp\/v2\/media\/478189"}],"wp:attachment":[{"href":"https:\/\/www.europesays.com\/fr\/wp-json\/wp\/v2\/media?parent=478188"}],"wp:term":[{"taxonomy":"category","embeddable":true,"href":"https:\/\/www.europesays.com\/fr\/wp-json\/wp\/v2\/categories?post=478188"},{"taxonomy":"post_tag","embeddable":true,"href":"https:\/\/www.europesays.com\/fr\/wp-json\/wp\/v2\/tags?post=478188"}],"curies":[{"name":"wp","href":"https:\/\/api.w.org\/{rel}","templated":true}]}}