{"id":478194,"date":"2025-10-21T00:00:13","date_gmt":"2025-10-21T00:00:13","guid":{"rendered":"https:\/\/www.europesays.com\/fr\/478194\/"},"modified":"2025-10-21T00:00:13","modified_gmt":"2025-10-21T00:00:13","slug":"une-personne-est-decedee-suite-au-passage-dune-tornade","status":"publish","type":"post","link":"https:\/\/www.europesays.com\/fr\/478194\/","title":{"rendered":"une personne est d\u00e9c\u00e9d\u00e9e suite au passage d&rsquo;une tornade"},"content":{"rendered":"<p class=\"article__intro\">Une personne a \u00e9t\u00e9 tu\u00e9e et quatre autres ont \u00e9t\u00e9 gri\u00e8vement bless\u00e9es ce lundi au cours d&rsquo;un \u00e9pisode de vents violents. Une tornade s&rsquo;est abattue dans le secteur d&rsquo;Ermont dans le Val-d&rsquo;Oise en fin d&rsquo;apr\u00e8s-midi entra\u00eenant d&rsquo;importants d\u00e9g\u00e2ts mat\u00e9riels.<\/p>\n<p>\n      L\u2019actu des r\u00e9gions\n    <\/p>\n<p>\n      Chaque jour, un tour d\u2019horizon des principales infos de toutes les r\u00e9gions.\n    <\/p>\n<p>    France T\u00e9l\u00e9visions utilise votre adresse e-mail afin de vous envoyer la newsletter \u00ab\u00a0L\u2019actu des r\u00e9gions\u00a0\u00bb. Vous pouvez vous d\u00e9sinscrire \u00e0 tout moment via le lien en bas de cette newsletter. <a target=\"_blank\" href=\"https:\/\/www.francetelevisions.fr\/groupe\/confidentialite\/politique-de-confidentialite\/politique-de-confidentialite-de-france-televisions-6503\" rel=\"nofollow noopener\">Notre politique de confidentialit\u00e9<\/a><\/p>\n<p>\u00ab\u00a0On compte une personne d\u00e9c\u00e9d\u00e9e, quatre en urgence absolue et cinq en urgence relative\u00a0\u00bb, a d\u00e9taill\u00e9 lundi en d\u00e9but de soir\u00e9e la pr\u00e9fecture du Val-d&rsquo;Oise.\u00a0<\/p>\n<p>En fin de journ\u00e9e, vers 17 heures 45, une temp\u00eate s&rsquo;est abattue sur le d\u00e9partement. Des toits ont \u00e9t\u00e9 arrach\u00e9s sur le passage d&rsquo;une tornade.\u00a0Des grues sont tomb\u00e9es, l&rsquo;une s&rsquo;est effondr\u00e9e sur un b\u00e2timent d&rsquo;habitation \u00e0 Ermont. C&rsquo;est sur ce chantier que se trouvaient les victimes, pr\u00e9cise le pr\u00e9fet du Val-d&rsquo;Oise, Philippe Court, sur franceinfo.<\/p>\n<p>\u00ab\u00a0Une tornade s&rsquo;est abattue sur le Val-d&rsquo;Oise vers 17h45, en provoquant des dommages importants\u00a0\u00bb, indique l&rsquo;Observatoire fran\u00e7ais des orages et tornades <a href=\"https:\/\/www.keraunos.org\/actualites\/fil-infos\/2025\/octobre\/tornade-ermont-val-d-oise-20-octobre-2025-eaubonne-franconville\" target=\"_blank\" rel=\"noopener nofollow\">Keraunos.<\/a>\u00a0<\/p>\n<p>Un orage de nature supercellulaire remontant des Yvelines vers le Val-d&rsquo;Oise aurait provoqu\u00e9 cette tornade indique l&rsquo;Observatoire.<\/p>\n<blockquote class=\"twitter-tweet\">\n<p dir=\"ltr\" lang=\"fr\">\ud83c\udf2a\ufe0f Images impressionnantes de la tornade qui a frapp\u00e9 Ermont dans le Val-d&rsquo;Oise ce lundi vers 17h45. Trois grues sont tomb\u00e9es ! (\u00a9 hakim.9212) <a href=\"https:\/\/t.co\/7rpZuOpzSv\" rel=\"nofollow\">pic.twitter.com\/7rpZuOpzSv<\/a><\/p>\n<p>\u2014 M\u00e9t\u00e9o Express (@MeteoExpress) <a href=\"https:\/\/twitter.com\/MeteoExpress\/status\/1980324742339924458?ref_src=twsrc%5Etfw\" rel=\"nofollow noopener\" target=\"_blank\">October 20, 2025<\/a><\/p><\/blockquote>\n<p>80 pompiers, 50 policiers et 20 membres du Samu (service d&rsquo;aide m\u00e9dicale d&rsquo;urgence) ont \u00e9t\u00e9 mobilis\u00e9s dans le secteur d&rsquo;Ermont, Eaubonne, Andilly, Montmorency et Franconville. Au total une dizaine de villes du d\u00e9partement ont \u00e9t\u00e9 touch\u00e9es par ces vents violents.<\/p>\n<p>D&rsquo;importants d\u00e9g\u00e2ts mat\u00e9riels sont \u00e0 d\u00e9plorer. Un centre op\u00e9rationnel d\u00e9partemental a \u00e9t\u00e9 ouvert pour coordonner les op\u00e9rations de s\u00e9curit\u00e9 et de secours.<\/p>\n<blockquote class=\"twitter-tweet\">\n<p dir=\"ltr\" lang=\"fr\">\ud83c\udf2a\ufe0f La tornade qui a touch\u00e9 Ermont dans le Val-d&rsquo;Oise a fait tomber trois grues qui ont caus\u00e9 de gros d\u00e9g\u00e2ts en s&rsquo;abattant sur des b\u00e2timents. (\u00a9 Ahmed Saidane) <a href=\"https:\/\/t.co\/IlolrxeECQ\" rel=\"nofollow\">pic.twitter.com\/IlolrxeECQ<\/a><\/p>\n<p>\u2014 M\u00e9t\u00e9o Express (@MeteoExpress) <a href=\"https:\/\/twitter.com\/MeteoExpress\/status\/1980332725815914618?ref_src=twsrc%5Etfw\" rel=\"nofollow noopener\" target=\"_blank\">October 20, 2025<\/a><\/p><\/blockquote>\n<p>La mairie d&rsquo;Ermont a ouvert une cellule de crise au gymnase R\u00e9buffat (all\u00e9e Jean de Florette) pour accueillir les sinistr\u00e9s de la tornade.<\/p>\n<p>Selon Enedis, 1 500 foyers sont priv\u00e9s d&rsquo;\u00e9lectricit\u00e9, principalement dans le secteur d&rsquo;Ermont. Une trentaine d&rsquo;agents sont mobilis\u00e9s pour s\u00e9curiser les lignes. Le r\u00e9tablissement de l&rsquo;\u00e9lectricit\u00e9 devrait avoir lieu dans la journ\u00e9e de mardi.\u00a0<\/p>\n<p>En raison des vents violents, des arbres sont tomb\u00e9s sur les voies de circulation. Le trafic des trains est interrompu jusqu\u2019\u00e0 demain matin sur<a href=\"https:\/\/www.transilien.com\/\" target=\"_blank\" rel=\"noopener nofollow\"> la ligne H <\/a>pour tous les trains desservant Ermont. \u00a0<\/p>\n<blockquote class=\"twitter-tweet\">\n<p dir=\"ltr\" lang=\"fr\">\u274c<a href=\"https:\/\/twitter.com\/hashtag\/InfoTrafic?src=hash&amp;ref_src=twsrc%5Etfw\" rel=\"nofollow noopener\" target=\"_blank\">#InfoTrafic<\/a> <a href=\"https:\/\/twitter.com\/hashtag\/LigneH?src=hash&amp;ref_src=twsrc%5Etfw\" rel=\"nofollow noopener\" target=\"_blank\">#LigneH<\/a> \ud83d\udce2Information<br \/>A la suite de violents coups de vent sur le nord de l&rsquo;IDF, des arbres sont tomb\u00e9s sur les voies dans plusieurs secteurs sur la ligne H . La circulation est interrompue jusqu&rsquo;au dernier train : <br \/>Entre Saint-Denis et Pontoise sur la ligne H <a href=\"https:\/\/t.co\/FJd9G0wFXB\" rel=\"nofollow\">pic.twitter.com\/FJd9G0wFXB<\/a><\/p>\n<p>\u2014 Ligne H (@LigneH_SNCF) <a href=\"https:\/\/twitter.com\/LigneH_SNCF\/status\/1980329652481659327?ref_src=twsrc%5Etfw\" rel=\"nofollow noopener\" target=\"_blank\">October 20, 2025<\/a><\/p><\/blockquote>\n<p>Le RERC est \u00e9galement interrompu au nord de Gennevilliers.<\/p>\n<p>Ce soir, la pr\u00e9fecture appelle \u00e0 \u00ab\u00a0\u00e9viter les d\u00e9placements non indispensables\u00a0\u00bb.<\/p>\n<p>  <script async src=\"https:\/\/platform.twitter.com\/widgets.js\" charset=\"utf-8\"><\/script><\/p>\n","protected":false},"excerpt":{"rendered":"Une personne a \u00e9t\u00e9 tu\u00e9e et quatre autres ont \u00e9t\u00e9 gri\u00e8vement bless\u00e9es ce lundi au cours d&rsquo;un \u00e9pisode&hellip;\n","protected":false},"author":2,"featured_media":478195,"comment_status":"","ping_status":"","sticky":false,"template":"","format":"standard","meta":{"footnotes":""},"categories":[1888],"tags":[1111,1928,11,1927,1777,674,1011,27,12,1926,626,1925,25],"class_list":{"0":"post-478194","1":"post","2":"type-post","3":"status-publish","4":"format-standard","5":"has-post-thumbnail","7":"category-paris","8":"tag-actu","9":"tag-actu-paris","10":"tag-actualites","11":"tag-actualites-paris","12":"tag-eu","13":"tag-europe","14":"tag-fr","15":"tag-france","16":"tag-news","17":"tag-news-paris","18":"tag-paris","19":"tag-paris-news","20":"tag-republique-francaise"},"share_on_mastodon":{"url":"https:\/\/pubeurope.com\/@fr\/115409218831502231","error":""},"_links":{"self":[{"href":"https:\/\/www.europesays.com\/fr\/wp-json\/wp\/v2\/posts\/478194","targetHints":{"allow":["GET"]}}],"collection":[{"href":"https:\/\/www.europesays.com\/fr\/wp-json\/wp\/v2\/posts"}],"about":[{"href":"https:\/\/www.europesays.com\/fr\/wp-json\/wp\/v2\/types\/post"}],"author":[{"embeddable":true,"href":"https:\/\/www.europesays.com\/fr\/wp-json\/wp\/v2\/users\/2"}],"replies":[{"embeddable":true,"href":"https:\/\/www.europesays.com\/fr\/wp-json\/wp\/v2\/comments?post=478194"}],"version-history":[{"count":0,"href":"https:\/\/www.europesays.com\/fr\/wp-json\/wp\/v2\/posts\/478194\/revisions"}],"wp:featuredmedia":[{"embeddable":true,"href":"https:\/\/www.europesays.com\/fr\/wp-json\/wp\/v2\/media\/478195"}],"wp:attachment":[{"href":"https:\/\/www.europesays.com\/fr\/wp-json\/wp\/v2\/media?parent=478194"}],"wp:term":[{"taxonomy":"category","embeddable":true,"href":"https:\/\/www.europesays.com\/fr\/wp-json\/wp\/v2\/categories?post=478194"},{"taxonomy":"post_tag","embeddable":true,"href":"https:\/\/www.europesays.com\/fr\/wp-json\/wp\/v2\/tags?post=478194"}],"curies":[{"name":"wp","href":"https:\/\/api.w.org\/{rel}","templated":true}]}}