{"id":47820,"date":"2025-04-23T23:53:10","date_gmt":"2025-04-23T23:53:10","guid":{"rendered":"https:\/\/www.europesays.com\/fr\/47820\/"},"modified":"2025-04-23T23:53:10","modified_gmt":"2025-04-23T23:53:10","slug":"larchipel-est-devenu-une-zone-extremement-lucrative-liberation","status":"publish","type":"post","link":"https:\/\/www.europesays.com\/fr\/47820\/","title":{"rendered":"\u00abL\u2019archipel est devenu une zone extr\u00eamement lucrative\u00bb \u2013 Lib\u00e9ration"},"content":{"rendered":"<p class=\"sc-ksZaOG ehjQrN text-element\">Une premi\u00e8re depuis 2019. La commission Madagascar-France sur les \u00eeles Eparses se r\u00e9unira \u00e0 Paris le 30 juin, ont annonc\u00e9 ce mercredi 23 avril les deux pays \u00e0 l\u2019occasion de <a href=\"https:\/\/www.liberation.fr\/politique\/retrocession-des-iles-eparses-memoire-et-influence-sur-locean-indien-les-enjeux-de-la-visite-demmanuel-macron-a-madagascar-20250423_JXPTBCNX2NE5RC3WZ3S2PZOXJU\/\" target=\"_blank\" rel=\"noreferrer nofollow noopener\" title=\"https:\/\/www.liberation.fr\/politique\/retrocession-des-iles-eparses-memoire-et-influence-sur-locean-indien-les-enjeux-de-la-visite-demmanuel-macron-a-madagascar-20250423_JXPTBCNX2NE5RC3WZ3S2PZOXJU\/\">la visite d\u2019Emmanuel Macron \u00e0 Antananarivo<\/a>, la capitale. Une rencontre d\u00e9cid\u00e9e d\u2019un \u00abcommun accord\u00bb, selon le pr\u00e9sident malgache, Andry Rajoelina, qui y voit l\u2019espoir de \u00abtrouver ensemble une solution\u00bb.<\/p>\n<p class=\"sc-ksZaOG ehjQrN text-element\">La commission bilat\u00e9rale franco-malgache, cr\u00e9\u00e9e sp\u00e9cifiquement pour \u00e9voquer l\u2019avenir des \u00eeles Eparses, ne s\u2019\u00e9tait pas r\u00e9unie depuis novembre 2019. Selon Emmanuel Macron, cette nouvelle entrevue sera ainsi l\u2019occasion d\u2019\u00abouvrir des perspectives communes de d\u00e9veloppement et de coop\u00e9ration\u00bb.<\/p>\n<p class=\"sc-ksZaOG ehjQrN text-element\">L\u2019enjeu est de taille : depuis des d\u00e9cennies, <a href=\"https:\/\/www.liberation.fr\/checknews\/2019\/06\/05\/macron-va-t-il-ceder-les-iles-eparses-a-madagascar_1731558\/\" target=\"_blank\" rel=\"noreferrer nofollow noopener\" title=\"https:\/\/www.liberation.fr\/checknews\/2019\/06\/05\/macron-va-t-il-ceder-les-iles-eparses-a-madagascar_1731558\/\">les deux pays se disputent la souverainet\u00e9 de ce territoire<\/a> microscopique et inhabit\u00e9 de l\u2019oc\u00e9an indien, situ\u00e9 au large de Madagascar et \u00e0 proximit\u00e9 d\u2019immenses gisements gaziers. Alors que les gouvernements malgaches successifs n\u2019ont eu de cesse de r\u00e9clamer la r\u00e9trocession de ces \u00eeles depuis les ann\u00e9es 70, les dirigeants fran\u00e7ais n\u2019ont jamais c\u00e9d\u00e9. Souverainet\u00e9, d\u00e9colonisation, ressources en hydrocarbures\u2026 Christiane Rafidinarivo, politologue et chercheuse associ\u00e9e au Centre de recherches politiques de Sciences Po (Cevipof), retrace aupr\u00e8s de Lib\u00e9ration les origines de ce d\u00e9saccord et les raisons pour lesquelles ce territoire est convoit\u00e9 encore aujourd\u2019hui.<\/p>\n<p class=\"sc-ksZaOG ehjQrN text-element\"><b>La commission franco-malgache autour des \u00eeles Eparses se r\u00e9unit pour la premi\u00e8re fois depuis 2019. Que repr\u00e9sente cette annonce ?<\/b><\/p>\n<p class=\"sc-ksZaOG ehjQrN text-element\">Pour comprendre l\u2019int\u00e9r\u00eat de cette r\u00e9union, il faut conna\u00eetre la gen\u00e8se du d\u00e9saccord entre les gouvernements fran\u00e7ais et malgaches. Le processus de d\u00e9colonisation \u00e0 Madagascar a \u00e9t\u00e9 entam\u00e9 en 1958, jusqu\u2019\u00e0 ce que l\u2019ind\u00e9pendance soit proclam\u00e9e le 26 juin 1960. Mais quelques mois plus t\u00f4t, la France avait d\u00e9cr\u00e9t\u00e9 le rattachement des \u00eeles Eparses au minist\u00e8re des Outre-mer. Au moment de la signature du trait\u00e9 d\u2019ind\u00e9pendance, la France a donc estim\u00e9 que ces \u00eeles restaient les siennes. Les dirigeants malgaches ont commenc\u00e9 \u00e0 r\u00e9clamer le retour de l\u2019archipel dans leur territoire national dans les ann\u00e9es 70, sans jamais abandonner.<\/p>\n<p class=\"sc-ksZaOG ehjQrN text-element\">En 2019, une commission franco-malgache avait \u00e9t\u00e9 cr\u00e9\u00e9e pour travailler sur ce sujet. La premi\u00e8re r\u00e9union, qui s\u2019\u00e9tait tenue en novembre de cette m\u00eame ann\u00e9e, n\u2019avait rien donn\u00e9. C\u2019est donc la premi\u00e8re fois, depuis plus de cinq ans, qu\u2019une rencontre est pr\u00e9vue. Les attentes sont grandes, pour un dossier vieux de plusieurs d\u00e9cennies.<\/p>\n<p class=\"sc-ksZaOG ehjQrN text-element\">Pour Madagascar, r\u00e9cup\u00e9rer les \u00eeles Eparses, c\u2019est aussi achever la d\u00e9colonisation entam\u00e9e en 1958. Mais du c\u00f4t\u00e9 de la France, la posture a toujours \u00e9t\u00e9 de dire qu\u2019il s\u2019agissait d\u2019un territoire fran\u00e7ais, point \u00e0 la ligne.<\/p>\n<p class=\"sc-ksZaOG ehjQrN text-element\"><b>Pourquoi ces \u00eeles sont-elles si convoit\u00e9es ?<\/b><\/p>\n<p class=\"sc-ksZaOG ehjQrN text-element\">Dans les ann\u00e9es 1960, le G\u00e9n\u00e9ral De Gaulle avait justifi\u00e9 l\u2019int\u00e9r\u00eat de la France pour les \u00eeles Eparses par le besoin de faire des essais nucl\u00e9aires sur ces territoires inhabit\u00e9s, ce qui n\u2019a jamais eu lieu. En r\u00e9alit\u00e9, elles sont aussi situ\u00e9es \u00e0 un emplacement strat\u00e9gique : sur le canal du Mozambique, consid\u00e9r\u00e9 aujourd\u2019hui comme un carrefour commercial mondial potentiel pour le march\u00e9 d\u2019hydrocarbures. Raison pour laquelle la France ne veut pas c\u00e9der ces \u00eeles.<\/p>\n<p class=\"sc-ksZaOG ehjQrN text-element\">Les convoitises se sont encore accentu\u00e9es en 2012, quand un <a href=\"https:\/\/www.liberation.fr\/international\/afrique\/megaprojet-de-totalenergies-au-mozambique-il-est-temps-pour-les-banques-francaises-de-se-retirer-du-financement-20231123_THW23T5XJNHCVMTBPABM6HPB6A\/?redirected=1\" target=\"_blank\" rel=\"noreferrer nofollow noopener\" title=\"https:\/\/www.liberation.fr\/international\/afrique\/megaprojet-de-totalenergies-au-mozambique-il-est-temps-pour-les-banques-francaises-de-se-retirer-du-financement-20231123_THW23T5XJNHCVMTBPABM6HPB6A\/?redirected=1\">immense gisement gazier<\/a> a \u00e9t\u00e9 d\u00e9couvert dans le canal du Mozambique, de la m\u00eame ampleur que celui du golfe persique ou de la mer du Nord. En raison de son emplacement [en vertu du droit de la mer, les \u00eeles Eparses donnent le contr\u00f4le d\u2019une zone \u00e9conomique exclusive de 640 000 km\u00b2 \u00e9tal\u00e9e sur plus de la moiti\u00e9 du canal du Mozambique si une fronti\u00e8re maritime \u00e9tait reconnue, ndlr], l\u2019archipel est donc devenu une zone extr\u00eamement lucrative.<\/p>\n<p class=\"sc-ksZaOG ehjQrN text-element\">Pour Madagascar comme pour la France, il y a donc une volont\u00e9 de profiter des ressources gazi\u00e8res de ce territoire, que chacun consid\u00e8re comme \u00e9tant les siennes.<\/p>\n<p class=\"sc-ksZaOG ehjQrN text-element\"><b>Que peut-on attendre de la r\u00e9union pr\u00e9vue le 30 juin ?<\/b><\/p>\n<p class=\"sc-ksZaOG ehjQrN text-element\">En 1979, les Nations unies avaient adopt\u00e9 une r\u00e9solution demandant au gouvernement fran\u00e7ais d\u2019entamer la r\u00e9trocession des \u00eeles, \u00abs\u00e9par\u00e9es arbitrairement de Madagascar\u00bb. Mais celle-ci n\u2019est pas contraignante et la France ne l\u2019a pas suivie. La posture nationale n\u2019a jamais \u00e9volu\u00e9 et il est plus qu\u2019improbable que cela arrive.<\/p>\n<p class=\"sc-ksZaOG ehjQrN text-element\">En revanche, peut-\u00eatre les deux pays vont-ils identifier des int\u00e9r\u00eats communs ? Madagascar souhaite exploiter ces r\u00e9serves d\u2019hydrocarbures, mais manque de moyens technologiques et \u00e9conomiques pour le faire, et n\u2019a pas les moyens de les prot\u00e9ger d\u2019un point de vue militaire.<\/p>\n<p class=\"sc-ksZaOG ehjQrN text-element\">La France, elle, en est capable. Si la <a href=\"https:\/\/www.vie-publique.fr\/loi\/20778-loi-30-decembre-2017-fin-recherche-et-exploitation-hydrocarbures-energie#:~:text=L&#039;essentiel%20de%20la%20loi&amp;text=Le%20texte%20pr%C3%A9voit%20l&#039;interdiction,prolong%C3%A9es%20au%2Ddel%C3%A0%20de%202040.\" target=\"_blank\" rel=\"noreferrer nofollow noopener\" title=\"https:\/\/www.vie-publique.fr\/loi\/20778-loi-30-decembre-2017-fin-recherche-et-exploitation-hydrocarbures-energie#:~:text=L&#039;essentiel%20de%20la%20loi&amp;text=Le%20texte%20pr%C3%A9voit%20l&#039;interdiction,prolong%C3%A9es%20au%2Ddel%C3%A0%20de%202040.\">loi de 2017<\/a> interdit la d\u00e9livrance de nouveaux permis de recherche ou d\u2019exploitation d\u2019hydrocarbures, cela n\u2019emp\u00eache pas le pays de voir un int\u00e9r\u00eat \u00e0 garder la main sur ces ressources. Avec Madagascar, ils pourraient donc potentiellement s\u2019entendre autour d\u2019une protection commune de cette zone dans un premier temps.<\/p>\n","protected":false},"excerpt":{"rendered":"Une premi\u00e8re depuis 2019. La commission Madagascar-France sur les \u00eeles Eparses se r\u00e9unira \u00e0 Paris le 30 juin,&hellip;\n","protected":false},"author":2,"featured_media":47821,"comment_status":"","ping_status":"","sticky":false,"template":"","format":"standard","meta":{"footnotes":""},"categories":[2],"tags":[11,1073,1011,27,8459,12,25],"class_list":{"0":"post-47820","1":"post","2":"type-post","3":"status-publish","4":"format-standard","5":"has-post-thumbnail","7":"category-actualites","8":"tag-actualites","9":"tag-emmanuel-macron","10":"tag-fr","11":"tag-france","12":"tag-madagascar","13":"tag-news","14":"tag-republique-francaise"},"share_on_mastodon":{"url":"https:\/\/pubeurope.com\/@fr\/114389975344058407","error":""},"_links":{"self":[{"href":"https:\/\/www.europesays.com\/fr\/wp-json\/wp\/v2\/posts\/47820","targetHints":{"allow":["GET"]}}],"collection":[{"href":"https:\/\/www.europesays.com\/fr\/wp-json\/wp\/v2\/posts"}],"about":[{"href":"https:\/\/www.europesays.com\/fr\/wp-json\/wp\/v2\/types\/post"}],"author":[{"embeddable":true,"href":"https:\/\/www.europesays.com\/fr\/wp-json\/wp\/v2\/users\/2"}],"replies":[{"embeddable":true,"href":"https:\/\/www.europesays.com\/fr\/wp-json\/wp\/v2\/comments?post=47820"}],"version-history":[{"count":0,"href":"https:\/\/www.europesays.com\/fr\/wp-json\/wp\/v2\/posts\/47820\/revisions"}],"wp:featuredmedia":[{"embeddable":true,"href":"https:\/\/www.europesays.com\/fr\/wp-json\/wp\/v2\/media\/47821"}],"wp:attachment":[{"href":"https:\/\/www.europesays.com\/fr\/wp-json\/wp\/v2\/media?parent=47820"}],"wp:term":[{"taxonomy":"category","embeddable":true,"href":"https:\/\/www.europesays.com\/fr\/wp-json\/wp\/v2\/categories?post=47820"},{"taxonomy":"post_tag","embeddable":true,"href":"https:\/\/www.europesays.com\/fr\/wp-json\/wp\/v2\/tags?post=47820"}],"curies":[{"name":"wp","href":"https:\/\/api.w.org\/{rel}","templated":true}]}}