{"id":478211,"date":"2025-10-21T00:09:26","date_gmt":"2025-10-21T00:09:26","guid":{"rendered":"https:\/\/www.europesays.com\/fr\/478211\/"},"modified":"2025-10-21T00:09:26","modified_gmt":"2025-10-21T00:09:26","slug":"vingt-pays-europeens-veulent-renvoyer-des-refugies-afghans-dans-leur-pays","status":"publish","type":"post","link":"https:\/\/www.europesays.com\/fr\/478211\/","title":{"rendered":"vingt pays europ\u00e9ens veulent renvoyer des r\u00e9fugi\u00e9s afghans dans leur pays"},"content":{"rendered":"<p>\n    <strong>D\u00c9CRYPTAGE <\/strong>&#8211; Appel\u00e9e \u00e0 coordonner le cadre de ces expulsions, la Commission europ\u00e9enne a pris des \u00abcontacts pr\u00e9liminaires\u00bb avec le r\u00e9gime des talibans.<\/p>\n<p class=\"fig-paragraph\">Les r\u00e9fugi\u00e9s afghans ne sont plus les bienvenus en Europe, malgr\u00e9 les multiples\u00a0<a href=\"http:\/\/www.lefigaro.fr\/international\/un-systeme-qui-fait-penser-a-celui-d-une-organisation-mafieuse-l-aile-la-plus-rigoriste-des-talibans-renforce-sa-mainmise-sur-l-afghanistan-20250826\" data-fig-type=\"Article\" data-gtm-custom-categorie=\"navigation\" data-gtm-custom-action=\"crossclick\" data-gtm-custom-label=\"Contextuel\" data-gtm-event=\"customEventSPE\" data-fig-domain=\"LEFIGARO\" target=\"_blank\" rel=\"noopener\">atteintes aux droits de l\u2019homme<\/a>\u00a0du r\u00e9gime des talibans. Dans une lettre adress\u00e9e le 16 octobre au commissaire europ\u00e9en aux Migrations, Magnus Brunner, les ministres de l\u2019int\u00e9rieur de vingt pays de l\u2019Union r\u00e9clament \u00abune r\u00e9ponse coh\u00e9rente et collective\u00bb au \u00abprobl\u00e8me commun\u00bb de \u00abl\u2019organisation des retours volontaires et forc\u00e9s vers l\u2019Afghanistan\u00bb de migrants venus de ce pays qui n\u2019auraient pas obtenu le droit d\u2019asile. Les signataires,\u00a0<a href=\"http:\/\/www.lefigaro.fr\/international\/belgique-un-afghan-arrete-apres-un-triple-meurtre-dont-celui-de-son-ex-compagne-20250922\" data-fig-type=\"NewsFlash\" data-gtm-custom-categorie=\"navigation\" data-gtm-custom-action=\"crossclick\" data-gtm-custom-label=\"Contextuel\" data-gtm-event=\"customEventSPE\" data-fig-domain=\"LEFIGARO\" target=\"_blank\" rel=\"noopener\">emmen\u00e9s par la Belgique<\/a>, comptent aussi l\u2019Allemagne et l\u2019Autriche, \u00e9galement tr\u00e8s mobilis\u00e9es sur cette question. La France n\u2019en fait pas partie, de m\u00eame que le Danemark, pourtant l\u2019un des pays les plus durs sur l\u2019immigration.<\/p>\n<p class=\"fig-paragraph\">La Commission europ\u00e9enne a affirm\u00e9 lundi \u00eatre en liaison avec les \u00c9tats membres sur ce sujet et avoir entrepris voici quelques mois des \u00abcontacts exploratoires au niveau technique avec les autorit\u00e9s de facto au pouvoir en Afghanistan\u00bb depuis 2021. Une strat\u00e9gie\u2026<\/p>\n<p class=\"fig-premium-paywall__infos\">\n        Cet article est r\u00e9serv\u00e9 aux abonn\u00e9s.        Il vous reste 79% \u00e0 d\u00e9couvrir.\n    <\/p>\n<p>                <img  data- alt=\"Le Figaro\" class=\"fig-img--complete fig-img\"\/><\/p>\n<p class=\"fig-premium-paywall__title\">Vous avez envie de lire la suite ?<\/p>\n<p class=\"fig-premium-paywall__subtitle\">D\u00e9bloquez tous les articles imm\u00e9diatement.<\/p>\n<p class=\"fig-premium-paywall__connect\">\n                D\u00e9j\u00e0 abonn\u00e9\u00a0?                <a class=\"fig-premium-paywall__connect-link\" href=\"https:\/\/connect.lefigaro.fr\/login?client=horizon_web&amp;type=main&amp;redirect_uri=https%3A%2F%2Fwww.lefigaro.fr%2Finternational%2Fla-priorite-doit-etre-donnee-au-retour-des-personnes-posant-une-menace-a-l-ordre-public-vingt-pays-europeens-veulent-renvoyer-des-refugies-afghans-dans-leur-pays-20251020\" data-js-gtm=\"{&quot;customCategorie&quot;: &quot;conversion&quot;, &quot;customAction&quot;: &quot;before_Landing_Connexion_paywall_auto&quot;, &quot;customLabel&quot;: &quot;bGVmaWdhcm8uZnJfXzFmMGFkYjkwLTJlMGQtNjM1NC05NTUzLTkzODA0N2EzNzNkNF9fQXJ0aWNsZQ==_\u00abLa priorit\u00e9 doit \u00eatre donn\u00e9e au retour des personnes posant une menace \u00e0 l\u2019ordre public\u00bb: vingt pays europ\u00e9ens veulent renvoyer des r\u00e9fugi\u00e9s afghans dans leur pays_258&quot;, &quot;customIDSPE&quot;: &quot;bGVmaWdhcm8uZnJfXzFmMGFkYjkwLTJlMGQtNjM1NC05NTUzLTkzODA0N2EzNzNkNF9fQXJ0aWNsZQ==&quot;, &quot;event&quot;: &quot;customEventSPE&quot;}\" target=\"_blank\" rel=\"noopener\"><br \/>\n                    Connectez-vous<br \/>\n                <\/a>\n            <\/p>\n","protected":false},"excerpt":{"rendered":"D\u00c9CRYPTAGE &#8211; Appel\u00e9e \u00e0 coordonner le cadre de ces expulsions, la Commission europ\u00e9enne a pris des \u00abcontacts pr\u00e9liminaires\u00bb&hellip;\n","protected":false},"author":2,"featured_media":478212,"comment_status":"","ping_status":"","sticky":false,"template":"","format":"standard","meta":{"footnotes":""},"categories":[1586],"tags":[11,598,1777,674,1011,27,12,59799,25],"class_list":{"0":"post-478211","1":"post","2":"type-post","3":"status-publish","4":"format-standard","5":"has-post-thumbnail","7":"category-europe","8":"tag-actualites","9":"tag-afghanistan","10":"tag-eu","11":"tag-europe","12":"tag-fr","13":"tag-france","14":"tag-news","15":"tag-refugies-afghans","16":"tag-republique-francaise"},"share_on_mastodon":{"url":"https:\/\/pubeurope.com\/@fr\/115409254130335309","error":""},"_links":{"self":[{"href":"https:\/\/www.europesays.com\/fr\/wp-json\/wp\/v2\/posts\/478211","targetHints":{"allow":["GET"]}}],"collection":[{"href":"https:\/\/www.europesays.com\/fr\/wp-json\/wp\/v2\/posts"}],"about":[{"href":"https:\/\/www.europesays.com\/fr\/wp-json\/wp\/v2\/types\/post"}],"author":[{"embeddable":true,"href":"https:\/\/www.europesays.com\/fr\/wp-json\/wp\/v2\/users\/2"}],"replies":[{"embeddable":true,"href":"https:\/\/www.europesays.com\/fr\/wp-json\/wp\/v2\/comments?post=478211"}],"version-history":[{"count":0,"href":"https:\/\/www.europesays.com\/fr\/wp-json\/wp\/v2\/posts\/478211\/revisions"}],"wp:featuredmedia":[{"embeddable":true,"href":"https:\/\/www.europesays.com\/fr\/wp-json\/wp\/v2\/media\/478212"}],"wp:attachment":[{"href":"https:\/\/www.europesays.com\/fr\/wp-json\/wp\/v2\/media?parent=478211"}],"wp:term":[{"taxonomy":"category","embeddable":true,"href":"https:\/\/www.europesays.com\/fr\/wp-json\/wp\/v2\/categories?post=478211"},{"taxonomy":"post_tag","embeddable":true,"href":"https:\/\/www.europesays.com\/fr\/wp-json\/wp\/v2\/tags?post=478211"}],"curies":[{"name":"wp","href":"https:\/\/api.w.org\/{rel}","templated":true}]}}