{"id":478219,"date":"2025-10-21T00:13:11","date_gmt":"2025-10-21T00:13:11","guid":{"rendered":"https:\/\/www.europesays.com\/fr\/478219\/"},"modified":"2025-10-21T00:13:11","modified_gmt":"2025-10-21T00:13:11","slug":"la-guinee-equatoriale-accuse-la-france-de-destabilisation-politique-et-de-tentatives-visant-a-saper-la-paix","status":"publish","type":"post","link":"https:\/\/www.europesays.com\/fr\/478219\/","title":{"rendered":"La Guin\u00e9e \u00e9quatoriale accuse la France de d\u00e9stabilisation politique et de \u00abtentatives visant \u00e0 saper la paix\u00bb"},"content":{"rendered":"<p>\n    Cette d\u00e9claration intervient apr\u00e8s la nomination samedi au prix franco-allemand des droits de l\u2019Homme de l\u2019activiste exil\u00e9 en Espagne, Alfredo Okenve.<\/p>\n<p class=\"fig-paragraph\">Le vice-pr\u00e9sident de la\u00a0<a href=\"https:\/\/www.lefigaro.fr\/tag\/guinee-equatoriale\" target=\"_blank\" rel=\"sponsored noopener\" data-gtm-custom-categorie=\"navigation\" data-gtm-custom-action=\"crossclick\" data-gtm-custom-label=\"Contextuel\" data-gtm-event=\"customEventSPE\">Guin\u00e9e \u00e9quatoriale<\/a>\u00a0Teodoro Nguema Obiang Mangue a accus\u00e9 la France de d\u00e9stabilisation et de \u00abtentatives visant \u00e0 saper la paix\u00bb dans son pays, lundi dans une publication sur X.<\/p>\n<p class=\"fig-paragraph\">Cette d\u00e9claration intervient apr\u00e8s la nomination samedi au prix franco-allemand des droits de l&rsquo;Homme de l&rsquo;activiste exil\u00e9 en Espagne, Alfredo Okenve, que le pouvoir de Guin\u00e9e \u00e9quatoriale consid\u00e8re comme un \u00abtra\u00eetre\u00bb de la nation.<\/p>\n<p>                                    <a class=\"fig-a11y-skip a11y-hidden\" href=\"#fig-a11y-skip-main-inarticle\"><br \/>\n        Passer la publicit\u00e9<br \/>\n    <\/a><\/p>\n<p class=\"fig-paragraph\">\u00abLa France r\u00e9compense les instigateurs de haine, les incitant \u00e0 perturber la paix et \u00e0 agir contre leurs propres cultures et leurs fr\u00e8res\u00bb, a comment\u00e9 le vice-pr\u00e9sident Nguema Obiang dans une rare offensive diplomatique, consid\u00e9rant la France responsable de \u00abtoutes les tentatives visant \u00e0 saper la paix en Guin\u00e9e \u00e9quatoriale\u00bb.<\/p>\n<p>\u00abTentative de coup d\u2019\u00c9tat\u00bb<\/p>\n<p class=\"fig-paragraph\">Le texte fait mention de la \u00abtentative de coup d\u2019\u00c9tat de d\u00e9cembre 2017\u00bb men\u00e9e selon le vice-pr\u00e9sident \u00e9quato-guin\u00e9en par des agents de la Direction g\u00e9n\u00e9rale de la s\u00e9curit\u00e9 ext\u00e9rieure (DGSE) fran\u00e7aise.<\/p>\n<p class=\"fig-paragraph\">La France \u00abs\u2019approprie \u00e9galement nos biens et nos actifs par l\u2019interm\u00e9diaire d\u2019organisations comme Transparency\u00bb, poursuit-il dans sa publication X. \u00abNous rejetons cat\u00e9goriquement la politique de harc\u00e8lement syst\u00e9matique men\u00e9e par la R\u00e9publique fran\u00e7aise pour d\u00e9stabiliser notre pays, comme elle l\u2019a fait avec d\u2019autres pays africains comme le Mali, le Niger et le Burkina Faso, entre autres. L\u2019Afrique en a assez de ces man\u0153uvres\u00bb, a fustig\u00e9 M. Nguema Obiang.<\/p>\n<p class=\"fig-paragraph\">Ce dernier a \u00e9t\u00e9 condamn\u00e9 par la justice fran\u00e7aise en 2021 \u00e0 trois ans de prison avec sursis et 30 millions d\u2019euros d\u2019amende pour blanchiment, abus de bien sociaux, d\u00e9tournement de fonds publics et de corruption.<\/p>\n<p>Litige immobilier<\/p>\n<p class=\"fig-paragraph\">La France et la Guin\u00e9e \u00e9quatoriale se disputent dans le cadre de cette affaire de biens mal acquis un immeuble d\u2019une valeur estim\u00e9e \u00e0 100 millions d\u2019euros situ\u00e9 avenue Foch \u00e0 Paris et saisi par la France. Le 12 septembre dernier, la Cour internationale de justice (CIJ) a tranch\u00e9 en faveur de la France, en rejetant une requ\u00eate \u00e9quato-guin\u00e9enne visant \u00e0 emp\u00eacher la mise en vente de la propri\u00e9t\u00e9.<\/p>\n<p>                                    <a class=\"fig-a11y-skip a11y-hidden\" href=\"#fig-a11y-skip-main-inarticle_mtf\"><br \/>\n        Passer la publicit\u00e9<br \/>\n    <\/a><\/p>\n<p class=\"fig-paragraph\">Teodoro Nguema Obiang est impliqu\u00e9 dans des affaires judiciaires aux \u00c9tats-Unis, en Suisse au Br\u00e9sil au Royaume-Uni et Afrique du sud, notamment pour des accusations de corruption.<\/p>\n<p class=\"fig-paragraph\">La Guin\u00e9e \u00e9quatoriale, petit pays d\u2019Afrique centrale riche en p\u00e9trole, est dirig\u00e9e depuis plus de 46 ans par le pr\u00e9sident Teodoro Obiang Nguema Mbasogo, 83 ans, et p\u00e8re de l\u2019actuel vice-pr\u00e9sident. Un record mondial de long\u00e9vit\u00e9 au pouvoir pour un chef d\u2019\u00c9tat encore vivant, hors monarques.<\/p>\n","protected":false},"excerpt":{"rendered":"Cette d\u00e9claration intervient apr\u00e8s la nomination samedi au prix franco-allemand des droits de l\u2019Homme de l\u2019activiste exil\u00e9 en&hellip;\n","protected":false},"author":2,"featured_media":478220,"comment_status":"","ping_status":"","sticky":false,"template":"","format":"standard","meta":{"footnotes":""},"categories":[4],"tags":[11,1011,27,3535,60171,12,25],"class_list":{"0":"post-478219","1":"post","2":"type-post","3":"status-publish","4":"format-standard","5":"has-post-thumbnail","7":"category-france","8":"tag-actualites","9":"tag-fr","10":"tag-france","11":"tag-geopolitique","12":"tag-guinee-equatoriale","13":"tag-news","14":"tag-republique-francaise"},"share_on_mastodon":{"url":"https:\/\/pubeurope.com\/@fr\/115409269737507787","error":""},"_links":{"self":[{"href":"https:\/\/www.europesays.com\/fr\/wp-json\/wp\/v2\/posts\/478219","targetHints":{"allow":["GET"]}}],"collection":[{"href":"https:\/\/www.europesays.com\/fr\/wp-json\/wp\/v2\/posts"}],"about":[{"href":"https:\/\/www.europesays.com\/fr\/wp-json\/wp\/v2\/types\/post"}],"author":[{"embeddable":true,"href":"https:\/\/www.europesays.com\/fr\/wp-json\/wp\/v2\/users\/2"}],"replies":[{"embeddable":true,"href":"https:\/\/www.europesays.com\/fr\/wp-json\/wp\/v2\/comments?post=478219"}],"version-history":[{"count":0,"href":"https:\/\/www.europesays.com\/fr\/wp-json\/wp\/v2\/posts\/478219\/revisions"}],"wp:featuredmedia":[{"embeddable":true,"href":"https:\/\/www.europesays.com\/fr\/wp-json\/wp\/v2\/media\/478220"}],"wp:attachment":[{"href":"https:\/\/www.europesays.com\/fr\/wp-json\/wp\/v2\/media?parent=478219"}],"wp:term":[{"taxonomy":"category","embeddable":true,"href":"https:\/\/www.europesays.com\/fr\/wp-json\/wp\/v2\/categories?post=478219"},{"taxonomy":"post_tag","embeddable":true,"href":"https:\/\/www.europesays.com\/fr\/wp-json\/wp\/v2\/tags?post=478219"}],"curies":[{"name":"wp","href":"https:\/\/api.w.org\/{rel}","templated":true}]}}