{"id":478221,"date":"2025-10-21T00:15:23","date_gmt":"2025-10-21T00:15:23","guid":{"rendered":"https:\/\/www.europesays.com\/fr\/478221\/"},"modified":"2025-10-21T00:15:23","modified_gmt":"2025-10-21T00:15:23","slug":"serge-vigilante-monument-du-sport-setois-nous-a-quittes","status":"publish","type":"post","link":"https:\/\/www.europesays.com\/fr\/478221\/","title":{"rendered":"Serge Vigilante, monument du sport s\u00e9tois, nous a quitt\u00e9s"},"content":{"rendered":"<p>\n                                                                Le pr\u00e9sident d\u2019honneur des MNSL S\u00e8te s\u2019est \u00e9teint \u00e0 l\u2019\u00e2ge de 72 ans.\n                            <\/p>\n<p>Il \u00e9tait un des grands piliers du sport s\u00e9tois. Serge Vigilante s\u2019est \u00e9teint ce mercredi 15\u00a0octobre \u00e0 l\u2019\u00e2ge de 72 ans.<\/p>\n<p>Footballeur, rameur, coureur \u00e0 pied, nageur, navigateur, le\u00a0pr\u00e9sident d\u2019honneur des MNSL S\u00e8te a \u00e9galement \u00e9t\u00e9 entra\u00eeneur de l\u2019\u00e9quipe f\u00e9minine de volley-ball de l\u2019H\u00f4pital de S\u00e8te. Vice champion de France d\u2019aviron en 1970, il a rejoint le club des MNSL en 1985 avant d\u2019en prendre les r\u00eanes quatre ans plus tard. Sous sa pr\u00e9sidence, le club aura vu l\u2019\u00e9closion de plusieurs champions nationaux et internationaux.<\/p>\n<p>Une vie pour les autres<\/p>\n<p>Apr\u00e8s 32 ans de pr\u00e9sidence, il avait pass\u00e9 le flambeau \u00e0 son fils C\u00e9dric en 2020. \u00ab\u00a0C\u2019est triste de perdre un pr\u00e9sident comme Serge, qui a d\u00e9velopp\u00e9 l\u2019instruction, le sauvetage et fait briller l\u2019image de S\u00e8te \u00e0 travers les oc\u00e9ans\u00a0\u00bb, d\u00e9clare le maire Herv\u00e9 Marqu\u00e8s. \u00ab\u00a0C\u2019\u00e9tait un visionnaire, avec la ZAM et les nouvelles disciplines, qui incarnait le b\u00e9n\u00e9volat. Un homme tourn\u00e9 vers les autres, dans le sport et l\u2019altruisme. Il a travaill\u00e9 toute sa vie pour sauver des vies. Il nous manquera l\u2019\u00e9t\u00e9 prochain sur la ZAM\u2026\u00a0\u00bb<\/p>\n<p>\u00c0 sa famille et ses proches, Midi Libre pr\u00e9sente ses sinc\u00e8res condol\u00e9ances.<\/p>\n<p>La c\u00e9r\u00e9monie aura lieu ce mardi 21\u00a0octobre \u00e0 9\u00a0h\u00a030 au complexe fun\u00e9raire de S\u00e8te, suivie de l\u2019inhumation au cimeti\u00e8re Marin.<\/p>\n","protected":false},"excerpt":{"rendered":"Le pr\u00e9sident d\u2019honneur des MNSL S\u00e8te s\u2019est \u00e9teint \u00e0 l\u2019\u00e2ge de 72 ans. Il \u00e9tait un des grands&hellip;\n","protected":false},"author":2,"featured_media":478222,"comment_status":"","ping_status":"","sticky":false,"template":"","format":"standard","meta":{"footnotes":""},"categories":[1417],"tags":[1011,27,60,1470,1469],"class_list":{"0":"post-478221","1":"post","2":"type-post","3":"status-publish","4":"format-standard","5":"has-post-thumbnail","7":"category-volley","8":"tag-fr","9":"tag-france","10":"tag-sports","11":"tag-volley","12":"tag-volleyball"},"share_on_mastodon":{"url":"https:\/\/pubeurope.com\/@fr\/115409277749750200","error":""},"_links":{"self":[{"href":"https:\/\/www.europesays.com\/fr\/wp-json\/wp\/v2\/posts\/478221","targetHints":{"allow":["GET"]}}],"collection":[{"href":"https:\/\/www.europesays.com\/fr\/wp-json\/wp\/v2\/posts"}],"about":[{"href":"https:\/\/www.europesays.com\/fr\/wp-json\/wp\/v2\/types\/post"}],"author":[{"embeddable":true,"href":"https:\/\/www.europesays.com\/fr\/wp-json\/wp\/v2\/users\/2"}],"replies":[{"embeddable":true,"href":"https:\/\/www.europesays.com\/fr\/wp-json\/wp\/v2\/comments?post=478221"}],"version-history":[{"count":0,"href":"https:\/\/www.europesays.com\/fr\/wp-json\/wp\/v2\/posts\/478221\/revisions"}],"wp:featuredmedia":[{"embeddable":true,"href":"https:\/\/www.europesays.com\/fr\/wp-json\/wp\/v2\/media\/478222"}],"wp:attachment":[{"href":"https:\/\/www.europesays.com\/fr\/wp-json\/wp\/v2\/media?parent=478221"}],"wp:term":[{"taxonomy":"category","embeddable":true,"href":"https:\/\/www.europesays.com\/fr\/wp-json\/wp\/v2\/categories?post=478221"},{"taxonomy":"post_tag","embeddable":true,"href":"https:\/\/www.europesays.com\/fr\/wp-json\/wp\/v2\/tags?post=478221"}],"curies":[{"name":"wp","href":"https:\/\/api.w.org\/{rel}","templated":true}]}}