{"id":478227,"date":"2025-10-21T00:19:22","date_gmt":"2025-10-21T00:19:22","guid":{"rendered":"https:\/\/www.europesays.com\/fr\/478227\/"},"modified":"2025-10-21T00:19:22","modified_gmt":"2025-10-21T00:19:22","slug":"zarco-retrouve-confiance-sur-la-honda-avant-de-chuter","status":"publish","type":"post","link":"https:\/\/www.europesays.com\/fr\/478227\/","title":{"rendered":"Zarco retrouve confiance sur la Honda&#8230; avant de chuter"},"content":{"rendered":"<p>\u00c0 Phillip Island, Johann Zarco aura connu un week-end en montagnes russes. Le vendredi, le pilote semblait de nouveau peu \u00e0 l&rsquo;aise en piste, toujours en difficult\u00e9 sur sa Honda et sans solutions pour r\u00e9gler ces derni\u00e8res.<\/p>\n<p>Samedi, Zarco avait expliqu\u00e9 avoir modifi\u00e9 sa moto en <a href=\"https:\/\/fr.motorsport.com\/motogp\/news\/zarco-choisi-dabandonner-nouveautes-honda\/10768661\/\" target=\"_blank\" rel=\"noopener\">revenant \u00e0 une ancienne configuration<\/a> qui devait lui redonner un peu de confiance. Finalement, apr\u00e8s un sprint encourageant termin\u00e9 \u00e0 la 12e place, le pilote LCR n&rsquo;a pas franchi la ligne d&rsquo;arriv\u00e9e du Grand Prix, puisqu&rsquo;il est tomb\u00e9 en d\u00e9but de course, au premier virage.\u00a0<\/p>\n<p>\u00ab\u00a0C&rsquo;est vraiment dommage, cette chute\u2026\u00a0\u00bb, a-t-il confi\u00e9 apr\u00e8s l&rsquo;\u00e9preuve. \u00ab\u00a0Je vais bien, mais chuter au premier virage, ce n&rsquo;est jamais un bon endroit. C&rsquo;\u00e9tait quasiment au milieu du premier virage, pas au tout d\u00e9but. J&rsquo;ai manqu\u00e9 un peu mon entr\u00e9e, la moto a boug\u00e9 au freinage, donc j&rsquo;ai rat\u00e9 la corde. Il semble qu&rsquo;en \u00e9tant un peu large avec le vent, la moto s&rsquo;est mise \u00e0 glisser. J&rsquo;ai cru un moment que j&rsquo;allais m&rsquo;en sortir sans tomber, mais finalement j&rsquo;ai chut\u00e9.\u00a0\u00bb<\/p>\n<p>   <img decoding=\"async\" draggable=\"false\" src=\"https:\/\/www.europesays.com\/fr\/wp-content\/uploads\/2025\/10\/1761005962_361_johann-zarco-team-lcr-honda-cr.jpg\" alt=\"Johann Zarco dans le bac \u00e0 gravier apr\u00e8s son accident.\" width=\"1200\" height=\"800\" loading=\"lazy\"\/> <\/p>\n<p class=\"title\">Johann Zarco dans le bac \u00e0 gravier apr\u00e8s son accident.<\/p>\n<p class=\"photographer\">Photo de: Gold and Goose Photography \/ LAT Images \/ via Getty Images<\/p>\n<p>14e au moment de sa chute, le Fran\u00e7ais \u00e9tait toutefois persuad\u00e9 de pouvoir au moins entrer pari les dix premiers\u00a0:\u00a0\u00ab\u00a0Le top 10 \u00e9tait clairement possible. Le premier tour est toujours compliqu\u00e9, la moto bouge beaucoup, mais on sait que tour apr\u00e8s tour, avec le r\u00e9servoir qui se vide, le comportement s&rsquo;am\u00e9liore. Malheureusement, la chute est arriv\u00e9e avant \u00e7a. C&rsquo;est frustrant.\u00a0\u00bb<\/p>\n<p>Malgr\u00e9 ce r\u00e9sultat d\u00e9cevant, Johann Zarco termine son week-end \u00e0 Philips Island sur une note plut\u00f4t positive, car il a pu retrouver quelques bonnes sensations sur cette moto qui lui donne tant de mal depuis quelques mois.<\/p>\n<p> \u00ab\u00a0Ce week-end n&rsquo;\u00e9tait pas catastrophique, car tous les pilotes \u00e9taient tr\u00e8s proches en chrono, et j&rsquo;\u00e9tais avec eux\u00a0\u00bb, a d\u00e9clar\u00e9 Zarco. \u00ab\u00a0Comme je l&rsquo;ai dit, le top 10 \u00e9tait faisable, et c&rsquo;est dommage de ne pas avoir pu le concr\u00e9tiser.\u00a0\u00bb<\/p>\n<p>\u00ab\u00a0On va dire qu&rsquo;en Indon\u00e9sie, je craignais la chute parce que j&rsquo;avais vraiment perdu la confiance sur le train avant\u00a0\u00bb, a ajout\u00e9 le Fran\u00e7ais au micro de Canal+. \u00ab\u00a0L\u00e0 sur ce week-end, la confiance sur le train avant \u00e9tait plut\u00f4t bonne. M\u00eame si je chute de l&rsquo;avant, mais l\u00e0 il y a aussi beaucoup de vent, une erreur de trajectoire, il y a d&rsquo;autres explications. Il y a un petit cran de confiance de gagn\u00e9 ce week-end. Malheureusement pas de points. Mais, on avance.\u00a0\u00bb<\/p>\n<p>Lire aussi :<\/p>\n<p>            Votre avis nous int\u00e9resse !<\/p>\n<p class=\"mt-auto\">Qu&rsquo;aimeriez-vous voir sur Motorsport.com ?<\/p>\n<p>            <a href=\"#\" class=\"ms-link text-link font-bold\">R\u00e9pondez \u00e0 notre enqu\u00eate de 5 minutes.<\/a><\/p>\n<p class=\"mt-1 font-info text-body\">&#8211; L&rsquo;\u00e9quipe Motorsport.com<\/p>\n","protected":false},"excerpt":{"rendered":"\u00c0 Phillip Island, Johann Zarco aura connu un week-end en montagnes russes. Le vendredi, le pilote semblait de&hellip;\n","protected":false},"author":2,"featured_media":478228,"comment_status":"","ping_status":"","sticky":false,"template":"","format":"standard","meta":{"footnotes":""},"categories":[1413],"tags":[1011,27,56962,1741,1457,1456,1458,56963,60,3771,60172],"class_list":{"0":"post-478227","1":"post","2":"type-post","3":"status-publish","4":"format-standard","5":"has-post-thumbnail","7":"category-moto","8":"tag-fr","9":"tag-france","10":"tag-gp-daustralie","11":"tag-johann-zarco","12":"tag-moto","13":"tag-motocycle","14":"tag-motogp","15":"tag-phillip-island-grand-prix-circuit","16":"tag-sports","17":"tag-team-lcr","18":"tag-zarco-retrouve-confiance-sur-la-honda-avant-de-chuter"},"share_on_mastodon":{"url":"https:\/\/pubeurope.com\/@fr\/115409294046384373","error":""},"_links":{"self":[{"href":"https:\/\/www.europesays.com\/fr\/wp-json\/wp\/v2\/posts\/478227","targetHints":{"allow":["GET"]}}],"collection":[{"href":"https:\/\/www.europesays.com\/fr\/wp-json\/wp\/v2\/posts"}],"about":[{"href":"https:\/\/www.europesays.com\/fr\/wp-json\/wp\/v2\/types\/post"}],"author":[{"embeddable":true,"href":"https:\/\/www.europesays.com\/fr\/wp-json\/wp\/v2\/users\/2"}],"replies":[{"embeddable":true,"href":"https:\/\/www.europesays.com\/fr\/wp-json\/wp\/v2\/comments?post=478227"}],"version-history":[{"count":0,"href":"https:\/\/www.europesays.com\/fr\/wp-json\/wp\/v2\/posts\/478227\/revisions"}],"wp:featuredmedia":[{"embeddable":true,"href":"https:\/\/www.europesays.com\/fr\/wp-json\/wp\/v2\/media\/478228"}],"wp:attachment":[{"href":"https:\/\/www.europesays.com\/fr\/wp-json\/wp\/v2\/media?parent=478227"}],"wp:term":[{"taxonomy":"category","embeddable":true,"href":"https:\/\/www.europesays.com\/fr\/wp-json\/wp\/v2\/categories?post=478227"},{"taxonomy":"post_tag","embeddable":true,"href":"https:\/\/www.europesays.com\/fr\/wp-json\/wp\/v2\/tags?post=478227"}],"curies":[{"name":"wp","href":"https:\/\/api.w.org\/{rel}","templated":true}]}}