{"id":478233,"date":"2025-10-21T00:22:11","date_gmt":"2025-10-21T00:22:11","guid":{"rendered":"https:\/\/www.europesays.com\/fr\/478233\/"},"modified":"2025-10-21T00:22:11","modified_gmt":"2025-10-21T00:22:11","slug":"fc-nantes-dhorasoo-fustige-un-choix-de-luis-castro-il-fait-fausse-route","status":"publish","type":"post","link":"https:\/\/www.europesays.com\/fr\/478233\/","title":{"rendered":"FC Nantes\u00a0: Dhorasoo fustige un choix de Luis Castro, il fait fausse route\u00a0!"},"content":{"rendered":"<p><strong>Le coach des Canaris s\u2019est fait \u00e9pingler dans L\u2019Equipe de Greg.<\/strong><\/p>\n<p>Le FC Nantes est 15e de Ligue 1 suite \u00e0 sa d\u00e9faite \u00e0 domicile contre le LOSC (0-2). Et dans l\u2019\u00e9mission L\u2019Equipe de Greg, ce lundi, Luis Castro en a pris pour son grade. Le journaliste Jean Ressegui\u00e9 a mis la premi\u00e8re couche. \u00ab\u00a0Le FC Nantes montre beaucoup de lacunes. Il y a de quoi s\u2019inqui\u00e9ter. Luis Castro devrait changer sa tactique, il n\u2019a pas les joueurs pour mettre en place ce syst\u00e8me l\u00e0.\u00a0\u00bb<\/p>\n<p>Dhorasoo ne comprend pas la position d\u2019Abline<\/p>\n<p>Vikash Dhorasoo a ensuite encha\u00een\u00e9\u00a0: \u00ab\u00a0Il y a quelque chose que je ne comprend pas dans les compos de Luis Castro. Comment peut-il faire jouer \u00e0 gauche\u00a0? C\u2019est un joueur qui bouge beaucoup\u00a0\u00bb. Et qui est donc limit\u00e9, selon l\u2019ancien lyonnais, lorsqu\u2019il joue sur le c\u00f4t\u00e9. Un avis partag\u00e9 par beaucoup d\u2019observateurs.<\/p>\n","protected":false},"excerpt":{"rendered":"Le coach des Canaris s\u2019est fait \u00e9pingler dans L\u2019Equipe de Greg. Le FC Nantes est 15e de Ligue&hellip;\n","protected":false},"author":2,"featured_media":478234,"comment_status":"","ping_status":"","sticky":false,"template":"","format":"standard","meta":{"footnotes":""},"categories":[1410],"tags":[11,448,63,1011,27,66,3388,12,60,10662],"class_list":{"0":"post-478233","1":"post","2":"type-post","3":"status-publish","4":"format-standard","5":"has-post-thumbnail","7":"category-football","8":"tag-actualites","9":"tag-champions-league","10":"tag-football","11":"tag-fr","12":"tag-france","13":"tag-ligue-1","14":"tag-matchs","15":"tag-news","16":"tag-sports","17":"tag-transferts"},"share_on_mastodon":{"url":"https:\/\/pubeurope.com\/@fr\/115409305354395142","error":""},"_links":{"self":[{"href":"https:\/\/www.europesays.com\/fr\/wp-json\/wp\/v2\/posts\/478233","targetHints":{"allow":["GET"]}}],"collection":[{"href":"https:\/\/www.europesays.com\/fr\/wp-json\/wp\/v2\/posts"}],"about":[{"href":"https:\/\/www.europesays.com\/fr\/wp-json\/wp\/v2\/types\/post"}],"author":[{"embeddable":true,"href":"https:\/\/www.europesays.com\/fr\/wp-json\/wp\/v2\/users\/2"}],"replies":[{"embeddable":true,"href":"https:\/\/www.europesays.com\/fr\/wp-json\/wp\/v2\/comments?post=478233"}],"version-history":[{"count":0,"href":"https:\/\/www.europesays.com\/fr\/wp-json\/wp\/v2\/posts\/478233\/revisions"}],"wp:featuredmedia":[{"embeddable":true,"href":"https:\/\/www.europesays.com\/fr\/wp-json\/wp\/v2\/media\/478234"}],"wp:attachment":[{"href":"https:\/\/www.europesays.com\/fr\/wp-json\/wp\/v2\/media?parent=478233"}],"wp:term":[{"taxonomy":"category","embeddable":true,"href":"https:\/\/www.europesays.com\/fr\/wp-json\/wp\/v2\/categories?post=478233"},{"taxonomy":"post_tag","embeddable":true,"href":"https:\/\/www.europesays.com\/fr\/wp-json\/wp\/v2\/tags?post=478233"}],"curies":[{"name":"wp","href":"https:\/\/api.w.org\/{rel}","templated":true}]}}