{"id":478235,"date":"2025-10-21T00:23:11","date_gmt":"2025-10-21T00:23:11","guid":{"rendered":"https:\/\/www.europesays.com\/fr\/478235\/"},"modified":"2025-10-21T00:23:11","modified_gmt":"2025-10-21T00:23:11","slug":"claire-romain-qui-est-son-compagnon-bien-connu-des-telespectateurs","status":"publish","type":"post","link":"https:\/\/www.europesays.com\/fr\/478235\/","title":{"rendered":"Claire Romain : qui est son compagnon bien connu des t\u00e9l\u00e9spectateurs ?"},"content":{"rendered":"<p>Claire Romain fascine autant par ses r\u00f4les que par sa vie<br \/>\nsentimentale\u2026 et ses choix atypiques. Discr\u00e8te mais ouverte,<br \/>\nl\u2019actrice de 29 ans (n\u00e9e \u00e0 Paris) a plusieurs fois \u00e9voqu\u00e9 sa fa\u00e7on<br \/>\nnon conventionnelle d\u2019aimer : elle a d\u00e9clar\u00e9 s\u2019\u00eatre engag\u00e9e dans<br \/>\ndes relations <strong data-start=\"555\" data-end=\"573\">polyamoureuses<\/strong>, expliquant qu\u2019elle avait eu pendant<br \/>\nplusieurs ann\u00e9es un compagnon bas\u00e9 en Espagne tout en ne<br \/>\ns\u2019interdisant pas d\u2019autres liaisons.<\/p>\n<p>Ces derni\u00e8res ann\u00e9es, les photographes l\u2019ont surtout aper\u00e7ue au<br \/>\nbras d\u2019un visage familier des feuilletons t\u00e9l\u00e9 : <a href=\"https:\/\/www.telestar.fr\/culture\/thomas-da-costa-ici-tout-commence-devoile-son-nouveau-titre-jeu-c-est-un-morceau-qui-parle-de-rupture-812709\" target=\"_blank\" rel=\"noopener\"><br \/>\nThomas Da Costa<\/a>, rencontr\u00e9 sur le tournage d\u2019<a href=\"https:\/\/www.closermag.fr\/tv_tele_realite\/la-production-en-a-decide-autrement-clap-de-fin-pour-une-star-dici-tout-commence-elle-ne-reviendra-pas-3415419\" target=\"_blank\" rel=\"noopener\">Ici tout commence<\/a>. Le couple a officialis\u00e9<br \/>\nsa relation publiquement en 2023 et multiplie depuis les sorties<br \/>\ncommunes et apparitions presse, alimentant les sp\u00e9culations des<br \/>\nfans. Mais qui est il ?<\/p>\n<p>Claire Romain en couple : qui est son compagnon Thomas Da Costa<br \/>\n?<\/p>\n<blockquote class=\"instagram-media\" style=\"background: #ffffff;border: 0;margin: 1px;width: 100%;padding: 0;max-width: 500px;\" data-instgrm-permalink=\"https:\/\/www.instagram.com\/p\/CpDNfHdpoT0\/\" data-instgrm-version=\"14\"\/>\n<p>N\u00e9 en 1998 \u00e0 Joinville-le-Pont, Thomas Da Costa s\u2019est fait<br \/>\nconna\u00eetre par la webs\u00e9rie puis surtout par son r\u00f4le d\u2019Axel dans<br \/>\nIci tout commence. Jeune<br \/>\ncom\u00e9dien, mannequin et musicien, il a aussi tent\u00e9 l\u2019aventure<br \/>\nt\u00e9l\u00e9-r\u00e9alit\u00e9 artistique (notamment <a href=\"https:\/\/www.telestar.fr\/actu-tv\/interview.-thomas-da-costa-danse-avec-les-stars-je-veux-apprendre-la-valse-pour-danser-avec-mes-grands-meres-774357\" target=\"_blank\" rel=\"noopener\"><br \/>\nDanse avec les<br \/>\nstars<\/a>) et patient\u00e9 entre projets cin\u00e9ma et s\u00e9ries,<br \/>\nconstruisant une carri\u00e8re polyvalente que beaucoup regardent<br \/>\nd\u00e9sormais de pr\u00e8s.<\/p>\n<p data-start=\"0\" data-end=\"452\">Le d\u00e9part de Thomas Da Costa de la<br \/>\ns\u00e9rie Ici tout commence a<br \/>\n\u00e9t\u00e9 un tournant marquant pour le feuilleton quotidien de TF1. Le 11<br \/>\nao\u00fbt 2023, dans un \u00e9pisode diffus\u00e9 en prime time, son personnage,<br \/>\nAxel Teyssier, a pris la d\u00e9cision de quitter l\u2019Institut Auguste<br \/>\nArmand pour devenir le chef du restaurant Le Lucie, un \u00e9tablissement qu\u2019il a h\u00e9rit\u00e9 de<br \/>\nson p\u00e8re biologique, Auguste Armand, incarn\u00e9 par Francis Huster.<br \/>\nPeu apr\u00e8s la diffusion de cet \u00e9pisode, Thomas Da Costa a confirm\u00e9<br \/>\nson d\u00e9part en publiant un message \u00e9mouvant sur ses r\u00e9seaux sociaux.<br \/>\nIl a exprim\u00e9 sa gratitude envers les \u00e9quipes techniques, de<br \/>\nproduction et ses partenaires de jeu.<\/p>\n<p>Claire<br \/>\nRomain : retour sur sa carri\u00e8re<\/p>\n<p data-start=\"0\" data-end=\"452\">Fille d&rsquo;une costumi\u00e8re et<br \/>\nbelle-fille d&rsquo;un chef machiniste, elle baigne dans l&rsquo;univers du<br \/>\nspectacle d\u00e8s son plus jeune \u00e2ge. \u00c0 six ans, elle commence \u00e0<br \/>\nprendre des cours de th\u00e9\u00e2tre, et \u00e0 huit ans, elle fait ses d\u00e9buts<br \/>\nau cin\u00e9ma dans le film Moi<br \/>\nC\u00e9sar, 10 ans \u00bd, 1m39 de Richard Berry. Apr\u00e8s une pause de dix<br \/>\nans, Claire Romain revient sur le devant de la sc\u00e8ne en 2020 en<br \/>\nincarnant le r\u00f4le d&rsquo;Ambre Martin dans la s\u00e9rie t\u00e9l\u00e9vis\u00e9e<br \/>\nIci tout commence diffus\u00e9e<br \/>\nsur TF1. Elle poursuit sa carri\u00e8re avec des r\u00f4les au cin\u00e9ma,<br \/>\nnotamment dans Le Tourbillon de<br \/>\nla vie (2022) et Polar<br \/>\nPark (2023), ainsi que dans la s\u00e9rie Cat&rsquo;s Eyes (2024). En plus de sa carri\u00e8re<br \/>\nd&rsquo;actrice, Claire Romain est \u00e9galement peintre et parle plusieurs<br \/>\nlangues, dont l&rsquo;anglais, l&rsquo;espagnol, le catalan et l&rsquo;italien.<\/p>\n<p><script async src=\"\/\/www.instagram.com\/embed.js\"><\/script><\/p>\n","protected":false},"excerpt":{"rendered":"Claire Romain fascine autant par ses r\u00f4les que par sa vie sentimentale\u2026 et ses choix atypiques. Discr\u00e8te mais&hellip;\n","protected":false},"author":2,"featured_media":478236,"comment_status":"","ping_status":"","sticky":false,"template":"","format":"standard","meta":{"footnotes":""},"categories":[1359],"tags":[1193,58,59,1011,27,973],"class_list":{"0":"post-478235","1":"post","2":"type-post","3":"status-publish","4":"format-standard","5":"has-post-thumbnail","7":"category-people","8":"tag-couple","9":"tag-divertissement","10":"tag-entertainment","11":"tag-fr","12":"tag-france","13":"tag-people"},"share_on_mastodon":{"url":"https:\/\/pubeurope.com\/@fr\/115409309125566998","error":""},"_links":{"self":[{"href":"https:\/\/www.europesays.com\/fr\/wp-json\/wp\/v2\/posts\/478235","targetHints":{"allow":["GET"]}}],"collection":[{"href":"https:\/\/www.europesays.com\/fr\/wp-json\/wp\/v2\/posts"}],"about":[{"href":"https:\/\/www.europesays.com\/fr\/wp-json\/wp\/v2\/types\/post"}],"author":[{"embeddable":true,"href":"https:\/\/www.europesays.com\/fr\/wp-json\/wp\/v2\/users\/2"}],"replies":[{"embeddable":true,"href":"https:\/\/www.europesays.com\/fr\/wp-json\/wp\/v2\/comments?post=478235"}],"version-history":[{"count":0,"href":"https:\/\/www.europesays.com\/fr\/wp-json\/wp\/v2\/posts\/478235\/revisions"}],"wp:featuredmedia":[{"embeddable":true,"href":"https:\/\/www.europesays.com\/fr\/wp-json\/wp\/v2\/media\/478236"}],"wp:attachment":[{"href":"https:\/\/www.europesays.com\/fr\/wp-json\/wp\/v2\/media?parent=478235"}],"wp:term":[{"taxonomy":"category","embeddable":true,"href":"https:\/\/www.europesays.com\/fr\/wp-json\/wp\/v2\/categories?post=478235"},{"taxonomy":"post_tag","embeddable":true,"href":"https:\/\/www.europesays.com\/fr\/wp-json\/wp\/v2\/tags?post=478235"}],"curies":[{"name":"wp","href":"https:\/\/api.w.org\/{rel}","templated":true}]}}