{"id":478250,"date":"2025-10-21T00:31:13","date_gmt":"2025-10-21T00:31:13","guid":{"rendered":"https:\/\/www.europesays.com\/fr\/478250\/"},"modified":"2025-10-21T00:31:13","modified_gmt":"2025-10-21T00:31:13","slug":"star-academy-2026-colere-des-telespectateurs-apres-la-disparition-dune-candidate","status":"publish","type":"post","link":"https:\/\/www.europesays.com\/fr\/478250\/","title":{"rendered":"Star Academy 2026 : col\u00e8re des t\u00e9l\u00e9spectateurs apr\u00e8s la disparition d\u2019une candidate"},"content":{"rendered":"<p>L\u00e9ane se trouve toujours au ch\u00e2teau de Dammarie-les-Lys depuis samedi dernier et fait toujours partie de la nouvelle promotion de la <strong><a href=\"https:\/\/www.public.fr\/tag\/star-academy\" rel=\"nofollow noopener\" target=\"_blank\">Star Academy<\/a><\/strong>. Si la question peut se poser, c\u2019est parce que la jeune artiste a litt\u00e9ralement <strong>disparu du g\u00e9n\u00e9rique.\u00a0<\/strong><\/p>\n<p>En effet, ce lundi 20 octobre 2025 avait lieu la diffusion de la premi\u00e8re quotidienne de <a href=\"https:\/\/www.public.fr\/star-academy-2026-mimie-mathy-connait-tres-bien-lun-des-candidats\" rel=\"nofollow noopener\" target=\"_blank\">cette \u00e9dition 2025\/2026<\/a>. Une quotidienne dans laquelle les t\u00e9l\u00e9spectateurs ont pu assister au tout premier d\u00e9briefing de Marl\u00e8ne Schaff suite au prime du week-end. Mais un \u00e9l\u00e9ment a fait sortir les fans de leurs gonds.<\/p>\n<p>Une candidate dispara\u00eet du g\u00e9n\u00e9rique de la \u00ab\u00a0Star Academy\u00a0\u00bb<\/p>\n<p>Sur X, nombre d\u2019internautes ont d\u00e9nonc\u00e9 un probl\u00e8me de taille. Avant le lancement de la quotidienne, les fans ont pu d\u00e9couvrir le g\u00e9n\u00e9rique de cette treizi\u00e8me saison dans lequel <strong>apparaissent 16 candidats. Pourtant, <a href=\"https:\/\/www.public.fr\/star-academy-2026-huit-hommes-pour-neuf-femmes-decouvrez-le-casting-de-la-saison-13\" rel=\"nofollow noopener\" target=\"_blank\">sur le prime, ils \u00e9taient 17<\/a>.<\/strong><\/p>\n<p>Certains ont pu se demander si <strong>L\u00e9ane, la candidate manquant \u00e0 l\u2019appel dans le g\u00e9n\u00e9rique<\/strong>, avait d\u00e9j\u00e0 pli\u00e9 bagage et avait quitt\u00e9 la <strong>Star Academy<\/strong> au bout de seulement deux jours. Ou si celle-ci faisait face \u00e0 un probl\u00e8me personnel ou familial la for\u00e7ant \u00e0 mettre fin \u00e0 son aventure plus t\u00f4t que pr\u00e9vu. Rien de tout cela, la production a simplement commis une erreur comme celle-ci l\u2019a indiqu\u00e9 au Parisien.<\/p>\n<p>\u00ab\u00a0C\u2019est une erreur qui sera r\u00e9par\u00e9e demain (mardi)\u00a0\u00bb, souligne le quotidien avant de souligner que\u00a0 L\u00e9ane avait <strong>\u00ab\u00a0finalement \u00e9t\u00e9 ajout\u00e9e au g\u00e9n\u00e9rique d\u00e8s la rediffusion de la quotidienne ce lundi soir sur TFX\u00a0\u00bb<\/strong>. Malgr\u00e9 cette erreur d\u00e9j\u00e0 r\u00e9par\u00e9e, la production a jug\u00e9 bon de prendre la parole sur les r\u00e9seaux sociaux afin de mettre rapidement fin aux \u00e9ventuelles pol\u00e9miques.\u00a0<\/p>\n<p>\u00ab\u00a0<strong>Un probl\u00e8me technique<\/strong> lors du montage de la quotidienne a entra\u00een\u00e9 la suppression des derni\u00e8res secondes du g\u00e9n\u00e9rique impactant l\u2019apparition de L\u00e9ane \u00e0 l\u2019\u00e9cran. Le probl\u00e8me a \u00e9t\u00e9 r\u00e9solu. Toutes nos excuses \u00e0 L\u00e9ane, sa famille et ses proches pour cet incident\u00a0\u00bb, a indiqu\u00e9 le compte officiel de la <strong>Star Academy<\/strong> sur son compte X.<\/p>\n<p>Les t\u00e9l\u00e9spectateurs tr\u00e8s remont\u00e9s apr\u00e8s cet oubli<\/p>\n<p>Et L\u00e9ane fait bel et bien toujours partie du casting de l\u2019\u00e9dition 2025 de <a href=\"https:\/\/vsd.fr\/tag\/star-academy\/\" rel=\"nofollow noopener\" target=\"_blank\">l\u2019\u00e9mission de TF1<\/a>. Celle-ci semble d\u2019ailleurs avoir d\u00e9j\u00e0 trouv\u00e9 un bin\u00f4me en la personne de Th\u00e9o. Dans la quotidienne diffus\u00e9e ce lundi 20 octobre 2025, les t\u00e9l\u00e9spectateurs ont pu assister \u00e0 la belle entente qui r\u00e8gne entre les deux.<\/p>\n<p>L\u00e9ane a m\u00eame avou\u00e9 \u00e0 Sarah se sentir \u00ab\u00a0bien\u00a0\u00bb aux c\u00f4t\u00e9s du jeune homme. La preuve qu\u2019elle fait toujours partie de l\u2019aventure et que son absence dans le g\u00e9n\u00e9rique de la <strong>Star Academy<\/strong> provient seulement d\u2019une erreur technique.\u00a0<\/p>\n<p>Malgr\u00e9 cette pr\u00e9sence confirm\u00e9e et les excuses de la production, nombre d&rsquo;internautes n&rsquo;ont pas h\u00e9sit\u00e9 \u00e0 faire part de leur col\u00e8re suite \u00e0 ce probl\u00e8me. \u00ab\u00a0Et vous pouvez pas refaire ce g\u00e9n\u00e9rique aussi en m\u00eame temps ?\u00a0\u00bb, \u00ab\u00a0<strong>Qui a chi\u00e9 ce g\u00e9n\u00e9rique pourri la <\/strong>?\u00a0\u00bb, \u00ab\u00a0Le g\u00e9n\u00e9rique \u00e9clat\u00e9, vous pouvez pas en faire un aussi bien que les promos pr\u00e9c\u00e9dentes ??\u00a0\u00bb, ont tacl\u00e9 nombre d&rsquo;entre eux. <\/p>\n<blockquote class=\"twitter-tweet\">\n<p>Un probl\u00e8me technique lors du montage de la quotidienne a entra\u00een\u00e9 la suppression des derni\u00e8res secondes du g\u00e9n\u00e9rique impactant l\u2019apparition de L\u00e9ane \u00e0 l\u2019\u00e9cran. Le probl\u00e8me a \u00e9t\u00e9 r\u00e9solu. Toutes nos excuses \u00e0 L\u00e9ane, sa famille et ses proches pour cet incident.<\/p>\n<p>\u2014 Star Academy (@StarAcademyTF1) <a href=\"https:\/\/twitter.com\/StarAcademyTF1\/status\/1980325577136673110?ref_src=twsrc%5Etfw\" rel=\"nofollow noopener\" target=\"_blank\">October 20, 2025<\/a><\/p><\/blockquote>\n<p>      Mentionn\u00e9s dans cet article<\/p>\n<p>      Sur le m\u00eame sujet<\/p>\n<p>  <script async src=\"https:\/\/platform.twitter.com\/widgets.js\" charset=\"utf-8\"><\/script><\/p>\n","protected":false},"excerpt":{"rendered":"L\u00e9ane se trouve toujours au ch\u00e2teau de Dammarie-les-Lys depuis samedi dernier et fait toujours partie de la nouvelle&hellip;\n","protected":false},"author":2,"featured_media":478251,"comment_status":"","ping_status":"","sticky":false,"template":"","format":"standard","meta":{"footnotes":""},"categories":[8],"tags":[58,59,1011,27,5095,199],"class_list":{"0":"post-478250","1":"post","2":"type-post","3":"status-publish","4":"format-standard","5":"has-post-thumbnail","7":"category-divertissement","8":"tag-divertissement","9":"tag-entertainment","10":"tag-fr","11":"tag-france","12":"tag-star-academy","13":"tag-tf1"},"share_on_mastodon":{"url":"https:\/\/pubeurope.com\/@fr\/115409340611370828","error":""},"_links":{"self":[{"href":"https:\/\/www.europesays.com\/fr\/wp-json\/wp\/v2\/posts\/478250","targetHints":{"allow":["GET"]}}],"collection":[{"href":"https:\/\/www.europesays.com\/fr\/wp-json\/wp\/v2\/posts"}],"about":[{"href":"https:\/\/www.europesays.com\/fr\/wp-json\/wp\/v2\/types\/post"}],"author":[{"embeddable":true,"href":"https:\/\/www.europesays.com\/fr\/wp-json\/wp\/v2\/users\/2"}],"replies":[{"embeddable":true,"href":"https:\/\/www.europesays.com\/fr\/wp-json\/wp\/v2\/comments?post=478250"}],"version-history":[{"count":0,"href":"https:\/\/www.europesays.com\/fr\/wp-json\/wp\/v2\/posts\/478250\/revisions"}],"wp:featuredmedia":[{"embeddable":true,"href":"https:\/\/www.europesays.com\/fr\/wp-json\/wp\/v2\/media\/478251"}],"wp:attachment":[{"href":"https:\/\/www.europesays.com\/fr\/wp-json\/wp\/v2\/media?parent=478250"}],"wp:term":[{"taxonomy":"category","embeddable":true,"href":"https:\/\/www.europesays.com\/fr\/wp-json\/wp\/v2\/categories?post=478250"},{"taxonomy":"post_tag","embeddable":true,"href":"https:\/\/www.europesays.com\/fr\/wp-json\/wp\/v2\/tags?post=478250"}],"curies":[{"name":"wp","href":"https:\/\/api.w.org\/{rel}","templated":true}]}}