{"id":478269,"date":"2025-10-21T00:43:23","date_gmt":"2025-10-21T00:43:23","guid":{"rendered":"https:\/\/www.europesays.com\/fr\/478269\/"},"modified":"2025-10-21T00:43:23","modified_gmt":"2025-10-21T00:43:23","slug":"la-tactique-innovante-utilisee-par-mignoni-pour-lemporter","status":"publish","type":"post","link":"https:\/\/www.europesays.com\/fr\/478269\/","title":{"rendered":"la tactique innovante utilis\u00e9e par Mignoni pour l&#8217;emporter"},"content":{"rendered":"<p>\u00c0 Mayol, le RCT n\u2019a pas seulement domin\u00e9 le Racing (45-21). Il a conclu sa d\u00e9monstration par un coup de g\u00e9nie tactique. \u00c0 la 79e minute, Pierre Mignoni d\u00e9cide de sortir l\u2019ailier Ga\u00ebl Dr\u00e9an pour faire entrer le pilier Jean-Baptiste Gros. Une substitution inattendue, m\u00eame pour les joueurs eux-m\u00eames, qui marque le basculement vers une configuration in\u00e9dite.<\/p>\n<p>\u00a0<\/p>\n<p>Neuf avants, un essai, un bonus<\/p>\n<p>Le manager varois a d\u00e9cid\u00e9 d&rsquo;envoyer 9 avants sur le terrain pour arracher le bonus offensif. Pierre Mignoni sent que le Racing est compact, verrouill\u00e9. Il opte pour le choc, le muscle, le maul. \u00ab On avait plus besoin d\u2019\u00eatre frontal \u00bb, tranche-t-il en conf\u00e9rence de presse. M\u00eame Gros, appel\u00e9 \u00e0 entrer, reste un instant perplexe. Mais l\u2019id\u00e9e est claire, il fallait saturer l\u2019espace de puissance.<\/p>\n<p>\u00a0<\/p>\n<p>La premi\u00e8re tentative \u00e9choue. Puis vient une p\u00e9nalit\u00e9 \u00e0 cinq m\u00e8tres. Jou\u00e9e \u00e0 la main, elle d\u00e9clenche un maul spontan\u00e9 autour de Brian Alainu\u2019uese. Gros, Ollivon et Rebbadj forment un bloc, \u00e9chouent \u00e0 un m\u00e8tre. Trois d\u00e9parts au ras plus tard, Alainu\u2019uese marque, tract\u00e9 par Gigashvili et Damond. Une fois encore, le triangle d\u2019avants fait la diff\u00e9rence. Mignoni avait mis\u00e9 sur l\u2019impact et en a eu la r\u00e9compense.<\/p>\n<p>Partagez cette info avec vos amis et vos proches en cliquant ici<br \/>Pour r\u00e9sumer<\/p>\n<p>Face au Racing, Pierre Mignoni a remplac\u00e9 un ailier par un pilier pour finir avec neuf avants. Ce choix audacieux a permis au RCT d\u2019arracher le bonus offensif sur le gong, gr\u00e2ce \u00e0 un maul d\u00e9cisif et un essai sign\u00e9 Alainu\u2019uese.<\/p>\n<p> <img decoding=\"async\" width=\"76\" height=\"76\" loading=\"lazy\" src=\"https:\/\/www.europesays.com\/fr\/wp-content\/uploads\/2025\/04\/avatar-quinze.png\" alt=\"Voldi Fr\u00e9jus\u00a0Hounvio\"\/><\/p>\n","protected":false},"excerpt":{"rendered":"\u00c0 Mayol, le RCT n\u2019a pas seulement domin\u00e9 le Racing (45-21). Il a conclu sa d\u00e9monstration par un&hellip;\n","protected":false},"author":2,"featured_media":478270,"comment_status":"","ping_status":"","sticky":false,"template":"","format":"standard","meta":{"footnotes":""},"categories":[9619],"tags":[1111,11,1777,674,1011,27,12,882,25,478,2310],"class_list":{"0":"post-478269","1":"post","2":"type-post","3":"status-publish","4":"format-standard","5":"has-post-thumbnail","7":"category-toulon","8":"tag-actu","9":"tag-actualites","10":"tag-eu","11":"tag-europe","12":"tag-fr","13":"tag-france","14":"tag-news","15":"tag-provence-alpes-cote-dazur","16":"tag-republique-francaise","17":"tag-top-14","18":"tag-toulon"},"share_on_mastodon":{"url":"https:\/\/pubeurope.com\/@fr\/115409388374635292","error":""},"_links":{"self":[{"href":"https:\/\/www.europesays.com\/fr\/wp-json\/wp\/v2\/posts\/478269","targetHints":{"allow":["GET"]}}],"collection":[{"href":"https:\/\/www.europesays.com\/fr\/wp-json\/wp\/v2\/posts"}],"about":[{"href":"https:\/\/www.europesays.com\/fr\/wp-json\/wp\/v2\/types\/post"}],"author":[{"embeddable":true,"href":"https:\/\/www.europesays.com\/fr\/wp-json\/wp\/v2\/users\/2"}],"replies":[{"embeddable":true,"href":"https:\/\/www.europesays.com\/fr\/wp-json\/wp\/v2\/comments?post=478269"}],"version-history":[{"count":0,"href":"https:\/\/www.europesays.com\/fr\/wp-json\/wp\/v2\/posts\/478269\/revisions"}],"wp:featuredmedia":[{"embeddable":true,"href":"https:\/\/www.europesays.com\/fr\/wp-json\/wp\/v2\/media\/478270"}],"wp:attachment":[{"href":"https:\/\/www.europesays.com\/fr\/wp-json\/wp\/v2\/media?parent=478269"}],"wp:term":[{"taxonomy":"category","embeddable":true,"href":"https:\/\/www.europesays.com\/fr\/wp-json\/wp\/v2\/categories?post=478269"},{"taxonomy":"post_tag","embeddable":true,"href":"https:\/\/www.europesays.com\/fr\/wp-json\/wp\/v2\/tags?post=478269"}],"curies":[{"name":"wp","href":"https:\/\/api.w.org\/{rel}","templated":true}]}}