{"id":478277,"date":"2025-10-21T00:49:31","date_gmt":"2025-10-21T00:49:31","guid":{"rendered":"https:\/\/www.europesays.com\/fr\/478277\/"},"modified":"2025-10-21T00:49:31","modified_gmt":"2025-10-21T00:49:31","slug":"metropole-de-grenoble-il-tente-de-voler-une-moto-et-termine-a-lhopital","status":"publish","type":"post","link":"https:\/\/www.europesays.com\/fr\/478277\/","title":{"rendered":"M\u00e9tropole de Grenoble. Il tente de voler une moto et termine \u00e0 l\u2019h\u00f4pital"},"content":{"rendered":"<p>Un jeune homme qui tentait avec des complices de voler une moto, rue Jules-Flandrin \u00e0 Saint-Martin-d\u2019H\u00e8res, a termin\u00e9 sa journ\u00e9e au CHU Grenoble Alpes apr\u00e8s avoir lourdement chut\u00e9 de trottinette en cherchant \u00e0 s\u2019enfuir, a-t-on appris aupr\u00e8s de la police.<\/p>\n<p>Ce contenu est bloqu\u00e9 car vous n&rsquo;avez pas accept\u00e9 les cookies et autres traceurs.<\/p>\n<p>En cliquant sur \u00ab J\u2019accepte \u00bb, les cookies et autres traceurs seront d\u00e9pos\u00e9s et vous pourrez visualiser les contenus  (<a href=\"\" class=\"consentModule_policy\" target=\"_blank\" title=\"Consulter la politique de protection des donn\u00e9es du fournisseur\">plus d&rsquo;informations<\/a>).<\/p>\n<p>En cliquant sur \u00ab J\u2019accepte tous les cookies \u00bb, vous autorisez des d\u00e9p\u00f4ts de cookies et autres traceurs pour le stockage de vos donn\u00e9es sur nos sites et applications \u00e0 des fins de personnalisation et de ciblage publicitaire.<\/p>\n<p class=\"consentModule_secondaryText\">Vous gardez la possibilit\u00e9 de retirer votre consentement \u00e0 tout moment en consultant notre <a href=\"https:\/\/www.ledauphine.com\/protection-des-donnees\" target=\"_blank\" title=\"Consulter notre politique de protection des donn\u00e9es\" rel=\"noopener\">politique de protection des donn\u00e9es<\/a>. <br \/>&#13;<br \/>\n            <a href=\"https:\/\/www.ledauphine.com\/faits-divers-justice\/2025\/10\/20\/javascript:Didomi.notice.show()\" class=\"consentModule_cmp\" target=\"_blank\" rel=\"noopener\">G\u00e9rer mes choix<\/a>&#13;\n        <\/p>\n<p>&#13;<br \/>\n                        J&rsquo;accepte&#13;<br \/>\n            J&rsquo;accepte tous les cookies&#13;\n        <\/p>\n<p>La sc\u00e8ne s\u2019est produite dimanche peu apr\u00e8s 19 heures lorsque quatre voleurs mont\u00e9s sur deux trottinettes ont essay\u00e9 de d\u00e9rober une moto.<\/p>\n<p>Le propri\u00e9taire de l\u2019engin est parvenu \u00e0 les mettre en fuite mais deux des voleurs sont tomb\u00e9s au sol. L\u2019un d\u2019entre eux, \u00e2g\u00e9 de 18 ans, a\u00a0\u00e9t\u00e9 interpell\u00e9 et plac\u00e9 en garde \u00e0 vue.\u00a0<\/p>\n<p>Le second, bless\u00e9 au cr\u00e2ne, a d\u00fb \u00eatre secouru par les sapeurs-pompiers et a \u00e9t\u00e9 hospitalis\u00e9 en attendant d\u2019\u00eatre entendu \u00e0 son tour lorsque son \u00e9tat de sant\u00e9 s\u2019am\u00e9liorera.<\/p>\n","protected":false},"excerpt":{"rendered":"Un jeune homme qui tentait avec des complices de voler une moto, rue Jules-Flandrin \u00e0 Saint-Martin-d\u2019H\u00e8res, a termin\u00e9&hellip;\n","protected":false},"author":2,"featured_media":478278,"comment_status":"","ping_status":"","sticky":false,"template":"","format":"standard","meta":{"footnotes":""},"categories":[9566],"tags":[1111,11,2430,271,272,112,1777,674,274,107,1011,27,2731,108,12,25,9448,11264],"class_list":{"0":"post-478277","1":"post","2":"type-post","3":"status-publish","4":"format-standard","5":"has-post-thumbnail","7":"category-grenoble","8":"tag-actu","9":"tag-actualites","10":"tag-auvergne-rhone-alpes","11":"tag-crime","12":"tag-delit-et-contravention","13":"tag-edition-grenoble-agglomeration","14":"tag-eu","15":"tag-europe","16":"tag-faits-divers-justice","17":"tag-fil-info","18":"tag-fr","19":"tag-france","20":"tag-grenoble","21":"tag-isere","22":"tag-news","23":"tag-republique-francaise","24":"tag-saint-martin-dheres","25":"tag-saint-martin-dheres-bassin"},"share_on_mastodon":{"url":"https:\/\/pubeurope.com\/@fr\/115409411248305229","error":""},"_links":{"self":[{"href":"https:\/\/www.europesays.com\/fr\/wp-json\/wp\/v2\/posts\/478277","targetHints":{"allow":["GET"]}}],"collection":[{"href":"https:\/\/www.europesays.com\/fr\/wp-json\/wp\/v2\/posts"}],"about":[{"href":"https:\/\/www.europesays.com\/fr\/wp-json\/wp\/v2\/types\/post"}],"author":[{"embeddable":true,"href":"https:\/\/www.europesays.com\/fr\/wp-json\/wp\/v2\/users\/2"}],"replies":[{"embeddable":true,"href":"https:\/\/www.europesays.com\/fr\/wp-json\/wp\/v2\/comments?post=478277"}],"version-history":[{"count":0,"href":"https:\/\/www.europesays.com\/fr\/wp-json\/wp\/v2\/posts\/478277\/revisions"}],"wp:featuredmedia":[{"embeddable":true,"href":"https:\/\/www.europesays.com\/fr\/wp-json\/wp\/v2\/media\/478278"}],"wp:attachment":[{"href":"https:\/\/www.europesays.com\/fr\/wp-json\/wp\/v2\/media?parent=478277"}],"wp:term":[{"taxonomy":"category","embeddable":true,"href":"https:\/\/www.europesays.com\/fr\/wp-json\/wp\/v2\/categories?post=478277"},{"taxonomy":"post_tag","embeddable":true,"href":"https:\/\/www.europesays.com\/fr\/wp-json\/wp\/v2\/tags?post=478277"}],"curies":[{"name":"wp","href":"https:\/\/api.w.org\/{rel}","templated":true}]}}