{"id":478281,"date":"2025-10-21T00:53:13","date_gmt":"2025-10-21T00:53:13","guid":{"rendered":"https:\/\/www.europesays.com\/fr\/478281\/"},"modified":"2025-10-21T00:53:13","modified_gmt":"2025-10-21T00:53:13","slug":"1428-e-pour-un-dejeuner-de-travail-aux-haras-voici-le-contexte","status":"publish","type":"post","link":"https:\/\/www.europesays.com\/fr\/478281\/","title":{"rendered":"1428 \u20ac pour un d\u00e9jeuner de travail aux Haras, voici le contexte"},"content":{"rendered":"<p>            Par<br \/>\n        <strong><br \/>\n            <a href=\"https:\/\/actu.fr\/auteur\/ivan-capecchi\" title=\"Consulter tous les articles de Ivan CAPECCHI\" target=\"_blank\" rel=\"noopener\">Ivan CAPECCHI<\/a><br \/>\n        <\/strong><\/p>\n<p>        Publi\u00e9 le<\/p>\n<p>            20 oct. 2025 \u00e0 17h29        <\/p>\n<p>En ao\u00fbt dernier, une vid\u00e9o <a href=\"https:\/\/actu.fr\/tag\/tiktok\" target=\"_blank\" rel=\"noopener\">TikTok<\/a> s\u2019\u00e9tonnait d\u2019un <strong>d\u00e9jeuner de travail<\/strong> de la <strong>maire de Strasbourg<\/strong> factur\u00e9 1\u2009428\u00a0\u20ac \u00e0 la <strong>brasserie des Haras<\/strong>. \u00ab\u2009On mange bien \u00e0 la mairie, on se casse le ventre\u2009\u00bb, commentait l\u2019autrice de la vid\u00e9o, vue plus de 500\u2009000\u00a0fois. \u00c0 quoi correspond pr\u00e9cis\u00e9ment ce montant\u2009? C\u2019est ce qu\u2019on a voulu savoir en se plongeant dans les <strong>notes de frais<\/strong> de <a href=\"https:\/\/actu.fr\/grand-est\/strasbourg_67482\/municipales-2026-jeanne-barseghian-maire-de-strasbourg-candidate-a-sa-reelection_62866356.html\" target=\"_blank\" rel=\"noopener\">Jeanne Barseghian<\/a>.<\/p>\n<p>Pas de frais de repr\u00e9sentation \u00e0 Strasbourg<\/p>\n<p class=\" wall-content\">D\u00e9j\u00e0, comment fonctionne le syst\u00e8me\u2009? Premi\u00e8re chose\u2009: \u00e0 Strasbourg, <strong>il n\u2019y a pas de frais de repr\u00e9sentation<\/strong>, autrement dit pas d\u2019enveloppe destin\u00e9e \u00e0 couvrir les d\u00e9penses li\u00e9es \u00e0 la fonction de maire, comme celle qui a permis <a href=\"https:\/\/actu.fr\/auvergne-rhone-alpes\/lyon_69123\/lyon-costumes-restaurants-hotels-les-notes-de-frais-de-gregory-doucet-devoilees_63258989.html\" target=\"_blank\" rel=\"noopener\">au maire de Lyon de s\u2019acheter des costumes<\/a>, par exemple.<\/p>\n<p class=\" wall-content\">Pour ce qui est de la capitale alsacienne donc, nous allons nous attarder sur les<strong> frais de restauration<\/strong> et les <strong>frais de d\u00e9placements<\/strong>.<\/p>\n<p>Des remboursements encadr\u00e9s<\/p>\n<p class=\" wall-content\">Une d\u00e9lib\u00e9ration adopt\u00e9e par l\u2019Eurom\u00e9tropole de Strasbourg en d\u00e9cembre\u00a02019 <strong>encadre les conditions de remboursement des d\u00e9placements professionnels des \u00e9lus<\/strong>, agents et intervenants ext\u00e9rieurs.<\/p>\n<p class=\" wall-content\">Elle fixe des <strong>plafonds forfaitaires pour les frais pris en charge<\/strong>\u2009: 17,50\u00a0\u20ac par repas, et des montants maximums pour les nuit\u00e9es variant selon la destination (70\u00a0\u20ac dans une commune de moins de 200\u2009000\u00a0habitants, 90\u00a0\u20ac dans une grande ville, 110\u00a0\u20ac \u00e0 Paris).<\/p>\n<p>Votre r\u00e9gion, votre actu !<\/p>\n<p>Recevez chaque jour les infos qui comptent pour vous.<\/p>\n<p>\t<a href=\"https:\/\/actu.fr\/newsletter\" class=\"ac-btn ac-btn--corner ac-btn--medium ac-btn--blue800\" target=\"_blank\" rel=\"noopener\">S&rsquo;incrire<\/a><br \/>\n\u00ab\u2009Tout doit \u00eatre fait en amont\u2009\u00bb<\/p>\n<p class=\" wall-content\">Concr\u00e8tement, \u00ab<strong>\u2009tout doit \u00eatre fait en amont<\/strong>\u2009\u00bb, explique la Ville de Strasbourg, sollicit\u00e9e par nos soins.<\/p>\n<p class=\" wall-content\">Pour un d\u00e9jeuner de travail par exemple, \u00ab\u2009il faut <strong>signaler le nombre de personnes qui seront autour de la table, indiquer le motif<\/strong>\u2026 puis <strong>le Protocole prend le relais<\/strong> pour choisir un restaurant \u00e9quip\u00e9 de Chorus, [le logiciel de l\u2019\u00c9tat et des collectivit\u00e9s pour la d\u00e9pense publique, NDLR]\u2009\u00bb.<\/p>\n<p class=\" wall-content\">\u00ab\u2009Apr\u00e8s, tout \u00e7a est int\u00e9gr\u00e9 aux comptes administratifs et donc vot\u00e9 dans le cadre du budget\u2009\u00bb, continue la Ville.<\/p>\n<p>D\u00e9jeuner aux Haras\u2009: 19 convives, soit 75\u00a0\u20ac par personne<\/p>\n<p class=\" wall-content\">Qu\u2019en est-il de la note de 1\u2009428,50\u00a0\u20ac aux Haras, dat\u00e9e du 31\u00a0janvier 2025\u2009? \u00ab\u2009Il s\u2019agissait du <strong>d\u00eener des m\u00e9c\u00e8nes<\/strong>\u2009\u00bb, indique la Ville. <strong>19 convives<\/strong> y participaient, dont des repr\u00e9sentants de la Banque des Territoires, d\u2019\u00c9S (\u00c9lectricit\u00e9 de Strasbourg), de la Caisse des D\u00e9p\u00f4ts ou du promoteur immobilier Stradim, soit <strong>environ 75\u00a0\u20ac par personne<\/strong>. La facture demand\u00e9e n\u2019a pas \u00e9t\u00e9 transmise.<\/p>\n<p class=\" wall-content\">Ce repas s\u2019inscrivait dans le cadre du <strong>dispositif de m\u00e9c\u00e9nat public<\/strong> encadr\u00e9 par une d\u00e9lib\u00e9ration vot\u00e9e en 2023 et assorti d\u2019une <strong>charte d\u00e9ontologique<\/strong>. Les conventions sup\u00e9rieures \u00e0 50\u2009000\u00a0\u20ac doivent \u00eatre vot\u00e9es par les conseils, les autres sont sign\u00e9es par d\u00e9l\u00e9gation.<\/p>\n<p class=\" wall-content\">En 2024, <strong>pr\u00e8s d\u2019un million d\u2019euros ont ainsi \u00e9t\u00e9 collect\u00e9s<\/strong>. En contrepartie, les m\u00e9c\u00e8nes <strong>b\u00e9n\u00e9ficient d\u2019avantages encadr\u00e9s<\/strong> \u2013 visites, communication, remerciements officiels \u2013 dont ce d\u00e9jeuner aux Haras faisait partie.<\/p>\n<p>Un d\u00e9placement \u00e0 Montpellier pour 912,81\u00a0\u20ac<\/p>\n<p class=\" wall-content\">Voil\u00e0 pour les Haras. D\u2019autres notes de frais ont attir\u00e9 notre attention, par exemple celle du 8 avril 2024 pour <strong>API Restauration\u2009: 712,84\u00a0\u20ac<\/strong>. \u00ab\u2009API Restauration, c\u2019est notre <strong>cantine<\/strong>\u2009\u00bb, explique la Ville de Strasbourg. \u00ab\u2009Quand la maire mange \u00e0 la cantine, elle paie avec ses sous. Mais, si elle n\u2019a pas le temps et qu\u2019elle doit faire monter un plateau de cantine, <strong>cela devient un d\u00e9jeuner de travail et c\u2019est donc pris en charge<\/strong>\u2009\u00bb, compl\u00e8te la collectivit\u00e9.<\/p>\n<p class=\" wall-content\">Autre note de frais qui peut interpeller sans le contexte\u2009: <strong>912,81\u00a0\u20ac pour un d\u00e9placement \u00e0 Montpellier<\/strong>, toujours en 2024.\u00a0Ce d\u00e9placement a \u00e9t\u00e9 fait dans le cadre du <strong>congr\u00e8s HLM de l\u2019Union sociale pour l\u2019habitat<\/strong>, indique la Ville. La note de frais comprend <strong>306\u00a0\u20ac de train<\/strong> (avec des frais d\u2019\u00e9change en raison du retard pris lors du congr\u00e8s) et <strong>566,81\u00a0\u20ac pour deux nuits d\u2019h\u00f4tel avec petits-d\u00e9jeuners et repas<\/strong>, montant alourdi par un probl\u00e8me de r\u00e9servation ayant contraint la maire \u00e0 trouver en urgence un autre h\u00e9bergement, toujours selon la Ville.<\/p>\n<p>\u00ab\u2009En tant que capitale europ\u00e9enne, nous avons aussi une fonction de repr\u00e9sentation de la France en Europe\u2009\u00bb<\/p>\n<p class=\" wall-content\">Plus globalement, cette derni\u00e8re fait valoir une certaine mod\u00e9ration dans ses diff\u00e9rentes d\u00e9penses li\u00e9es aux repas et aux d\u00e9placements.<\/p>\n<p class=\" wall-content\">Quant \u00e0 celles un peu plus cons\u00e9quentes, elle rappelle le statut de \u00ab\u2009capitale europ\u00e9enne de Strasbourg\u2009\u00bb. \u00ab\u2009Nous avons aussi une<strong> fonction de repr\u00e9sentation de la France en Europe<\/strong>\u2009\u00bb, souligne la collectivit\u00e9.<\/p>\n<p class=\" wall-content\">Personnalisez votre actualit\u00e9 en ajoutant vos villes et m\u00e9dias en favori avec <a href=\"https:\/\/moncompte.actu.fr\" title=\"D\u00e9couvez Mon Actu\" rel=\"nofollow noopener\" data-trk=\"{&quot;cta&quot;:{&quot;action&quot;:&quot;https:\\\/\\\/moncompte.actu.fr&quot;,&quot;category&quot;:&quot;mon compte&quot;,&quot;from&quot;:&quot;article footer&quot;,&quot;name&quot;:&quot;Mon actu&quot;,&quot;type&quot;:&quot;cta&quot;}}\" target=\"_blank\">Mon Actu<\/a>.<\/p>\n","protected":false},"excerpt":{"rendered":"Par Ivan CAPECCHI Publi\u00e9 le 20 oct. 2025 \u00e0 17h29 En ao\u00fbt dernier, une vid\u00e9o TikTok s\u2019\u00e9tonnait d\u2019un&hellip;\n","protected":false},"author":2,"featured_media":478282,"comment_status":"","ping_status":"","sticky":false,"template":"","format":"standard","meta":{"footnotes":""},"categories":[2820],"tags":[1111,11,1777,674,1011,27,775,7125,12,25,104,640],"class_list":{"0":"post-478281","1":"post","2":"type-post","3":"status-publish","4":"format-standard","5":"has-post-thumbnail","7":"category-strasbourg","8":"tag-actu","9":"tag-actualites","10":"tag-eu","11":"tag-europe","12":"tag-fr","13":"tag-france","14":"tag-grand-est","15":"tag-jeanne-barseghian","16":"tag-news","17":"tag-republique-francaise","18":"tag-societe","19":"tag-strasbourg"},"share_on_mastodon":{"url":"https:\/\/pubeurope.com\/@fr\/115409427116819689","error":""},"_links":{"self":[{"href":"https:\/\/www.europesays.com\/fr\/wp-json\/wp\/v2\/posts\/478281","targetHints":{"allow":["GET"]}}],"collection":[{"href":"https:\/\/www.europesays.com\/fr\/wp-json\/wp\/v2\/posts"}],"about":[{"href":"https:\/\/www.europesays.com\/fr\/wp-json\/wp\/v2\/types\/post"}],"author":[{"embeddable":true,"href":"https:\/\/www.europesays.com\/fr\/wp-json\/wp\/v2\/users\/2"}],"replies":[{"embeddable":true,"href":"https:\/\/www.europesays.com\/fr\/wp-json\/wp\/v2\/comments?post=478281"}],"version-history":[{"count":0,"href":"https:\/\/www.europesays.com\/fr\/wp-json\/wp\/v2\/posts\/478281\/revisions"}],"wp:featuredmedia":[{"embeddable":true,"href":"https:\/\/www.europesays.com\/fr\/wp-json\/wp\/v2\/media\/478282"}],"wp:attachment":[{"href":"https:\/\/www.europesays.com\/fr\/wp-json\/wp\/v2\/media?parent=478281"}],"wp:term":[{"taxonomy":"category","embeddable":true,"href":"https:\/\/www.europesays.com\/fr\/wp-json\/wp\/v2\/categories?post=478281"},{"taxonomy":"post_tag","embeddable":true,"href":"https:\/\/www.europesays.com\/fr\/wp-json\/wp\/v2\/tags?post=478281"}],"curies":[{"name":"wp","href":"https:\/\/api.w.org\/{rel}","templated":true}]}}