{"id":478283,"date":"2025-10-21T00:54:16","date_gmt":"2025-10-21T00:54:16","guid":{"rendered":"https:\/\/www.europesays.com\/fr\/478283\/"},"modified":"2025-10-21T00:54:16","modified_gmt":"2025-10-21T00:54:16","slug":"video-psg-nul-contre-strasbourg-et-lequipe-face-au-bayer-leverkusen","status":"publish","type":"post","link":"https:\/\/www.europesays.com\/fr\/478283\/","title":{"rendered":"Vid\u00e9o PSG &#8211; Nul contre Strasbourg et l&rsquo;\u00e9quipe face au Bayer Leverkusen !"},"content":{"rendered":"<p><strong>Ce lundi 20 octobre nous sommes revenus sur le match nul 3-3 du PSG contre <b>Strasbourg\u00a0<\/b>ce <b>vendredi <\/b>lors de la <b>8e journ\u00e9e de Ligue 1<\/b> 2025-2026 au Parc des Princes <b>et nous avons \u00e9voqu\u00e9 le match de Ligue des Champions ce mardi contre le Bayer Leverkusen avec l\u2019\u00e9quipe parisienne possible. <\/b><\/strong><\/p>\n<p>N\u2019h\u00e9sitez pas \u00e0 partager et commenter ce PF d\u00e9crypte ! Les avis constructifs sont toujours les bienvenus, tout comme vos commentaires, que ce soit ici ou sur la cha\u00eene Youtube, que nous vous invitons \u00e0 suivre.<\/p>\n<p>\u00a0<\/p>\n<p>\t\t\t\t\t\t\t\t\t\t\t\t\t\t\t\t\t\t\t\t\t\t\t<img loading=\"lazy\" src=\"https:\/\/www.europesays.com\/fr\/wp-content\/uploads\/2025\/04\/ParisFans_Logo.png\" decoding=\"async\" class=\"lazyload\" width=\"240\" height=\"54\" data-eio-rwidth=\"240\" data-eio-rheight=\"54\"\/><\/p>\n","protected":false},"excerpt":{"rendered":"Ce lundi 20 octobre nous sommes revenus sur le match nul 3-3 du PSG contre Strasbourg\u00a0ce vendredi lors&hellip;\n","protected":false},"author":2,"featured_media":478284,"comment_status":"","ping_status":"","sticky":false,"template":"","format":"standard","meta":{"footnotes":""},"categories":[2820],"tags":[1111,11,1777,674,1011,27,775,12,50653,25,640,96],"class_list":{"0":"post-478283","1":"post","2":"type-post","3":"status-publish","4":"format-standard","5":"has-post-thumbnail","7":"category-strasbourg","8":"tag-actu","9":"tag-actualites","10":"tag-eu","11":"tag-europe","12":"tag-fr","13":"tag-france","14":"tag-grand-est","15":"tag-news","16":"tag-psg-strasbourg","17":"tag-republique-francaise","18":"tag-strasbourg","19":"tag-une"},"share_on_mastodon":{"url":"https:\/\/pubeurope.com\/@fr\/115409431450459310","error":""},"_links":{"self":[{"href":"https:\/\/www.europesays.com\/fr\/wp-json\/wp\/v2\/posts\/478283","targetHints":{"allow":["GET"]}}],"collection":[{"href":"https:\/\/www.europesays.com\/fr\/wp-json\/wp\/v2\/posts"}],"about":[{"href":"https:\/\/www.europesays.com\/fr\/wp-json\/wp\/v2\/types\/post"}],"author":[{"embeddable":true,"href":"https:\/\/www.europesays.com\/fr\/wp-json\/wp\/v2\/users\/2"}],"replies":[{"embeddable":true,"href":"https:\/\/www.europesays.com\/fr\/wp-json\/wp\/v2\/comments?post=478283"}],"version-history":[{"count":0,"href":"https:\/\/www.europesays.com\/fr\/wp-json\/wp\/v2\/posts\/478283\/revisions"}],"wp:featuredmedia":[{"embeddable":true,"href":"https:\/\/www.europesays.com\/fr\/wp-json\/wp\/v2\/media\/478284"}],"wp:attachment":[{"href":"https:\/\/www.europesays.com\/fr\/wp-json\/wp\/v2\/media?parent=478283"}],"wp:term":[{"taxonomy":"category","embeddable":true,"href":"https:\/\/www.europesays.com\/fr\/wp-json\/wp\/v2\/categories?post=478283"},{"taxonomy":"post_tag","embeddable":true,"href":"https:\/\/www.europesays.com\/fr\/wp-json\/wp\/v2\/tags?post=478283"}],"curies":[{"name":"wp","href":"https:\/\/api.w.org\/{rel}","templated":true}]}}