{"id":478304,"date":"2025-10-21T01:05:12","date_gmt":"2025-10-21T01:05:12","guid":{"rendered":"https:\/\/www.europesays.com\/fr\/478304\/"},"modified":"2025-10-21T01:05:12","modified_gmt":"2025-10-21T01:05:12","slug":"le-palais-du-pharo-ce-bijou-de-limperatrice-eugenie-a-marseille-que-personne-ne-pourra-voler","status":"publish","type":"post","link":"https:\/\/www.europesays.com\/fr\/478304\/","title":{"rendered":"le palais du Pharo, ce bijou de l&rsquo;imp\u00e9ratrice Eug\u00e9nie \u00e0 Marseille que personne ne pourra voler"},"content":{"rendered":"<p>Le <a href=\"https:\/\/www.laprovence.com\/article\/france-monde\/41953972110797\/apres-le-casse-spectaculaire-au-louvre-la-securite-des-musees-en-question\" target=\"_blank\" rel=\"noopener\">vol spectaculaire<\/a> de bijoux royaux au <a href=\"https:\/\/www.laprovence.com\/article\/faits-divers-justice\/3827818504036314\/le-louvre-cambriole-le-museum-national-dhistoire-naturelle-de-paris-avait-ete-vole-en-septembre\" target=\"_blank\" rel=\"noopener\">mus\u00e9e du Louvre<\/a>, ce dimanche 19\u00a0octobre, dont la couronne de l\u2019imp\u00e9ratrice Eug\u00e9nie finalement retrouv\u00e9e, rappelle que Marseille poss\u00e8de aussi un tr\u00e9sor\u00a0: le palais du Pharo, \u00e9rig\u00e9 en l\u2019honneur de l\u2019\u00e9pouse de Napol\u00e9on III\u2026 dont Eug\u00e9nie de Montijo n\u2019a jamais profit\u00e9. Ce b\u00e2timent aux ailes sur\u00e9lev\u00e9es, en surplomb du Vieux-Port, a \u00e9t\u00e9 construit \u00e0 partir de\u00a01858. Le palais du Pharo est aujourd\u2019hui est un point de rassemblement pour diverses manifestations et congr\u00e8s marseillais.<\/p>\n<p><strong>Le palais du Pharo n\u2019est autre qu\u2019une maison de vacances.<\/strong><\/p>\n<p><strong>Vrai. <\/strong>La premi\u00e8re pierre du palais est pos\u00e9e le 15\u00a0ao\u00fbt\u00a01858. Lors d\u2019une visite \u00e0 Marseille, Napol\u00e9on III et Eug\u00e9nie de Montijo, d\u00e9j\u00e0 conquis par Marseille, tombent amoureux de la butte du Pharo.<\/p>\n<p>\u00c0 l\u2019\u00e9poque, ils d\u00e9cident d\u2019y faire construire \u00ab\u00a0une maison les pieds dans l\u2019eau\u00a0\u00bb.\u00a0D\u2019ailleurs, son nom, d\u00e9riv\u00e9 de \u00ab\u00a0farot\u00a0\u00bb, butte qui s\u00e9pare de la mer et sur laquelle dominait une vigie.<\/p>\n<p><strong>La construction a \u00e9t\u00e9 achev\u00e9e en \u00e0 peine deux mois.<\/strong><\/p>\n<p><strong>Faux.<\/strong> Dirig\u00e9s par Hector-Martin Lefuel, architecte de l\u2019aile Richelieu du mus\u00e9e du Louvre, les travaux de construction vont durer plus de dix ans et vont co\u00fbter plus de 1,5\u00a0million de francs de&#8230;<\/p>\n","protected":false},"excerpt":{"rendered":"Le vol spectaculaire de bijoux royaux au mus\u00e9e du Louvre, ce dimanche 19\u00a0octobre, dont la couronne de l\u2019imp\u00e9ratrice&hellip;\n","protected":false},"author":2,"featured_media":478305,"comment_status":"","ping_status":"","sticky":false,"template":"","format":"standard","meta":{"footnotes":""},"categories":[2814],"tags":[17,1111,11,945,1174,1777,16390,674,1011,27,60173,2831,11274,884,12,12823,13494,882,25],"class_list":{"0":"post-478304","1":"post","2":"type-post","3":"status-publish","4":"format-standard","5":"has-post-thumbnail","7":"category-marseille","8":"tag-17","9":"tag-actu","10":"tag-actualites","11":"tag-bijou","12":"tag-cambriolage","13":"tag-eu","14":"tag-eugenie","15":"tag-europe","16":"tag-fr","17":"tag-france","18":"tag-limperatrice","19":"tag-loisirs-traditions","20":"tag-louvre","21":"tag-marseille","22":"tag-news","23":"tag-palais","24":"tag-pharo","25":"tag-provence-alpes-cote-dazur","26":"tag-republique-francaise"},"share_on_mastodon":{"url":"https:\/\/pubeurope.com\/@fr\/115409474262451485","error":""},"_links":{"self":[{"href":"https:\/\/www.europesays.com\/fr\/wp-json\/wp\/v2\/posts\/478304","targetHints":{"allow":["GET"]}}],"collection":[{"href":"https:\/\/www.europesays.com\/fr\/wp-json\/wp\/v2\/posts"}],"about":[{"href":"https:\/\/www.europesays.com\/fr\/wp-json\/wp\/v2\/types\/post"}],"author":[{"embeddable":true,"href":"https:\/\/www.europesays.com\/fr\/wp-json\/wp\/v2\/users\/2"}],"replies":[{"embeddable":true,"href":"https:\/\/www.europesays.com\/fr\/wp-json\/wp\/v2\/comments?post=478304"}],"version-history":[{"count":0,"href":"https:\/\/www.europesays.com\/fr\/wp-json\/wp\/v2\/posts\/478304\/revisions"}],"wp:featuredmedia":[{"embeddable":true,"href":"https:\/\/www.europesays.com\/fr\/wp-json\/wp\/v2\/media\/478305"}],"wp:attachment":[{"href":"https:\/\/www.europesays.com\/fr\/wp-json\/wp\/v2\/media?parent=478304"}],"wp:term":[{"taxonomy":"category","embeddable":true,"href":"https:\/\/www.europesays.com\/fr\/wp-json\/wp\/v2\/categories?post=478304"},{"taxonomy":"post_tag","embeddable":true,"href":"https:\/\/www.europesays.com\/fr\/wp-json\/wp\/v2\/tags?post=478304"}],"curies":[{"name":"wp","href":"https:\/\/api.w.org\/{rel}","templated":true}]}}