{"id":478308,"date":"2025-10-21T01:07:24","date_gmt":"2025-10-21T01:07:24","guid":{"rendered":"https:\/\/www.europesays.com\/fr\/478308\/"},"modified":"2025-10-21T01:07:24","modified_gmt":"2025-10-21T01:07:24","slug":"la-porte-dun-appartement-criblee-de-balles","status":"publish","type":"post","link":"https:\/\/www.europesays.com\/fr\/478308\/","title":{"rendered":"la porte d\u2019un appartement cribl\u00e9e de balles"},"content":{"rendered":"<p itemprop=\"description\"><strong>Trois impacts ont \u00e9t\u00e9 relev\u00e9s, mais aucun occupant n\u2019a \u00e9t\u00e9 bless\u00e9.<\/strong><\/p>\n<p>Dans la nuit de samedi \u00e0 dimanche, des coups de feu ont vis\u00e9 la porte d\u2019un appartement du quartier des Vernes \u00e0 Givors. Aux alentours d&rsquo;une heure du matin, ce dimanche\u00a018 otcobre, des d\u00e9tonations ont retenti dans un immeuble situ\u00e9 avenue Youri-Gagarine, au c\u0153ur du quartier des Vernes.<\/p>\n<p>Selon les premi\u00e8res constatations, un ou plusieurs individus ont ouvert le feu sur la porte d\u2019entr\u00e9e d\u2019un appartement occup\u00e9.<\/p>\n<p>Trois impacts de balles ont \u00e9t\u00e9 retrouv\u00e9s sur la porte et l\u2019arme utilis\u00e9e serait de\u00a0gros calibre, pr\u00e9cise le Progr\u00e8s. Malgr\u00e9 la pr\u00e9sence des r\u00e9sidents \u00e0 l\u2019int\u00e9rieur du logement au moment des faits,\u00a0aucune blessure n\u2019a \u00e9t\u00e9 signal\u00e9e.<\/p>\n<p>Face \u00e0 ces tirs en pleine nuit dans un immeuble d\u2019habitation, une\u00a0enqu\u00eate a \u00e9t\u00e9 ouverte\u00a0afin d\u2019identifier le ou les tireurs. Les investigations devront d\u00e9terminer les circonstances exactes de l\u2019attaque ainsi que le mobile de cet acte particuli\u00e8rement inqui\u00e9tant.<\/p>\n","protected":false},"excerpt":{"rendered":"Trois impacts ont \u00e9t\u00e9 relev\u00e9s, mais aucun occupant n\u2019a \u00e9t\u00e9 bless\u00e9. Dans la nuit de samedi \u00e0 dimanche,&hellip;\n","protected":false},"author":2,"featured_media":478309,"comment_status":"","ping_status":"","sticky":false,"template":"","format":"standard","meta":{"footnotes":""},"categories":[1889],"tags":[1111,11,2813,2190,2430,1109,251,1112,2811,1777,674,118,1011,27,1922,1110,1114,2428,2810,12,241,316,25,2812,517,800],"class_list":{"0":"post-478308","1":"post","2":"type-post","3":"status-publish","4":"format-standard","5":"has-post-thumbnail","7":"category-lyon","8":"tag-actu","9":"tag-actualites","10":"tag-article","11":"tag-asvel","12":"tag-auvergne-rhone-alpes","13":"tag-breves","14":"tag-culture","15":"tag-depeches","16":"tag-economique","17":"tag-eu","18":"tag-europe","19":"tag-faits-divers","20":"tag-fr","21":"tag-france","22":"tag-info","23":"tag-informations","24":"tag-infos","25":"tag-lyon","26":"tag-lyonmag","27":"tag-news","28":"tag-ol","29":"tag-politique","30":"tag-republique-francaise","31":"tag-sociale","32":"tag-sport","33":"tag-transports"},"share_on_mastodon":{"url":"https:\/\/pubeurope.com\/@fr\/115409482146877088","error":""},"_links":{"self":[{"href":"https:\/\/www.europesays.com\/fr\/wp-json\/wp\/v2\/posts\/478308","targetHints":{"allow":["GET"]}}],"collection":[{"href":"https:\/\/www.europesays.com\/fr\/wp-json\/wp\/v2\/posts"}],"about":[{"href":"https:\/\/www.europesays.com\/fr\/wp-json\/wp\/v2\/types\/post"}],"author":[{"embeddable":true,"href":"https:\/\/www.europesays.com\/fr\/wp-json\/wp\/v2\/users\/2"}],"replies":[{"embeddable":true,"href":"https:\/\/www.europesays.com\/fr\/wp-json\/wp\/v2\/comments?post=478308"}],"version-history":[{"count":0,"href":"https:\/\/www.europesays.com\/fr\/wp-json\/wp\/v2\/posts\/478308\/revisions"}],"wp:featuredmedia":[{"embeddable":true,"href":"https:\/\/www.europesays.com\/fr\/wp-json\/wp\/v2\/media\/478309"}],"wp:attachment":[{"href":"https:\/\/www.europesays.com\/fr\/wp-json\/wp\/v2\/media?parent=478308"}],"wp:term":[{"taxonomy":"category","embeddable":true,"href":"https:\/\/www.europesays.com\/fr\/wp-json\/wp\/v2\/categories?post=478308"},{"taxonomy":"post_tag","embeddable":true,"href":"https:\/\/www.europesays.com\/fr\/wp-json\/wp\/v2\/tags?post=478308"}],"curies":[{"name":"wp","href":"https:\/\/api.w.org\/{rel}","templated":true}]}}