{"id":478310,"date":"2025-10-21T01:08:22","date_gmt":"2025-10-21T01:08:22","guid":{"rendered":"https:\/\/www.europesays.com\/fr\/478310\/"},"modified":"2025-10-21T01:08:22","modified_gmt":"2025-10-21T01:08:22","slug":"qui-sont-les-quatre-victimes-tuees-dans-ce-drame","status":"publish","type":"post","link":"https:\/\/www.europesays.com\/fr\/478310\/","title":{"rendered":"qui sont les quatre victimes tu\u00e9es dans ce drame\u00a0?"},"content":{"rendered":"<p>            Par<br \/>\n        <strong><br \/>\n            <a href=\"https:\/\/actu.fr\/auteur\/anthony-soudani\" title=\"Consulter tous les articles de Anthony Soudani\" rel=\"nofollow noopener\" target=\"_blank\">Anthony Soudani<\/a><br \/>\n        <\/strong><\/p>\n<p>        Publi\u00e9 le<\/p>\n<p>            20 oct. 2025 \u00e0 18h52        <\/p>\n<p>C\u2019est un <a href=\"https:\/\/actu.fr\/auvergne-rhone-alpes\/lyon_69123\/incendie-mortel-a-lyon-on-a-vu-les-4-corps-les-habitants-de-l-immeuble-squatte-entre-choc-et-colere_63325599.html\" rel=\"nofollow noopener\" target=\"_blank\">v\u00e9ritable choc<\/a> ce lundi 20 octobre pour les habitants du 245 rue Andr\u00e9-Philip, dans le 3e arrondissement de <strong>Lyon<\/strong>. Un <a href=\"https:\/\/actu.fr\/auvergne-rhone-alpes\/lyon_69123\/direct-lyon-quatre-morts-dans-un-incendie-d-un-immeuble-dans-le-quartier-part-dieu_63321985.html\" rel=\"nofollow noopener\" target=\"_blank\">incendie a fait quatre morts<\/a> dans les caves de l\u2019immeuble. Les victimes intoxiqu\u00e9es par les fum\u00e9es n\u2019ont pas pu \u00eatre ranim\u00e9es par les secours. Nous en savons plus sur le contexte du drame et <strong>l\u2019identit\u00e9 de ces quatre personnes<\/strong>.<\/p>\n<p>Une plainte d\u00e9pos\u00e9e contre les squatteurs<\/p>\n<p class=\" wall-content\">Selon les derni\u00e8res informations, le sinistre s\u2019est d\u00e9clar\u00e9 en pleine nuit vers 5h10 du matin, ce lundi, au sous-sol de cet immeuble de 10 \u00e9tages. Il s\u2019agit bien de squatteurs. La r\u00e9daction d\u2019actu Lyon a la confirmation qu\u2019une plainte en ligne a \u00e9t\u00e9 d\u00e9pos\u00e9e par les services du CCAS (Centre communal d\u2019action sociale).<\/p>\n<p class=\" wall-content\">En effet, les victimes se trouvaient ill\u00e9galement dans les caves partag\u00e9es entre la Ville de Lyon, qui a un restaurant social au rez-de-chauss\u00e9e, et ICF Habitat, le bailleur social des logements.<\/p>\n<p class=\" wall-content\">La pr\u00e9-plainte s\u2019est transform\u00e9e en v\u00e9ritable <strong>d\u00e9p\u00f4t de plainte<\/strong> en fin de semaine derni\u00e8re, tr\u00e8s certainement autour du jeudi 16 octobre. La pr\u00e9fecture du Rh\u00f4ne pr\u00e9cise \u00e0 actu Lyon n\u2019avoir eu connaissance d\u2019aucune proc\u00e9dure judiciaire pour demander l\u2019expulsion.<\/p>\n<p>Ce que l\u2019on sait des quatre victimes<\/p>\n<p class=\" wall-content\">A priori, ces quatre personnes \u00e9taient l\u00e0 depuis plusieurs jours. Selon nos informations, il s\u2019agit de deux <strong>femmes de nationalit\u00e9 fran\u00e7aise, \u00e2g\u00e9es de 29 ans et 40 ans<\/strong>. Deux hommes \u00e9taient avec elles. Il pourrait s\u2019agir d\u2019Alg\u00e9riens en situation irr\u00e9guli\u00e8re, \u00e2g\u00e9s d\u2019environ 27 et 40 ans.<\/p>\n<p class=\" wall-content\">Les secours ont retrouv\u00e9 les <strong>quatre personnes en arr\u00eat cardio-respiratoire<\/strong>, \u00e0 cause des fum\u00e9es provoqu\u00e9es par l\u2019incendie. Malgr\u00e9 leurs efforts, les \u00e9quipes envoy\u00e9es rapidement sur place n\u2019ont pu sauver aucune victime.<\/p>\n<p class=\" wall-content\">Du c\u00f4t\u00e9 des habitants, il n\u2019y a pas eu de bless\u00e9. Le feu ne s\u2019est pas propag\u00e9 aux \u00e9tages. Certains ont \u00e9t\u00e9 confin\u00e9s chez eux et d\u2019autres \u00e9vacu\u00e9s. Ces derniers ont tous pu rejoindre leur logement.<\/p>\n<p>Votre r\u00e9gion, votre actu !<\/p>\n<p>Recevez chaque jour les infos qui comptent pour vous.<\/p>\n<p>\t<a href=\"https:\/\/actu.fr\/newsletter\" class=\"ac-btn ac-btn--corner ac-btn--medium ac-btn--blue800\" rel=\"nofollow noopener\" target=\"_blank\">S&rsquo;incrire<\/a><br \/>\nUne enqu\u00eate et des autopsies \u00e0 venir<\/p>\n<p class=\" wall-content\">Concernant l\u2019incendie, de premi\u00e8res pistes se dessinent au soir du drame. Des <strong>installations \u00e9lectriques suspectes, voire dangereuses<\/strong>, ont \u00e9t\u00e9 constat\u00e9es par les sapeurs-pompiers et les policiers dans les caves.\u00a0<\/p>\n<p class=\" wall-content\">Une enqu\u00eate p\u00e9nale du chef d\u2019homicide involontaire a \u00e9t\u00e9 ouverte, pr\u00e9cise le parquet \u00e0 actu Lyon. \u00ab\u00a0Les investigations ont \u00e9t\u00e9 confi\u00e9es aux services de la Direction interd\u00e9partementale de la police nationale (DIPN) pour d\u00e9terminer les circonstances et causes de cet incendie\u00a0\u00bb, indique la justice.<\/p>\n<p class=\" wall-content\">Les victimes ne pr\u00e9sentant pas de br\u00fblures apparentes, des autopsies des corps devraient \u00eatre effectu\u00e9es d\u00e8s ce mardi 21 octobre.<\/p>\n<p class=\" wall-content\">Personnalisez votre actualit\u00e9 en ajoutant vos villes et m\u00e9dias en favori avec <a href=\"https:\/\/moncompte.actu.fr\" title=\"D\u00e9couvez Mon Actu\" rel=\"nofollow noopener\" data-trk=\"{&quot;cta&quot;:{&quot;action&quot;:&quot;https:\\\/\\\/moncompte.actu.fr&quot;,&quot;category&quot;:&quot;mon compte&quot;,&quot;from&quot;:&quot;article footer&quot;,&quot;name&quot;:&quot;Mon actu&quot;,&quot;type&quot;:&quot;cta&quot;}}\" target=\"_blank\">Mon Actu<\/a>.<\/p>\n","protected":false},"excerpt":{"rendered":"Par Anthony Soudani Publi\u00e9 le 20 oct. 2025 \u00e0 18h52 C\u2019est un v\u00e9ritable choc ce lundi 20 octobre&hellip;\n","protected":false},"author":2,"featured_media":478311,"comment_status":"","ping_status":"","sticky":false,"template":"","format":"standard","meta":{"footnotes":""},"categories":[1889],"tags":[1111,11,2430,1777,674,118,1011,27,1310,2428,12,1072,1311,25],"class_list":{"0":"post-478310","1":"post","2":"type-post","3":"status-publish","4":"format-standard","5":"has-post-thumbnail","7":"category-lyon","8":"tag-actu","9":"tag-actualites","10":"tag-auvergne-rhone-alpes","11":"tag-eu","12":"tag-europe","13":"tag-faits-divers","14":"tag-fr","15":"tag-france","16":"tag-incendie","17":"tag-lyon","18":"tag-news","19":"tag-police","20":"tag-pompiers","21":"tag-republique-francaise"},"share_on_mastodon":{"url":"https:\/\/pubeurope.com\/@fr\/115409485997469648","error":""},"_links":{"self":[{"href":"https:\/\/www.europesays.com\/fr\/wp-json\/wp\/v2\/posts\/478310","targetHints":{"allow":["GET"]}}],"collection":[{"href":"https:\/\/www.europesays.com\/fr\/wp-json\/wp\/v2\/posts"}],"about":[{"href":"https:\/\/www.europesays.com\/fr\/wp-json\/wp\/v2\/types\/post"}],"author":[{"embeddable":true,"href":"https:\/\/www.europesays.com\/fr\/wp-json\/wp\/v2\/users\/2"}],"replies":[{"embeddable":true,"href":"https:\/\/www.europesays.com\/fr\/wp-json\/wp\/v2\/comments?post=478310"}],"version-history":[{"count":0,"href":"https:\/\/www.europesays.com\/fr\/wp-json\/wp\/v2\/posts\/478310\/revisions"}],"wp:featuredmedia":[{"embeddable":true,"href":"https:\/\/www.europesays.com\/fr\/wp-json\/wp\/v2\/media\/478311"}],"wp:attachment":[{"href":"https:\/\/www.europesays.com\/fr\/wp-json\/wp\/v2\/media?parent=478310"}],"wp:term":[{"taxonomy":"category","embeddable":true,"href":"https:\/\/www.europesays.com\/fr\/wp-json\/wp\/v2\/categories?post=478310"},{"taxonomy":"post_tag","embeddable":true,"href":"https:\/\/www.europesays.com\/fr\/wp-json\/wp\/v2\/tags?post=478310"}],"curies":[{"name":"wp","href":"https:\/\/api.w.org\/{rel}","templated":true}]}}