{"id":478343,"date":"2025-10-21T01:29:11","date_gmt":"2025-10-21T01:29:11","guid":{"rendered":"https:\/\/www.europesays.com\/fr\/478343\/"},"modified":"2025-10-21T01:29:11","modified_gmt":"2025-10-21T01:29:11","slug":"battu-avec-les-honneurs-henry-bernet-a-pris-date","status":"publish","type":"post","link":"https:\/\/www.europesays.com\/fr\/478343\/","title":{"rendered":"Battu avec les honneurs, Henry Bernet a pris date"},"content":{"rendered":"<p>La marche \u00e9tait un peu trop haute pour Henry Bernet (ATP 481) aux Swiss Indoors de B\u00e2le. Invit\u00e9 par les organisateurs, le B\u00e2lois de 18 ans a toutefois offert une superbe r\u00e9sistance au no19 mondial Jakub Mensik au 1er tour. Il a pris date.<\/p>\n<p>Le champion junior de l&rsquo;Open d&rsquo;Australie 2025, qui jouait son 1er match sur le circuit, a \u00e9t\u00e9 battu 7-6 (7\/1) 6-7 (7\/9) 6-3 en 2h30 par le Tch\u00e8que de 20 ans. Ce dernier est l&rsquo;une des r\u00e9v\u00e9lations de l&rsquo;ann\u00e9e, avec son sacre dans le Masters 1000 de Miami o\u00f9 il avait priv\u00e9 Novak Djokovic d&rsquo;un 100e titre.<\/p>\n<p>Pouss\u00e9 par \u00ab\u00a0son\u00a0\u00bb public, Bernet a d\u00e9montr\u00e9 tout son potentiel, notamment avec ce revers \u00e0 une main qui lui permet d\u00e9j\u00e0 de r\u00e9ussir des merveilles. C&rsquo;est n\u00e9anmoins gr\u00e2ce \u00e0 son coup droit qu&rsquo;il a r\u00e9ussi son plus beaucoup coup, un somptueux passing gagnant qui lui a permis d&rsquo;effacer une balle de break \u00e0 4-3 au 1er set.<\/p>\n<p>Nettement plus rel\u00e2ch\u00e9 que lors de son bapt\u00eame du feu en Coupe Davis \u00e0 Bienne face \u00e0 l&rsquo;Inde le 13 septembre, le B\u00e2lois a fait jeu \u00e9gal avec son adversaire pendant 2 sets. Le 1er jeu d\u00e9cisif s&rsquo;est jou\u00e9 sur le 1er point, un tr\u00e8s long \u00e9change perdu par Bernet qui a conc\u00e9d\u00e9 les 5 points suivants.<\/p>\n<p>Le B\u00e2lois a eu le m\u00e9rite de ne pas l\u00e2cher prise malgr\u00e9 la perte de cette 1re manche. Il a m\u00eame effac\u00e9 une balle de match \u00e0 6\/5 dans le second tie-break, avant de conclure sur sa 2e balle de set. Mais Mensik a serr\u00e9 sa garde dans la manche d\u00e9cisive, signant le seul break du match d\u00e8s le 2e jeu.<\/p>\n<p>Des points perdus<\/p>\n<p>Cette d\u00e9faite plus qu&rsquo;honorable va par ailleurs co\u00fbter \u00ab\u00a0cher\u00a0\u00bb \u00e0 Bernet, qui a souffert de crampes \u00e0 la jambe droite en fin de match. Il perdra en effet une cinquantaine de places dans la hi\u00e9rarchie lundi prochain: il avait inscrit 13 points dans les Swiss Indoors 2024 en passant un tour en qualifications, alors qu&rsquo;il n&rsquo;en marque aucun avec son \u00e9limination au 1er tour du tableau principal.<\/p>\n<p><strong class=\"inline-title\">&gt;&gt; A lire aussi\u00a0: <\/strong><a href=\"https:\/\/www.rts.ch\/sport\/tennis\/2025\/article\/bertola-elimine-a-bale-premiere-atp-et-progression-au-classement-29034489.html\" data-item-id=\"richtext_link\" rel=\"nofollow noopener\" target=\"_blank\">Fin de l&rsquo;aventure pour le Tessinois Remy Bertola<\/a><\/p>\n<p class=\"sources\">ats\/tai<\/p>\n","protected":false},"excerpt":{"rendered":"La marche \u00e9tait un peu trop haute pour Henry Bernet (ATP 481) aux Swiss Indoors de B\u00e2le. Invit\u00e9&hellip;\n","protected":false},"author":2,"featured_media":478344,"comment_status":"","ping_status":"","sticky":false,"template":"","format":"standard","meta":{"footnotes":""},"categories":[1415],"tags":[60174,7447,60175,14306,4178,1011,27,38537,60176,60177,6433,4175,517,60,1467],"class_list":{"0":"post-478343","1":"post","2":"type-post","3":"status-publish","4":"format-standard","5":"has-post-thumbnail","7":"category-tennis","8":"tag-atp-bale-1-16","9":"tag-bale","10":"tag-canton-de-bale-ville","11":"tag-competition-sportive","12":"tag-coupe-davis","13":"tag-fr","14":"tag-france","15":"tag-henry-bernet","16":"tag-jakub-mensik","17":"tag-jakub-mensik-henry-bernet","18":"tag-novak-djokovic","19":"tag-open-daustralie","20":"tag-sport","21":"tag-sports","22":"tag-tennis"},"share_on_mastodon":{"url":"https:\/\/pubeurope.com\/@fr\/115409568593146551","error":""},"_links":{"self":[{"href":"https:\/\/www.europesays.com\/fr\/wp-json\/wp\/v2\/posts\/478343","targetHints":{"allow":["GET"]}}],"collection":[{"href":"https:\/\/www.europesays.com\/fr\/wp-json\/wp\/v2\/posts"}],"about":[{"href":"https:\/\/www.europesays.com\/fr\/wp-json\/wp\/v2\/types\/post"}],"author":[{"embeddable":true,"href":"https:\/\/www.europesays.com\/fr\/wp-json\/wp\/v2\/users\/2"}],"replies":[{"embeddable":true,"href":"https:\/\/www.europesays.com\/fr\/wp-json\/wp\/v2\/comments?post=478343"}],"version-history":[{"count":0,"href":"https:\/\/www.europesays.com\/fr\/wp-json\/wp\/v2\/posts\/478343\/revisions"}],"wp:featuredmedia":[{"embeddable":true,"href":"https:\/\/www.europesays.com\/fr\/wp-json\/wp\/v2\/media\/478344"}],"wp:attachment":[{"href":"https:\/\/www.europesays.com\/fr\/wp-json\/wp\/v2\/media?parent=478343"}],"wp:term":[{"taxonomy":"category","embeddable":true,"href":"https:\/\/www.europesays.com\/fr\/wp-json\/wp\/v2\/categories?post=478343"},{"taxonomy":"post_tag","embeddable":true,"href":"https:\/\/www.europesays.com\/fr\/wp-json\/wp\/v2\/tags?post=478343"}],"curies":[{"name":"wp","href":"https:\/\/api.w.org\/{rel}","templated":true}]}}