{"id":478354,"date":"2025-10-21T01:36:27","date_gmt":"2025-10-21T01:36:27","guid":{"rendered":"https:\/\/www.europesays.com\/fr\/478354\/"},"modified":"2025-10-21T01:36:27","modified_gmt":"2025-10-21T01:36:27","slug":"les-156-dernieres-gravures-de-picasso-montrees-une-seule-fois-en-1973-exposees-a-la-galerie-21bis-a-aix","status":"publish","type":"post","link":"https:\/\/www.europesays.com\/fr\/478354\/","title":{"rendered":"Les 156 derni\u00e8res gravures de Picasso, montr\u00e9es une seule fois en\u00a01973, expos\u00e9es \u00e0 la galerie 21bis \u00e0 Aix"},"content":{"rendered":"<p>C\u2019est comme un chant du cygne, un dernier souffle cr\u00e9atif puissant, fid\u00e8le \u00e0 sa d\u00e9mesure. Entre\u00a01970 et\u00a01972, alors \u00e2g\u00e9 de 90\u00a0ans, <a href=\"https:\/\/www.laprovence.com\/article\/societe\/41465984714037\/un-tableau-de-picasso-disparait-durant-son-transfert-de-madrid-a-grenade-en-espagne\" target=\"_blank\" rel=\"noopener\">Picasso <\/a>cr\u00e9e une ultime s\u00e9rie de 156 gravures. En 156 planches r\u00e9alis\u00e9es \u00e0 l\u2019eau-forte, \u00e0 la pointe s\u00e8che, au grattoir ou en aquatinte, l\u2019artiste y revisite toutes les obsessions et sources d\u2019inspiration qui ont jalonn\u00e9 sa carri\u00e8re\u00a0: les nus (notamment f\u00e9minins), le d\u00e9sir, la vieillesse, <a href=\"https:\/\/www.laprovence.com\/article\/sortie-loisirs\/47489827795789\/aix-un-cezanne-peut-en-cacher-un-autre\" target=\"_blank\" rel=\"noopener\">les autoportraits, <\/a>et de nombreuses r\u00e9f\u00e9rences aux ma\u00eetres qui l\u2019ont pr\u00e9c\u00e9d\u00e9, \u00e0 la mythologie ou au carnaval.<\/p>\n<p>C\u2019est un exemplaire de cette s\u00e9rie des toutes derni\u00e8res \u0153uvres du ma\u00eetre espagnol, \u00e9dit\u00e9e en 50 exemplaires, que la galerie d\u00e9partementale 21bis a la chance d\u2019accueillir jusqu\u2019au 4\u00a0janvier\u00a02026 apr\u00e8s l\u2019exposition consacr\u00e9e aux photos <a href=\"https:\/\/www.laprovence.com\/article\/region\/197635386514515\/l-exposition-exterieur-met-en-image-les-mots-d-annie-ernaux-au-21-bis-mirabeau-d-aix-en-provence\" target=\"_blank\" rel=\"noopener\">d\u2019Annie Ernaux<\/a> (25\u00a0000 entr\u00e9es).<\/p>\n<p>Un \u00e9v\u00e9nement exceptionnel<\/p>\n<p>\u00ab\u00a0Cette Suite 156, compos\u00e9e aujourd\u2019hui de 155 planches en r\u00e9alit\u00e9 car la n\u00b07 a \u00e9t\u00e9 \u00e9gar\u00e9e, n\u2019a \u00e9t\u00e9 montr\u00e9e au public que deux fois depuis sa cr\u00e9ation\u00a0: une fois \u00e0 Paris en\u00a01973, une autre en Espagne au mus\u00e9e <a href=\"https:\/\/www.laprovence.com\/article\/region\/55349791188908\/picasso-s-invite-tout-l-ete-au-musee-estrine-de-saint-remy-de-provence-pour-une-exposition-exceptionnelle\" target=\"_blank\" rel=\"noopener\">Picasso<\/a> de Barcelone en\u00a02016&Prime;, introduit Baudoin Lebon, galeriste et co-commissaire.<\/p>\n<\/p>\n<p>Les gravures expos\u00e9es proviennent \u00e0 l\u2019origine de la collection Henri Petiet et ont \u00e9t\u00e9 rachet\u00e9es par le commissaire-priseur David Nordmann, de la prestigieuse maison de ventes aux ench\u00e8res Ader. \u00ab\u00a0La mise a prix \u00e9tait de 355\u00a0000\u20ac. Comme il trouvait que ce n\u2019\u00e9tait pas assez cher, il les a rachet\u00e9es lui-m\u00eame, r\u00e9v\u00e8le Baudoin Lebon. C\u2019est un ami, et il a accept\u00e9 de me les pr\u00eater pour les exposer.\u00a0\u00bb<\/p>\n<p><img alt=\"L\u2019exposition &quot;Picasso, les 156, les derni\u00e8res gravures&quot; est \u00e0 voir gratuitement \u00e0 la galerie 21bis jusqu\u2019au 4 janvier.\" loading=\"lazy\" decoding=\"async\" data-nimg=\"fill\" class=\" TwicCore_img__i9TC1 undefined  undefined\" style=\"position:absolute;height:100%;width:100%;left:0;top:0;right:0;bottom:0;color:transparent;background-size:cover;background-position:50% 50%;background-repeat:no-repeat;background-image:url(&quot;data:image\/svg+xml;charset=utf-8,%3Csvg xmlns='http:\/\/www.w3.org\/2000\/svg' %3E%3Cfilter id='b' color-interpolation-filters='sRGB'%3E%3CfeGaussianBlur stdDeviation='20'\/%3E%3CfeColorMatrix values='1 0 0 0 0 0 1 0 0 0 0 0 1 0 0 0 0 0 100 -1' result='s'\/%3E%3CfeFlood x='0' y='0' width='100%25' height='100%25'\/%3E%3CfeComposite operator='out' in='s'\/%3E%3CfeComposite in2='SourceGraphic'\/%3E%3CfeGaussianBlur stdDeviation='20'\/%3E%3C\/filter%3E%3Cimage width='100%25' height='100%25' x='0' y='0' preserveAspectRatio='none' style='filter: url(%23b);' href='https:\/\/pictures.laprovence.com\/cdn-cgi\/image\/blur=250\/media\/melody\/2025\/10\/20\/exposition-picasso-gravures-au-21-bis-du-cours-mirabeau-exposition-151025csr04-1760940310_fd76c2abcfe86f386c2abcfe87886cv_.jpg'\/%3E%3C\/svg%3E&quot;)\"   src=\"https:\/\/www.europesays.com\/fr\/wp-content\/uploads\/2025\/10\/exposition-picasso-gravures-au-21-bis-du-cours-mirabeau-exposition-151025csr04-1760940310_fd76c2abcf.jpeg\"\/>L\u2019exposition \u00ab\u00a0Picasso, les 156, les derni\u00e8res gravures\u00a0\u00bb est \u00e0 voir gratuitement \u00e0 la galerie 21bis jusqu\u2019au 4 janvier. \/ PHOTO Cyril SOLLIER<\/p>\n<p>Pour ceux qui voudraient prolonger la visite, pr\u00e9cisons que, faute de place, quelques-unes des gravures sont aussi expos\u00e9es \u00e0 la <a href=\"https:\/\/www.laprovence.com\/article\/region\/78635524417276\/aix-en-provence-la-galeriste-florence-verrier-veut-ouvrir-lart-au-plus-grand-nombre\" target=\"_blank\" rel=\"noopener\">galerie Parallax, 3 rue des Epinaux,<\/a> jusqu\u2019au 22\u00a0novembre\u00a02025.<\/p>\n<p>Un trait rapide, aucune contrainte<\/p>\n<p>La <a href=\"https:\/\/www.laprovence.com\/article\/culture-loisirs\/95591351320368\/119-picasso-derobes-au-palais-des-papes-un-des-plus-gros-casses-de-l-histoire\" target=\"_blank\" rel=\"noopener\">production effr\u00e9n\u00e9e de Picasso<\/a> \u00e0 un \u00e2ge aussi avanc\u00e9 a notamment \u00e9t\u00e9 permise gr\u00e2ce au soutien des fr\u00e8res Crommelynck, qui avaient install\u00e9 expr\u00e8s leur atelier de presse \u00e0 c\u00f4t\u00e9 de la derni\u00e8re maison de l\u2019artiste, \u00e0 Mougins\u00a0: \u00ab\u00a0Ils se sont rendus disponibles pendant deux ans pour tirer les \u00e9preuves chaque matin et pr\u00e9parer de nouvelles planches pour le jour suivant.\u00a0\u00bb<\/p>\n<p>Les planches n\u2019ob\u00e9issent \u00e0 aucun ordre pr\u00e9cis, n\u2019ont pas de titre et seules quelques-unes sont sign\u00e9es, mais elles t\u00e9moignent d\u2019une explosion cr\u00e9ative du peintre, qui s\u2019adonne alors \u00e0 une \u00ab\u00a0exub\u00e9rance de techniques\u00a0\u00bb, sans aucune contrainte\u00a0: \u00ab\u00a0On a voulu faire une exposition p\u00e9dagogique, sans \u00eatre p\u00e9dante, en les regroupant par th\u00e8mes\u00a0: l\u2019atelier, la vieillesse, le mod\u00e8le\u2026\u00a0\u00bb, souligne Caroline Lemoine, co-commissaire.<\/p>\n<p>Dans la premi\u00e8re salle, on retrouve des clins d\u2019\u0153il \u00e0 ses propres \u0153uvres cubistes, \u00e0 <a href=\"https:\/\/www.laprovence.com\/article\/culture-loisirs\/7340428673038214\/notre-critique-du-film-rembrandt-deroutant-et-passionnant\" target=\"_blank\" rel=\"noopener\">Rembrandt <\/a>et \u00e0 Ingres. Le trait est spontan\u00e9, nerveux et jubilatoire, se faisant parfois ricanant, parfois d\u00e9sesp\u00e9r\u00e9.<\/p>\n<p>\u00ab\u00a0Certaines \u0153uvres sont extr\u00eamement claires, d\u2019autres au contraire tr\u00e8s sombres. On retrouve aussi plusieurs portraits et autoportraits de vieillesse, avec une certaine distance et d\u00e9rision, comme une mani\u00e8re d\u2019affronter la mort\u00a0\u00bb, pr\u00e9cise la co-commissaire.<\/p>\n<p><img alt=\"L\u2019exposition &quot;Picasso, les 156, les derni\u00e8res gravures&quot; est \u00e0 voir gratuitement \u00e0 la galerie 21bis jusqu\u2019au 4 janvier.\" loading=\"lazy\" decoding=\"async\" data-nimg=\"fill\" class=\" TwicCore_img__i9TC1 undefined  undefined\" style=\"position:absolute;height:100%;width:100%;left:0;top:0;right:0;bottom:0;color:transparent;background-size:cover;background-position:50% 50%;background-repeat:no-repeat;background-image:url(&quot;data:image\/svg+xml;charset=utf-8,%3Csvg xmlns='http:\/\/www.w3.org\/2000\/svg' %3E%3Cfilter id='b' color-interpolation-filters='sRGB'%3E%3CfeGaussianBlur stdDeviation='20'\/%3E%3CfeColorMatrix values='1 0 0 0 0 0 1 0 0 0 0 0 1 0 0 0 0 0 100 -1' result='s'\/%3E%3CfeFlood x='0' y='0' width='100%25' height='100%25'\/%3E%3CfeComposite operator='out' in='s'\/%3E%3CfeComposite in2='SourceGraphic'\/%3E%3CfeGaussianBlur stdDeviation='20'\/%3E%3C\/filter%3E%3Cimage width='100%25' height='100%25' x='0' y='0' preserveAspectRatio='none' style='filter: url(%23b);' href='https:\/\/pictures.laprovence.com\/cdn-cgi\/image\/blur=250\/media\/melody\/2025\/10\/20\/exposition-picasso-gravures-au-21-bis-du-cours-mirabeau-exposition-151025csr04-1760940311_1a3d1a4bcfe86ae3d1a4bcfe8924d1v_.jpg'\/%3E%3C\/svg%3E&quot;)\"   src=\"https:\/\/www.europesays.com\/fr\/wp-content\/uploads\/2025\/10\/exposition-picasso-gravures-au-21-bis-du-cours-mirabeau-exposition-151025csr04-1760940311_1a3d1a4bcf.jpeg\"\/>L\u2019exposition \u00ab\u00a0Picasso, les 156, les derni\u00e8res gravures\u00a0\u00bb est \u00e0 voir gratuitement \u00e0 la galerie 21bis jusqu\u2019au 4 janvier. \/ PHOTO Cyril SOLLIER<\/p>\n<p>On est frapp\u00e9 par la quantit\u00e9 de gravures de nus, tant\u00f4t \u00e9rotiques et tant\u00f4t ironiques, qui rappellent combien Picasso se plaisait \u00e0 d\u00e9fier les normes et \u00e0 interroger les repr\u00e9sentations du corps.<\/p>\n<p>L\u2019ombre de la pol\u00e9mique<\/p>\n<p>Si ce n\u2019est pas le propos central de l\u2019exposition, impossible de passer sous silence les critiques contemporaines sur les relations abusives et violences psychologiques et physiques que Picasso a exerc\u00e9es sur ses compagnes, dont certaines mineures. Plusieurs d\u2019entre elles ont souffert de d\u00e9pression, comme Dora Maar, ou se sont donn\u00e9 la mort apr\u00e8s sa disparition, comme Jacqueline Roque ou Marie-Th\u00e9r\u00e8se Walter. \u00ab\u00a0Il ne faut pas le cacher, clairement, il \u00e9tait odieux avec les femmes\u00a0\u00bb, confirme Caroline Lemoine. Une part trouble que l\u2019exposition \u00e9voque sur un cartel et que trois m\u00e9diateurs charg\u00e9s d\u2019accueillir le public pourront expliquer.<\/p>\n<p>\u00ab\u00a0C\u2019est une grande chance d\u2019accueillir ces gravures qui n\u2019avaient pas \u00e9t\u00e9 montr\u00e9es en France depuis\u00a01973, se f\u00e9licite Nicole Joulia, conseill\u00e8re d\u00e9partementale d\u00e9l\u00e9gu\u00e9e \u00e0 la culture. C\u2019est gratuit et de nombreux ateliers de m\u00e9diation, pour enfants et adultes, y compris provenant de centres sociaux, sont pr\u00e9vus pour servir de porte d\u2019entr\u00e9e dans l\u2019art.\u00a0\u00bb<\/p>\n<p><img alt=\"L\u2019exposition &quot;Picasso, les 156, les derni\u00e8res gravures&quot; est \u00e0 voir gratuitement \u00e0 la galerie 21bis jusqu\u2019au 4 janvier.\" loading=\"lazy\" decoding=\"async\" data-nimg=\"fill\" class=\" TwicCore_img__i9TC1 undefined  undefined\" style=\"position:absolute;height:100%;width:100%;left:0;top:0;right:0;bottom:0;color:transparent;background-size:cover;background-position:50% 50%;background-repeat:no-repeat;background-image:url(&quot;data:image\/svg+xml;charset=utf-8,%3Csvg xmlns='http:\/\/www.w3.org\/2000\/svg' %3E%3Cfilter id='b' color-interpolation-filters='sRGB'%3E%3CfeGaussianBlur stdDeviation='20'\/%3E%3CfeColorMatrix values='1 0 0 0 0 0 1 0 0 0 0 0 1 0 0 0 0 0 100 -1' result='s'\/%3E%3CfeFlood x='0' y='0' width='100%25' height='100%25'\/%3E%3CfeComposite operator='out' in='s'\/%3E%3CfeComposite in2='SourceGraphic'\/%3E%3CfeGaussianBlur stdDeviation='20'\/%3E%3C\/filter%3E%3Cimage width='100%25' height='100%25' x='0' y='0' preserveAspectRatio='none' style='filter: url(%23b);' href='https:\/\/pictures.laprovence.com\/cdn-cgi\/image\/blur=250\/media\/melody\/2025\/10\/20\/exposition-picasso-gravures-au-21-bis-du-cours-mirabeau-exposition-151025csr04-1760940313_78981dbbcfe867c981dbbcfe840a81v_.jpg'\/%3E%3C\/svg%3E&quot;)\"   src=\"https:\/\/www.europesays.com\/fr\/wp-content\/uploads\/2025\/10\/exposition-picasso-gravures-au-21-bis-du-cours-mirabeau-exposition-151025csr04-1760940313_78981dbbcf.jpeg\"\/>L\u2019exposition \u00ab\u00a0Picasso, les 156, les derni\u00e8res gravures\u00a0\u00bb est \u00e0 voir gratuitement \u00e0 la galerie 21bis jusqu\u2019au 4 janvier. \/ PHOTO Cyril SOLLIER<\/p>\n<p>Une profusion qui donne le tournis et force l\u2019admiration. En 156 planches,<a href=\"https:\/\/www.laprovence.com\/article\/culture-loisirs\/2786179115086314\/un-portrait-retrouve-de-dora-maar-signe-picasso-devoile-a-paris\" target=\"_blank\" rel=\"noopener\"> Picasso <\/a>signe une \u0153uvre testamentaire, libre et indomptable, qui continue de br\u00fbler d\u2019un feu intact.<\/p>\n<p>Jusqu\u2019au 4\u00a0janvier\u00a02026, du mercredi au dimanche, de 11h30 \u00e0 18h30, 21bis, cours Mirabeau. Gratuit. Ateliers de m\u00e9diation et cr\u00e9ation les mercredis, samedis et dimanches entre 14h et 16h. Renseignements et inscriptions \u00e0 <a href=\"https:\/\/www.laprovence.com\/cdn-cgi\/l\/email-protection\" class=\"__cf_email__\" data-cfemail=\"f7c5c6959e849a9e859695929682b7939287968583929a929983c6c4d99185\" target=\"_blank\" rel=\"noopener\">[email\u00a0protected]<\/a> ou au 04\u00a013\u00a031\u00a068\u00a036.<\/p>\n","protected":false},"excerpt":{"rendered":"C\u2019est comme un chant du cygne, un dernier souffle cr\u00e9atif puissant, fid\u00e8le \u00e0 sa d\u00e9mesure. Entre\u00a01970 et\u00a01972, alors&hellip;\n","protected":false},"author":2,"featured_media":478355,"comment_status":"","ping_status":"","sticky":false,"template":"","format":"standard","meta":{"footnotes":""},"categories":[1358],"tags":[60179,17,1348,1384,1385,251,16577,1386,58,59,1011,27,60180,151,60181,33952,96],"class_list":{"0":"post-478354","1":"post","2":"type-post","3":"status-publish","4":"format-standard","5":"has-post-thumbnail","7":"category-arts-et-design","8":"tag-60179","9":"tag-17","10":"tag-arts","11":"tag-arts-and-design","12":"tag-arts-et-design","13":"tag-culture","14":"tag-dernieres","15":"tag-design","16":"tag-divertissement","17":"tag-entertainment","18":"tag-fr","19":"tag-france","20":"tag-gravures","21":"tag-les","22":"tag-montrees","23":"tag-picasso","24":"tag-une"},"share_on_mastodon":{"url":"https:\/\/pubeurope.com\/@fr\/115409596337662334","error":""},"_links":{"self":[{"href":"https:\/\/www.europesays.com\/fr\/wp-json\/wp\/v2\/posts\/478354","targetHints":{"allow":["GET"]}}],"collection":[{"href":"https:\/\/www.europesays.com\/fr\/wp-json\/wp\/v2\/posts"}],"about":[{"href":"https:\/\/www.europesays.com\/fr\/wp-json\/wp\/v2\/types\/post"}],"author":[{"embeddable":true,"href":"https:\/\/www.europesays.com\/fr\/wp-json\/wp\/v2\/users\/2"}],"replies":[{"embeddable":true,"href":"https:\/\/www.europesays.com\/fr\/wp-json\/wp\/v2\/comments?post=478354"}],"version-history":[{"count":0,"href":"https:\/\/www.europesays.com\/fr\/wp-json\/wp\/v2\/posts\/478354\/revisions"}],"wp:featuredmedia":[{"embeddable":true,"href":"https:\/\/www.europesays.com\/fr\/wp-json\/wp\/v2\/media\/478355"}],"wp:attachment":[{"href":"https:\/\/www.europesays.com\/fr\/wp-json\/wp\/v2\/media?parent=478354"}],"wp:term":[{"taxonomy":"category","embeddable":true,"href":"https:\/\/www.europesays.com\/fr\/wp-json\/wp\/v2\/categories?post=478354"},{"taxonomy":"post_tag","embeddable":true,"href":"https:\/\/www.europesays.com\/fr\/wp-json\/wp\/v2\/tags?post=478354"}],"curies":[{"name":"wp","href":"https:\/\/api.w.org\/{rel}","templated":true}]}}