{"id":478356,"date":"2025-10-21T01:37:18","date_gmt":"2025-10-21T01:37:18","guid":{"rendered":"https:\/\/www.europesays.com\/fr\/478356\/"},"modified":"2025-10-21T01:37:18","modified_gmt":"2025-10-21T01:37:18","slug":"la-greve-est-terminee-chez-prisme","status":"publish","type":"post","link":"https:\/\/www.europesays.com\/fr\/478356\/","title":{"rendered":"La gr\u00e8ve est termin\u00e9e chez Prisme"},"content":{"rendered":"<p>Pr\u00e8s d&rsquo;une semaine apr\u00e8s le d\u00e9but d&rsquo;une gr\u00e8ve chez Prisme, la plateforme de regroupement logistique qui fait la connexion entre distributeurs et libraires de province, de Belgique et du Luxembourg, l&rsquo;activit\u00e9 a\u00a0repris normalement ce lundi 20\u00a0octobre. \u00ab\u00a0Aujourd&rsquo;hui, toutes les \u00e9quipes ont repris le travail\u00a0\u00bb, indique notamment <strong>Sophie Salmon<\/strong>, secr\u00e9taire g\u00e9n\u00e9rale de la Commission de liaison interprofessionnelle du livre (Clil), le donneur d&rsquo;ordre de cette plateforme nationale.<\/p>\n<p>Selon plusieurs sources, les revendications portaient sur les salaires ainsi que sur\u00a0les conditions de travail.<\/p>\n<p>\u00ab\u00a0Vous pouvez passer \u00e0 nouveau normalement vos r\u00e9assorts, tout est mis en\u00a0\u0153uvre\u00a0pour traiter tous les flux aller\u00a0\u00bb, annonce le Syndicat de la librairie fran\u00e7aise dans un communiqu\u00e9 <a href=\"https:\/\/www.syndicat-librairie.fr\/actualites\/mouvement-social-chez-prisme\" target=\"_blank\" rel=\"noopener\">mis \u00e0 jour ce lundi sur son site Internet<\/a>. \u00ab\u00a0La Clil va travailler avec vos transporteurs pour rattraper le retard des retours dans les meilleurs d\u00e9lais\u00a0\u00bb, est-il encore pr\u00e9cis\u00e9.<\/p>\n<p>Peu de retards<\/p>\n<p>Les libraires avaient \u00e9t\u00e9 inform\u00e9s de cette mobilisation sociale d\u00e8s le premier jour, par la Clil ainsi que par le SLF. Suite aux \u00e9changes quotidiens entre Prisme, la Clil (coll\u00e8ge libraires et coll\u00e8ge distributeurs) et le SLF, il avait \u00e9t\u00e9 demand\u00e9 aux libraires de conserver en r\u00e9tention leurs commandes de r\u00e9assort non urgentes. \u00ab\u00a0Il y a eu tr\u00e8s peu de retards, au maximum un jour ou deux, et cela ne concernait que les r\u00e9assorts, pas les offices\u00a0\u00bb, assure Sophie Salmon.<\/p>\n<p>Contact\u00e9e, Prisme n&rsquo;a pas encore r\u00e9pondu \u00e0 nos questions. Cr\u00e9\u00e9e en 1993 \u00e0 l&rsquo;initiative de la Clil, la plateforme traite en moyenne 25\u00a0000 colis par jour, avec des pics pouvant monter \u00e0 50\u00a0000, permettant \u00e0 80\u00a0% des commandes trait\u00e9es par ses soins de parvenir en 24\u00a0heures \u00e0 leur destinataire. Ses destinataires sont les librairies ind\u00e9pendantes, les Espaces culturels E.Leclerc, les magasins Cultura, mais aussi certains points presse et des enseignes sp\u00e9cialis\u00e9es. Seuls Amazon et la Fnac, qui ont leur propre r\u00e9seau de distribution, ainsi que la GSA et les libraires franciliens, se passent de ses services. Au total, un peu plus d&rsquo;un livre sur trois transite par Prisme.<\/p>\n","protected":false},"excerpt":{"rendered":"Pr\u00e8s d&rsquo;une semaine apr\u00e8s le d\u00e9but d&rsquo;une gr\u00e8ve chez Prisme, la plateforme de regroupement logistique qui fait la&hellip;\n","protected":false},"author":2,"featured_media":478357,"comment_status":"","ping_status":"","sticky":false,"template":"","format":"standard","meta":{"footnotes":""},"categories":[1357],"tags":[1379,58,59,1011,27,1380],"class_list":{"0":"post-478356","1":"post","2":"type-post","3":"status-publish","4":"format-standard","5":"has-post-thumbnail","7":"category-livres","8":"tag-books","9":"tag-divertissement","10":"tag-entertainment","11":"tag-fr","12":"tag-france","13":"tag-livres"},"share_on_mastodon":{"url":"https:\/\/pubeurope.com\/@fr\/115409600108449335","error":""},"_links":{"self":[{"href":"https:\/\/www.europesays.com\/fr\/wp-json\/wp\/v2\/posts\/478356","targetHints":{"allow":["GET"]}}],"collection":[{"href":"https:\/\/www.europesays.com\/fr\/wp-json\/wp\/v2\/posts"}],"about":[{"href":"https:\/\/www.europesays.com\/fr\/wp-json\/wp\/v2\/types\/post"}],"author":[{"embeddable":true,"href":"https:\/\/www.europesays.com\/fr\/wp-json\/wp\/v2\/users\/2"}],"replies":[{"embeddable":true,"href":"https:\/\/www.europesays.com\/fr\/wp-json\/wp\/v2\/comments?post=478356"}],"version-history":[{"count":0,"href":"https:\/\/www.europesays.com\/fr\/wp-json\/wp\/v2\/posts\/478356\/revisions"}],"wp:featuredmedia":[{"embeddable":true,"href":"https:\/\/www.europesays.com\/fr\/wp-json\/wp\/v2\/media\/478357"}],"wp:attachment":[{"href":"https:\/\/www.europesays.com\/fr\/wp-json\/wp\/v2\/media?parent=478356"}],"wp:term":[{"taxonomy":"category","embeddable":true,"href":"https:\/\/www.europesays.com\/fr\/wp-json\/wp\/v2\/categories?post=478356"},{"taxonomy":"post_tag","embeddable":true,"href":"https:\/\/www.europesays.com\/fr\/wp-json\/wp\/v2\/tags?post=478356"}],"curies":[{"name":"wp","href":"https:\/\/api.w.org\/{rel}","templated":true}]}}