{"id":478371,"date":"2025-10-21T01:45:29","date_gmt":"2025-10-21T01:45:29","guid":{"rendered":"https:\/\/www.europesays.com\/fr\/478371\/"},"modified":"2025-10-21T01:45:29","modified_gmt":"2025-10-21T01:45:29","slug":"le-cout-des-deux-futurs-sous-marins-a26-de-la-marine-suedoise-salourdit-encore-de-858-millions-deuros-zone-militaire","status":"publish","type":"post","link":"https:\/\/www.europesays.com\/fr\/478371\/","title":{"rendered":"Le co\u00fbt des deux futurs sous-marins A26 de la marine su\u00e9doise s&#039;alourdit encore de 858 millions d&#039;euros &#8211; Zone Militaire"},"content":{"rendered":"<ol>\n<li><a href=\"https:\/\/news.google.com\/rss\/articles\/CBMi0wFBVV95cUxQeGpOaEd6WG5Lb3ZkM0hmZEFhcm9oUjFNazhmdWxqaVdpMnpJWklVY3pkNUlHeG9hUHhFeVNQajhsczUwc1U0aGtRdk5MMlVQX0V3dGx0Y0xDZVN5bDZ4LS00QXh2NFlpV01nQ1h3OVJWS2dCUDVmRjlrS0g2TENaazZJMy10bVRtdXlpV0N2TS13SHJKRzQyRXdkOWlTSGxOQWJGeXZ1cFhZRXFVa1pEcmd6WEZyRzBCUmVGeGN3SEgxbmcxZzRIWnhacFBDSmZiQlVV?oc=5\" target=\"_blank\" rel=\"noopener\">Le co\u00fbt des deux futurs sous-marins A26 de la marine su\u00e9doise s&rsquo;alourdit encore de 858 millions d&rsquo;euros<\/a>&nbsp;&nbsp;Zone Militaire<\/li>\n<li><a href=\"https:\/\/news.google.com\/rss\/articles\/CBMijwJBVV95cUxOTGVNSDNwVUFuc0xDNHU5V19fLXJiLTA1ZXk5V3Y3MC1tRUhRS3ozSmVHZ3VEVGtVbEJjNnZDMTk4SlRJZnVOMURJRUZsRUNyNFVuVTJlSDNUWGVoUG1pb2pvVl85SkphTjZ4c1hwckpydDRMVkVWZUFPMTJoZ0VaekpwaW0wZnRlb1pONUhqMjhqY0dCeHFldUZWLUdMVUxqNk8zZHc3VjBfMzNjZkh0ZGs0RnJ6ODFlVUtabF9BSGFTelZkd2tNX2Fva1pTR0lXOEg2TUN0bzcyMFhpSGVWVWluVVlSMFZ4QXdVV0RhNUpTWHU1THFkeDRKcl9VcEsxS2xxZ21iaGo5M2VFNlJZ?oc=5\" target=\"_blank\" rel=\"noopener\">Tr\u00e8s en retard, le programme de construction de sous-marins su\u00e9dois obtient une rallonge budg\u00e9taire<\/a>&nbsp;&nbsp;Le marin<\/li>\n<li><a href=\"https:\/\/news.google.com\/rss\/articles\/CBMijAFBVV95cUxNa3JCenMtQjhEX05XYl8zODZPMXBlU1ZhZFRnQ0tsTlBDRlZLSVFGXzNIallqLWtyX2ZQZFVpTUFmMk1QNzBSSlJ6VldpemRycVh6cWVfZl9HVTZkeVJyaVU1ZmtCWTRpR202Y0c4SHhOLW1Rd0lJcXVJbGctLVd0Zk90UGFZbWNxS2F3dw?oc=5\" target=\"_blank\" rel=\"noopener\">Ind\u00e9pendant, Saab travaille au successeur du Gripen !<\/a>&nbsp;&nbsp;Avia news<\/li>\n<li><a href=\"https:\/\/news.google.com\/rss\/articles\/CBMi0gFBVV95cUxNWFB4OVUwSmplSkhYSnpJcXUtY2FkU2EwbFJJMkxkeWVBV05MZ0xkSFB2c2lKRjk1MzVLRk96REJBVXAzeU8yMVFNVW43LTJPZktGMWFUSWVFa1o3VzJabDdVM0Vnd2JEUElYRTh2ZDRlUDh4ZmEtcDhNbGNIOU5fZS15cWRTVzM1emZfX0E4X0s1VndRajJualhKSDQ1VGtDS0pobVlCUkxLVElQTU5IaG5ob0lITF90Q1FqbEdFSk1Bdi10ci1MUlV2VjN6VlVQbkE?oc=5\" target=\"_blank\" rel=\"noopener\">Saab signe un nouveau contrat de 870 millions d\u2019euros pour achever les futurs sous-marins su\u00e9dois<\/a>&nbsp;&nbsp;Mer et Marine<\/li>\n<li><a href=\"https:\/\/news.google.com\/rss\/articles\/CBMiUkFVX3lxTE5DcURvODNOaVdGc2E3U0VrNFdkVElSZVJTTDh3N2V2SUhNQjBlejhjVmYyRFg4VnRyU1lreTAwU3I1blpoQVZYamhIaGdIemlNbFE?oc=5\" target=\"_blank\" rel=\"noopener\">La construction des sous-marins A26 destin\u00e9s \u00e0 la Su\u00e8de en retard d\u2019environ 5 ans<\/a>&nbsp;&nbsp;Le portail des sous-marins<\/li>\n<\/ol>\n","protected":false},"excerpt":{"rendered":"Le co\u00fbt des deux futurs sous-marins A26 de la marine su\u00e9doise s&rsquo;alourdit encore de 858 millions d&rsquo;euros&nbsp;&nbsp;Zone Militaire&hellip;\n","protected":false},"author":2,"featured_media":478372,"comment_status":"","ping_status":"","sticky":false,"template":"","format":"standard","meta":{"footnotes":""},"categories":[6],"tags":[60184,60185,35,6131,15722,33,34,60186,1011,27,693,60187,8948,60188,36558,7199],"class_list":{"0":"post-478371","1":"post","2":"type-post","3":"status-publish","4":"format-standard","5":"has-post-thumbnail","7":"category-economie","8":"tag-a26","9":"tag-blekinge","10":"tag-business","11":"tag-construction-navale","12":"tag-couts","13":"tag-economie","14":"tag-economy","15":"tag-fmv","16":"tag-fr","17":"tag-france","18":"tag-industrie","19":"tag-marine-suedoise","20":"tag-retard","21":"tag-saab-kockums","22":"tag-sous-marin","23":"tag-suede"},"share_on_mastodon":{"url":"https:\/\/pubeurope.com\/@fr\/115409631719767217","error":""},"_links":{"self":[{"href":"https:\/\/www.europesays.com\/fr\/wp-json\/wp\/v2\/posts\/478371","targetHints":{"allow":["GET"]}}],"collection":[{"href":"https:\/\/www.europesays.com\/fr\/wp-json\/wp\/v2\/posts"}],"about":[{"href":"https:\/\/www.europesays.com\/fr\/wp-json\/wp\/v2\/types\/post"}],"author":[{"embeddable":true,"href":"https:\/\/www.europesays.com\/fr\/wp-json\/wp\/v2\/users\/2"}],"replies":[{"embeddable":true,"href":"https:\/\/www.europesays.com\/fr\/wp-json\/wp\/v2\/comments?post=478371"}],"version-history":[{"count":0,"href":"https:\/\/www.europesays.com\/fr\/wp-json\/wp\/v2\/posts\/478371\/revisions"}],"wp:featuredmedia":[{"embeddable":true,"href":"https:\/\/www.europesays.com\/fr\/wp-json\/wp\/v2\/media\/478372"}],"wp:attachment":[{"href":"https:\/\/www.europesays.com\/fr\/wp-json\/wp\/v2\/media?parent=478371"}],"wp:term":[{"taxonomy":"category","embeddable":true,"href":"https:\/\/www.europesays.com\/fr\/wp-json\/wp\/v2\/categories?post=478371"},{"taxonomy":"post_tag","embeddable":true,"href":"https:\/\/www.europesays.com\/fr\/wp-json\/wp\/v2\/tags?post=478371"}],"curies":[{"name":"wp","href":"https:\/\/api.w.org\/{rel}","templated":true}]}}