{"id":478378,"date":"2025-10-21T01:49:15","date_gmt":"2025-10-21T01:49:15","guid":{"rendered":"https:\/\/www.europesays.com\/fr\/478378\/"},"modified":"2025-10-21T01:49:15","modified_gmt":"2025-10-21T01:49:15","slug":"le-stationnement-et-la-circulation-interdits-en-journee-rue-ambroise-pare-pour-des-travaux","status":"publish","type":"post","link":"https:\/\/www.europesays.com\/fr\/478378\/","title":{"rendered":"Le stationnement et la circulation interdits en journ\u00e9e rue Ambroise Par\u00e9 pour des travaux"},"content":{"rendered":"\n<p>Avis aux automobilistes et aux riverains de la rue Ambroise Par\u00e9 \u00e0 Saint-Etienne. A partir de ce lundi 20 octobre, et jusqu&rsquo;au vendredi 31 octobre, des travaux vont impacter le trafic routier dans le quartier Solaure. En raison d&rsquo;une r\u00e9fection des trottoirs et des places de stationnement, la circulation et le stationnement seront en effet interdits de 8h \u00e0 17h, pendant toute la dur\u00e9e des travaux, de l\u2019intersection avec la rue du Pr\u00e9sident Mazaryk au rond-point Paul-Louis Courier.<\/p>\n<p>Une d\u00e9viation sera mise en place par l&rsquo;entreprise en charge des travaux \u00e0 l&rsquo;aide d&rsquo;une signal\u00e9tique adapt\u00e9e. Le sens de circulation de la rue du Pr\u00e9sident Mazaryk sera invers\u00e9 et la bretelle de sortie \u00ab Saint-\u00c9tienne Solaure \u00bb de la RM 88 sera barr\u00e9e.\u00a0<\/p>\n","protected":false},"excerpt":{"rendered":"Avis aux automobilistes et aux riverains de la rue Ambroise Par\u00e9 \u00e0 Saint-Etienne. A partir de ce lundi&hellip;\n","protected":false},"author":2,"featured_media":232687,"comment_status":"","ping_status":"","sticky":false,"template":"","format":"standard","meta":{"footnotes":""},"categories":[9653],"tags":[1111,11,2430,3542,1777,674,1011,27,3367,12,25,209,55668,4001,2086],"class_list":{"0":"post-478378","1":"post","2":"type-post","3":"status-publish","4":"format-standard","5":"has-post-thumbnail","7":"category-saint-etienne","8":"tag-actu","9":"tag-actualites","10":"tag-auvergne-rhone-alpes","11":"tag-circulation","12":"tag-eu","13":"tag-europe","14":"tag-fr","15":"tag-france","16":"tag-loire","17":"tag-news","18":"tag-republique-francaise","19":"tag-route","20":"tag-saint_etienne","21":"tag-saint-etienne","22":"tag-travaux"},"share_on_mastodon":{"url":"https:\/\/pubeurope.com\/@fr\/115409647326672447","error":""},"_links":{"self":[{"href":"https:\/\/www.europesays.com\/fr\/wp-json\/wp\/v2\/posts\/478378","targetHints":{"allow":["GET"]}}],"collection":[{"href":"https:\/\/www.europesays.com\/fr\/wp-json\/wp\/v2\/posts"}],"about":[{"href":"https:\/\/www.europesays.com\/fr\/wp-json\/wp\/v2\/types\/post"}],"author":[{"embeddable":true,"href":"https:\/\/www.europesays.com\/fr\/wp-json\/wp\/v2\/users\/2"}],"replies":[{"embeddable":true,"href":"https:\/\/www.europesays.com\/fr\/wp-json\/wp\/v2\/comments?post=478378"}],"version-history":[{"count":0,"href":"https:\/\/www.europesays.com\/fr\/wp-json\/wp\/v2\/posts\/478378\/revisions"}],"wp:featuredmedia":[{"embeddable":true,"href":"https:\/\/www.europesays.com\/fr\/wp-json\/wp\/v2\/media\/232687"}],"wp:attachment":[{"href":"https:\/\/www.europesays.com\/fr\/wp-json\/wp\/v2\/media?parent=478378"}],"wp:term":[{"taxonomy":"category","embeddable":true,"href":"https:\/\/www.europesays.com\/fr\/wp-json\/wp\/v2\/categories?post=478378"},{"taxonomy":"post_tag","embeddable":true,"href":"https:\/\/www.europesays.com\/fr\/wp-json\/wp\/v2\/tags?post=478378"}],"curies":[{"name":"wp","href":"https:\/\/api.w.org\/{rel}","templated":true}]}}