{"id":478381,"date":"2025-10-21T01:53:10","date_gmt":"2025-10-21T01:53:10","guid":{"rendered":"https:\/\/www.europesays.com\/fr\/478381\/"},"modified":"2025-10-21T01:53:10","modified_gmt":"2025-10-21T01:53:10","slug":"malgre-le-retour-du-public-a-marcel-picot-nancy-rend-les-armes-contre-amiens","status":"publish","type":"post","link":"https:\/\/www.europesays.com\/fr\/478381\/","title":{"rendered":"Malgr\u00e9 le retour du public \u00e0 Marcel-Picot, Nancy rend les armes contre Amiens"},"content":{"rendered":"<p>Zapping Foot National Entretien &#8211; Les dessous du football amateur, avec Romain Molina<\/p>\n<p>Amiens g\u00e2che les retrouvailles. Ce lundi 20 octobre, pour le compte de la <a href=\"https:\/\/www.foot-national.com\/data\/resultat-ligue2.html\" rel=\"nofollow noopener\" target=\"_blank\">dixi\u00e8me journ\u00e9e<\/a> de Ligue 2, l&rsquo;AS Nancy Lorraine retrouvait effectivement son public au stade Marcel-Picot. Apr\u00e8s quatre matchs \u00e0 huis clos, l&rsquo;\u00e9quipe de Pablo Correa a enfin pu compter sur son douzi\u00e8me homme. Mais malgr\u00e9 sa pr\u00e9sence, les locaux n&rsquo;ont jamais su trouver la solution face aux Picards.<\/p>\n<p>Ce sont d&rsquo;ailleurs ces derniers qui ont pris les choses en main. Plus entreprenants en d\u00e9but de partie, les Ami\u00e9nois ont m\u00eame h\u00e9rit\u00e9 d&rsquo;un penalty pour un bras nanc\u00e9ien dans la surface d&rsquo;Enzo Basilio. Pris \u00e0 contre-pied par la tentative de Teddy Averlant, le portier lorrain a eu le bonheur de voir le cuir frapper son poteau (18e). Partie remise pour Amiens. Quelques minutes apr\u00e8s, Yvan Ikia Dimi a conclu en force et en premi\u00e8re intention depuis l&rsquo;entr\u00e9e de la surface un mouvement collectif de son \u00e9quipe (24e, 0-1).<\/p>\n<p>Nancy se heurte \u00e0 l&rsquo;arri\u00e8re-garde ami\u00e9noise<\/p>\n<p>Aux commandes, la formation d&rsquo;Omar Daf s&rsquo;est rapproch\u00e9e du break. Mais Basilio, par deux fois, a sorti le grand jeu pour \u00e9viter que l&rsquo;ASNL ne sombre pour le grand retour de son public dans les tribunes (30e, 31e). Rarement dangereux, le promu a lui aussi h\u00e9rit\u00e9 d&rsquo;un penalty pour une faute sur Zakaria Fdaouch. Mais Patrick Ouotro, tr\u00e8s actif mais malheureux, a vu Paul Bernardoni s&rsquo;\u00e9tendre pour repousser sa frappe (35e).<\/p>\n<p>Puis plus rien. Ou presque. Sous une pluie battante, la deuxi\u00e8me p\u00e9riode a gard\u00e9 la m\u00eame physionomie durant ses 45 minutes : revenus avec de bien meilleures intentions, les partenaires de Nicolas Saint-Ruf ont domin\u00e9 les d\u00e9bats et ont longtemps tent\u00e9 de contourner l&rsquo;arri\u00e8re-garde ami\u00e9noise. Sans succ\u00e8s, malgr\u00e9 quelques situations chaudes devant la cage d&rsquo;un Bernardoni impeccable. Impr\u00e9cise, l&rsquo;ASNL rend les armes et encha\u00eene un troisi\u00e8me match cons\u00e9cutif sans victoire (2 d\u00e9faites, 1 nul). Onzi\u00e8me avec 12 points, elle n&rsquo;a plus gagn\u00e9 \u00e0 domicile depuis le 15 ao\u00fbt, contre Boulogne (1-0). De son c\u00f4t\u00e9, Amiens stoppe l&rsquo;h\u00e9morragie. Apr\u00e8s trois d\u00e9faites de rang, le club picard revient m\u00eame \u00e0 hauteur de son adversaire (10e, 12 pts). Place d\u00e9sormais \u00e0 la r\u00e9ception de Rodez samedi (14h) tandis que Nancy sera dans le m\u00eame temps \u00e0 Montpellier.<\/p>\n<p><a href=\"https:\/\/www.foot-national.com\/data\/classement-ligue2.html\" rel=\"nofollow noopener\" target=\"_blank\">Ligue 2 : le classement<\/a><\/p>\n<p>Partagez cette info avec vos amis et vos proches en cliquant ici<br \/>Pour r\u00e9sumer<\/p>\n<p>Ce lundi 20 octobre, l&rsquo;AS Nancy Lorraine s&rsquo;est inclin\u00e9e en cl\u00f4ture de la onzi\u00e8me journ\u00e9e de Ligue 2. Le club meurthe-et-mosellan, qui pouvait enfin compter sur l&rsquo;appui de son public \u00e0 Marcel-Picot, a rendu les armes face \u00e0 Amiens.<\/p>\n<p> <img decoding=\"async\" width=\"76\" height=\"76\" loading=\"lazy\" src=\"https:\/\/www.europesays.com\/fr\/wp-content\/uploads\/2025\/04\/logo-florian-sermaise.jpg\" alt=\"Florian Sermaise\"\/><\/p>\n","protected":false},"excerpt":{"rendered":"Zapping Foot National Entretien &#8211; Les dessous du football amateur, avec Romain Molina Amiens g\u00e2che les retrouvailles. Ce&hellip;\n","protected":false},"author":2,"featured_media":478382,"comment_status":"","ping_status":"","sticky":false,"template":"","format":"standard","meta":{"footnotes":""},"categories":[9635],"tags":[1111,11,1777,674,1011,27,775,59995,1702,12,25],"class_list":{"0":"post-478381","1":"post","2":"type-post","3":"status-publish","4":"format-standard","5":"has-post-thumbnail","7":"category-nancy","8":"tag-actu","9":"tag-actualites","10":"tag-eu","11":"tag-europe","12":"tag-fr","13":"tag-france","14":"tag-grand-est","15":"tag-ligue-2-actus","16":"tag-nancy","17":"tag-news","18":"tag-republique-francaise"},"share_on_mastodon":{"url":"https:\/\/pubeurope.com\/@fr\/115409663433446828","error":""},"_links":{"self":[{"href":"https:\/\/www.europesays.com\/fr\/wp-json\/wp\/v2\/posts\/478381","targetHints":{"allow":["GET"]}}],"collection":[{"href":"https:\/\/www.europesays.com\/fr\/wp-json\/wp\/v2\/posts"}],"about":[{"href":"https:\/\/www.europesays.com\/fr\/wp-json\/wp\/v2\/types\/post"}],"author":[{"embeddable":true,"href":"https:\/\/www.europesays.com\/fr\/wp-json\/wp\/v2\/users\/2"}],"replies":[{"embeddable":true,"href":"https:\/\/www.europesays.com\/fr\/wp-json\/wp\/v2\/comments?post=478381"}],"version-history":[{"count":0,"href":"https:\/\/www.europesays.com\/fr\/wp-json\/wp\/v2\/posts\/478381\/revisions"}],"wp:featuredmedia":[{"embeddable":true,"href":"https:\/\/www.europesays.com\/fr\/wp-json\/wp\/v2\/media\/478382"}],"wp:attachment":[{"href":"https:\/\/www.europesays.com\/fr\/wp-json\/wp\/v2\/media?parent=478381"}],"wp:term":[{"taxonomy":"category","embeddable":true,"href":"https:\/\/www.europesays.com\/fr\/wp-json\/wp\/v2\/categories?post=478381"},{"taxonomy":"post_tag","embeddable":true,"href":"https:\/\/www.europesays.com\/fr\/wp-json\/wp\/v2\/tags?post=478381"}],"curies":[{"name":"wp","href":"https:\/\/api.w.org\/{rel}","templated":true}]}}