{"id":478385,"date":"2025-10-21T01:56:12","date_gmt":"2025-10-21T01:56:12","guid":{"rendered":"https:\/\/www.europesays.com\/fr\/478385\/"},"modified":"2025-10-21T01:56:12","modified_gmt":"2025-10-21T01:56:12","slug":"montpellier-coeur-de-ville-en-lumieres-un-coup-de-projecteur-unique-pour-les-commercants","status":"publish","type":"post","link":"https:\/\/www.europesays.com\/fr\/478385\/","title":{"rendered":"Montpellier : Coeur de ville en lumi\u00e8res, un \u00ab\u00a0coup de projecteur unique pour les commer\u00e7ants\u00a0\u00bb"},"content":{"rendered":"<p>Cette \u00e9dition 2025 r\u00e9unit plus de 200 \u00e9tudiants issus de 8 \u00e9coles montpelli\u00e9raines (Brassart, Objectif 3D, ARTFX, Esma, e-artsup, ACFA Multim\u00e9dia, Studio M et <a href=\"https:\/\/www.herault-tribune.com\/articles\/vers-linfini-et-lagora-des-etudiants-de-ynov-school-preparent-deja-coeur-de-ville-en-lumieres\/\" target=\"_blank\" rel=\"noreferrer noopener nofollow\">Ynov Campus<\/a>), \u00e9paul\u00e9s par cinq collectifs artistiques professionnels. En parall\u00e8le, la \u201cGaming Zone\u201d du Th\u00e9\u00e2tre de l\u2019Agora revient pour une deuxi\u00e8me ann\u00e9e : un espace interactif o\u00f9 le public pourra tester des jeux vid\u00e9o grandeur nature projet\u00e9s sur les fa\u00e7ades, con\u00e7us par les \u00e9tudiants eux-m\u00eames. \u201cC\u0153ur de ville en lumi\u00e8res, c\u2019est aussi une \u00e9cole \u00e0 ciel ouvert, une vitrine du savoir-faire local\u201d, r\u00e9sume Val\u00e9rie Chaillou, responsable des ICC \u00e0 la M\u00e9tropole. Et il reste, et c\u2019est important de le souligner en ces temps de restrictions budg\u00e9taires, un \u00e9v\u00e9nement populaire et 100% gratuit.<\/p>\n","protected":false},"excerpt":{"rendered":"Cette \u00e9dition 2025 r\u00e9unit plus de 200 \u00e9tudiants issus de 8 \u00e9coles montpelli\u00e9raines (Brassart, Objectif 3D, ARTFX, Esma,&hellip;\n","protected":false},"author":2,"featured_media":478386,"comment_status":"","ping_status":"","sticky":false,"template":"","format":"standard","meta":{"footnotes":""},"categories":[9599],"tags":[1111,11,1777,674,1011,27,2208,12,2680,25],"class_list":{"0":"post-478385","1":"post","2":"type-post","3":"status-publish","4":"format-standard","5":"has-post-thumbnail","7":"category-montpellier","8":"tag-actu","9":"tag-actualites","10":"tag-eu","11":"tag-europe","12":"tag-fr","13":"tag-france","14":"tag-montpellier","15":"tag-news","16":"tag-occitanie","17":"tag-republique-francaise"},"share_on_mastodon":{"url":"https:\/\/pubeurope.com\/@fr\/115409674852878131","error":""},"_links":{"self":[{"href":"https:\/\/www.europesays.com\/fr\/wp-json\/wp\/v2\/posts\/478385","targetHints":{"allow":["GET"]}}],"collection":[{"href":"https:\/\/www.europesays.com\/fr\/wp-json\/wp\/v2\/posts"}],"about":[{"href":"https:\/\/www.europesays.com\/fr\/wp-json\/wp\/v2\/types\/post"}],"author":[{"embeddable":true,"href":"https:\/\/www.europesays.com\/fr\/wp-json\/wp\/v2\/users\/2"}],"replies":[{"embeddable":true,"href":"https:\/\/www.europesays.com\/fr\/wp-json\/wp\/v2\/comments?post=478385"}],"version-history":[{"count":0,"href":"https:\/\/www.europesays.com\/fr\/wp-json\/wp\/v2\/posts\/478385\/revisions"}],"wp:featuredmedia":[{"embeddable":true,"href":"https:\/\/www.europesays.com\/fr\/wp-json\/wp\/v2\/media\/478386"}],"wp:attachment":[{"href":"https:\/\/www.europesays.com\/fr\/wp-json\/wp\/v2\/media?parent=478385"}],"wp:term":[{"taxonomy":"category","embeddable":true,"href":"https:\/\/www.europesays.com\/fr\/wp-json\/wp\/v2\/categories?post=478385"},{"taxonomy":"post_tag","embeddable":true,"href":"https:\/\/www.europesays.com\/fr\/wp-json\/wp\/v2\/tags?post=478385"}],"curies":[{"name":"wp","href":"https:\/\/api.w.org\/{rel}","templated":true}]}}