{"id":478402,"date":"2025-10-21T02:08:16","date_gmt":"2025-10-21T02:08:16","guid":{"rendered":"https:\/\/www.europesays.com\/fr\/478402\/"},"modified":"2025-10-21T02:08:16","modified_gmt":"2025-10-21T02:08:16","slug":"a-orvault-damien-guiheneuf-accompagne-les-personnes-dans-leur-pratique-sportive-sport","status":"publish","type":"post","link":"https:\/\/www.europesays.com\/fr\/478402\/","title":{"rendered":"\u00c0 Orvault, Damien Guiheneuf accompagne les personnes dans leur pratique sportive . Sport"},"content":{"rendered":"<p>Damien Guiheneuf, qui a cr\u00e9\u00e9 son autoentreprise (R\u00e9)active en mai dernier, est enseignant en activit\u00e9 physique adapt\u00e9e (APA) et propose du sport sant\u00e9 bien-\u00eatre \u00e0 Orvault et aux alentours. Il intervient essentiellement sur prescription m\u00e9dicale dans le cadre du <a href=\"https:\/\/rennes.maville.com\/sport\/detail_-sport-sur-ordonnance-l-activite-physique-est-un-remede-qui-merite-la-premiere-place-_54135-5174430_actu.Htm\" target=\"_self\" rel=\"noopener\">dispositif sport sur ordonnance<\/a> (d\u00e9crets du 30\u00a0d\u00e9cembre 2016 et du 30\u00a0mars 2023). \u00a0Mon travail consiste \u00e0 accompagner des patients dans leur parcours de soins, en proposant une activit\u00e9 adapt\u00e9e \u00e0 leurs besoins, afin de prendre ou reprendre plaisir \u00e0 bouger, reprendre confiance en ses capacit\u00e9s, dans une finalit\u00e9 de maintien des capacit\u00e9s d\u2019autonomie, de socialisation et d\u2019estime de soi.\u00a0<\/p>\n<p>Des s\u00e9ances \u00e0 domicile ou en groupe<\/p>\n<p>Pour les s\u00e9ances \u00e0 domicile, il fait un bilan complet d\u2019activit\u00e9 physique pour un accompagnement au plus pr\u00e8s des besoins et des attentes, adapt\u00e9 \u00e0 chaque probl\u00e9matique ou chaque pathologie. \u00a0Je me d\u00e9place \u00e0 Orvault et dans les communes limitrophes. Les s\u00e9ances \u00e0 domicile d\u2019APA entrent dans le cadre des services \u00e0 la personne et donnent droit \u00e0 des r\u00e9ductions d\u2019imp\u00f4ts\u00a0\u00bb, souligne l\u2019autoentrepreneur.<\/p>\n<p><strong>Lire aussi\u00a0:<\/strong> <a href=\"https:\/\/lemagdusenior.ouest-france.fr\/dossier-867-sport-ordonnance-droit.html\" target=\"_self\" rel=\"noopener\">notre dossier sur le sport sur ordonnance<\/a><\/p>\n<p>Les s\u00e9ances collectives \u2013 les randos fitness \u2013 ont lieu en petit groupe le lundi, dans la vall\u00e9e du Cens, de 10\u00a0h\u00a030 \u00e0 11\u00a0h\u00a030 ou de 14\u00a0h\u00a030 \u00e0 15\u00a0h\u00a030, avec des temps de marche et de marche nordique, mais aussi des exercices de mobilit\u00e9 articulaire, de renforcement, de souplesse, d\u2019\u00e9quilibre et de coordination. \u00a0Ces s\u00e9ances collectives permettent aussi de rompre l\u2019isolement que peuvent parfois entra\u00eener ou faciliter certaines pathologies. Et aussi de profiter des bienfaits de la nature et du superbe cadre offert par la vall\u00e9e du Cens. Je suis membre de la communaut\u00e9 pluriprofessionnelle de territoire de sant\u00e9 Erdre et Cens, qui regroupe les professionnels de sant\u00e9 de plusieurs communes. Je fais partie du groupe de travail sur l\u2019activit\u00e9 physique et la s\u00e9dentarit\u00e9\u00a0\u00bb,pr\u00e9cise Damien Guiheneuf qui conseille, dans le cadre d\u2019une prescription d\u2019activit\u00e9 physique adapt\u00e9e, d\u2019en parler avant toute chose \u00e0 son m\u00e9decin traitant.<\/p>\n<p><strong>Contact\u00a0:<\/strong> <a href=\"https:\/\/www.reactive-sante.fr\/\" target=\"_blank\" rel=\"noopener\">www.reactive-sante.fr<\/a><\/p>\n<p>\u00a0<\/p>\n","protected":false},"excerpt":{"rendered":"Damien Guiheneuf, qui a cr\u00e9\u00e9 son autoentreprise (R\u00e9)active en mai dernier, est enseignant en activit\u00e9 physique adapt\u00e9e (APA)&hellip;\n","protected":false},"author":2,"featured_media":478403,"comment_status":"","ping_status":"","sticky":false,"template":"","format":"standard","meta":{"footnotes":""},"categories":[2818],"tags":[1111,11,3809,1465,1777,674,63,1011,27,1792,1922,766,12,2636,25,479,517,1470],"class_list":{"0":"post-478402","1":"post","2":"type-post","3":"status-publish","4":"format-standard","5":"has-post-thumbnail","7":"category-nantes","8":"tag-actu","9":"tag-actualites","10":"tag-ball","11":"tag-basket","12":"tag-eu","13":"tag-europe","14":"tag-football","15":"tag-fr","16":"tag-france","17":"tag-handball","18":"tag-info","19":"tag-nantes","20":"tag-news","21":"tag-pays-de-la-loire","22":"tag-republique-francaise","23":"tag-rugby","24":"tag-sport","25":"tag-volley"},"share_on_mastodon":{"url":"https:\/\/pubeurope.com\/@fr\/115409722109506704","error":""},"_links":{"self":[{"href":"https:\/\/www.europesays.com\/fr\/wp-json\/wp\/v2\/posts\/478402","targetHints":{"allow":["GET"]}}],"collection":[{"href":"https:\/\/www.europesays.com\/fr\/wp-json\/wp\/v2\/posts"}],"about":[{"href":"https:\/\/www.europesays.com\/fr\/wp-json\/wp\/v2\/types\/post"}],"author":[{"embeddable":true,"href":"https:\/\/www.europesays.com\/fr\/wp-json\/wp\/v2\/users\/2"}],"replies":[{"embeddable":true,"href":"https:\/\/www.europesays.com\/fr\/wp-json\/wp\/v2\/comments?post=478402"}],"version-history":[{"count":0,"href":"https:\/\/www.europesays.com\/fr\/wp-json\/wp\/v2\/posts\/478402\/revisions"}],"wp:featuredmedia":[{"embeddable":true,"href":"https:\/\/www.europesays.com\/fr\/wp-json\/wp\/v2\/media\/478403"}],"wp:attachment":[{"href":"https:\/\/www.europesays.com\/fr\/wp-json\/wp\/v2\/media?parent=478402"}],"wp:term":[{"taxonomy":"category","embeddable":true,"href":"https:\/\/www.europesays.com\/fr\/wp-json\/wp\/v2\/categories?post=478402"},{"taxonomy":"post_tag","embeddable":true,"href":"https:\/\/www.europesays.com\/fr\/wp-json\/wp\/v2\/tags?post=478402"}],"curies":[{"name":"wp","href":"https:\/\/api.w.org\/{rel}","templated":true}]}}