{"id":478414,"date":"2025-10-21T02:15:24","date_gmt":"2025-10-21T02:15:24","guid":{"rendered":"https:\/\/www.europesays.com\/fr\/478414\/"},"modified":"2025-10-21T02:15:24","modified_gmt":"2025-10-21T02:15:24","slug":"une-fille-mineure-retrouvee-morte-dans-un-hotel-un-homme-en-garde-a-vue","status":"publish","type":"post","link":"https:\/\/www.europesays.com\/fr\/478414\/","title":{"rendered":"une fille mineure retrouv\u00e9e morte dans un h\u00f4tel, un homme en garde \u00e0 vue"},"content":{"rendered":"<p class=\"article-p mdl\">C\u2019est une d\u00e9couverte \u00ab\u00a0choquante\u00a0\u00bb qui a \u00e9t\u00e9 faite cette nuit dans une chambre d\u2019h\u00f4tel, dans la banlieue de Lille (Nord). Une jeune fille, pr\u00e9sent\u00e9e comme une mineure de 15 ans, mais dont l\u2019identit\u00e9 et l\u2019\u00e2ge ne sont pas encore confirm\u00e9s, a \u00e9t\u00e9 retrouv\u00e9e morte dans une des chambres de l\u2019h\u00f4tel, selon le parquet de\u00a0<a class=\"link\" href=\"https:\/\/www.rtl.fr\/actu\/economie-consommation\/manger-sans-passer-en-caisse-comment-fonctionne-le-nouveau-restaurant-flunch-faim-a-lille-7900544946\" title=\"Manger sans passer en caisse : comment fonctionne le nouveau restaurant Flunch &quot;Faim&quot; \u00e0 Lille\" target=\"_blank\" rel=\"noopener\">Lille<\/a>. La victime \u00ab\u00a0\u00e9tait une mineure vuln\u00e9rable\u00a0\u00bb suivie par l&rsquo;aide sociale \u00e0 l&rsquo;enfance (ASE) et le tribunal pour enfants de Lille, mais qui \u00ab\u00a0\u00e9tait en situation de fugue\u00a0\u00bb, a pr\u00e9cis\u00e9 le procureur de Lille Samuel Finielz sur le plateau d&rsquo;Ici 19\/20 Nord-Pas-de-Calais.<\/p>\n<p class=\"article-p mdl\">\u00a0\u00ab\u00a0On n&rsquo;a pas dormi de la nuit,\u00a0on a entendu les hurlements d&rsquo;une jeune femme pendant des heures aux alentours de 4 ou 5H du matin\u00a0\u00bb, explique \u00e0 l\u2019AFP une femme de 20 ans qui passait la nuit, avec son conjoint, dans l\u2019h\u00f4tel d\u2019en face.\u2028<\/p>\n<p class=\"article-p mdl\">Tandis qu\u2019un fourgon m\u00e9dico-l\u00e9gal a quitt\u00e9 les lieux aux alentours de 12h30, comme l\u2019a constat\u00e9 une journaliste de l&rsquo;AFP sur place, des policiers et un enqu\u00eateur portant des gants bleus entraient et sortaient de l\u2019h\u00f4tel. \u00ab\u00a0C&rsquo;est choquant pour nous\u00a0\u00bb, a confi\u00e9 le r\u00e9ceptionniste \u00e0 la presse.\u00a0<\/p>\n<p class=\"article-p mdl\">Un suspect s\u2019est pr\u00e9sent\u00e9 \u00e0 la police et a \u00e9t\u00e9 plac\u00e9 en garde \u00e0 vue pour\u00a0<a class=\"link\" href=\"https:\/\/www.rtl.fr\/actu\/justice-faits-divers\/charleville-mezieres-une-femme-et-un-enfant-retrouves-morts-enquete-ouverte-pour-homicide-volontaire-7900477319\" title=\"Charleville-M\u00e9zi\u00e8res : une femme et un enfant retrouv\u00e9s morts, enqu\u00eate ouverte pour homicide volontaire\" target=\"_blank\" rel=\"noopener\">homicide volontaire<\/a>. Il s\u2019agit d\u2019un jeune homme, dont l\u2019\u00e2ge n\u2019a pas \u00e9t\u00e9 communiqu\u00e9.\u00a0D&rsquo;apr\u00e8s les premiers \u00e9l\u00e9ments de l&rsquo;enqu\u00eate, \u00ab\u00a0elle \u00e9tait en situation de couple\u00a0\u00bb avec le suspect, a ajout\u00e9 le procureur.<\/p>\n<p class=\"article-p mdl\">D&rsquo;apr\u00e8s les derniers chiffres officiels publi\u00e9s fin novembre 2024, 96 f\u00e9minicides conjugaux ont \u00e9t\u00e9 recens\u00e9s par les forces de s\u00e9curit\u00e9 en France en 2023, sur 119 morts violentes au sein du couple. Dans 82% des cas, les auteurs sont des hommes.<\/p>\n<p>    La r\u00e9daction vous recommande<\/p>\n<p class=\"s-newsletter__title\">\n                L\u2019actualit\u00e9 par la r\u00e9daction de RTL dans votre bo\u00eete mail.\n            <\/p>\n<p class=\"s-newsletter__subtitle\">\n                Gr\u00e2ce \u00e0 votre compte RTL abonnez-vous \u00e0 la newsletter RTL info pour suivre toute l&rsquo;actualit\u00e9 au quotidien\n            <\/p>\n<p>\n                                    Lire la suite\n                                <\/p>\n","protected":false},"excerpt":{"rendered":"C\u2019est une d\u00e9couverte \u00ab\u00a0choquante\u00a0\u00bb qui a \u00e9t\u00e9 faite cette nuit dans une chambre d\u2019h\u00f4tel, dans la banlieue de&hellip;\n","protected":false},"author":2,"featured_media":478415,"comment_status":"","ping_status":"","sticky":false,"template":"","format":"standard","meta":{"footnotes":""},"categories":[2815],"tags":[1111,11,1777,674,118,3555,107,1011,27,811,1307,28152,12,1308,1072,25],"class_list":{"0":"post-478414","1":"post","2":"type-post","3":"status-publish","4":"format-standard","5":"has-post-thumbnail","7":"category-lille","8":"tag-actu","9":"tag-actualites","10":"tag-eu","11":"tag-europe","12":"tag-faits-divers","13":"tag-feminicide","14":"tag-fil-info","15":"tag-fr","16":"tag-france","17":"tag-hauts-de-france","18":"tag-lille","19":"tag-meurtres","20":"tag-news","21":"tag-nord","22":"tag-police","23":"tag-republique-francaise"},"share_on_mastodon":{"url":"https:\/\/pubeurope.com\/@fr\/115409749551384021","error":""},"_links":{"self":[{"href":"https:\/\/www.europesays.com\/fr\/wp-json\/wp\/v2\/posts\/478414","targetHints":{"allow":["GET"]}}],"collection":[{"href":"https:\/\/www.europesays.com\/fr\/wp-json\/wp\/v2\/posts"}],"about":[{"href":"https:\/\/www.europesays.com\/fr\/wp-json\/wp\/v2\/types\/post"}],"author":[{"embeddable":true,"href":"https:\/\/www.europesays.com\/fr\/wp-json\/wp\/v2\/users\/2"}],"replies":[{"embeddable":true,"href":"https:\/\/www.europesays.com\/fr\/wp-json\/wp\/v2\/comments?post=478414"}],"version-history":[{"count":0,"href":"https:\/\/www.europesays.com\/fr\/wp-json\/wp\/v2\/posts\/478414\/revisions"}],"wp:featuredmedia":[{"embeddable":true,"href":"https:\/\/www.europesays.com\/fr\/wp-json\/wp\/v2\/media\/478415"}],"wp:attachment":[{"href":"https:\/\/www.europesays.com\/fr\/wp-json\/wp\/v2\/media?parent=478414"}],"wp:term":[{"taxonomy":"category","embeddable":true,"href":"https:\/\/www.europesays.com\/fr\/wp-json\/wp\/v2\/categories?post=478414"},{"taxonomy":"post_tag","embeddable":true,"href":"https:\/\/www.europesays.com\/fr\/wp-json\/wp\/v2\/tags?post=478414"}],"curies":[{"name":"wp","href":"https:\/\/api.w.org\/{rel}","templated":true}]}}