{"id":478416,"date":"2025-10-21T02:16:14","date_gmt":"2025-10-21T02:16:14","guid":{"rendered":"https:\/\/www.europesays.com\/fr\/478416\/"},"modified":"2025-10-21T02:16:14","modified_gmt":"2025-10-21T02:16:14","slug":"apres-laffaire-hammou-eelv-veut-prendre-son-temps","status":"publish","type":"post","link":"https:\/\/www.europesays.com\/fr\/478416\/","title":{"rendered":"apr\u00e8s l&rsquo;affaire Hammou, EELV veut prendre son temps"},"content":{"rendered":"<p>Apr\u00e8s la d\u00e9flagration provoqu\u00e9e par <a href=\"https:\/\/www.laprovence.com\/article\/faits-divers-justice\/55660612426863\/info-la-provence-hassen-hammou-le-chef-de-file-eelv-a-marseille-convoque-devant-la-justice-pour-corruption-de-mineur\" target=\"_blank\" rel=\"noopener\">la r\u00e9v\u00e9lation par La Provence<\/a>, au lendemain de sa d\u00e9signation comme chef de file d&rsquo;EELV aux municipales de mars\u00a02026, de la comparution d&rsquo;Hassen Hammou pour \u00ab\u00a0corruption de mineur\u00a0\u00bb, le parti \u00e9cologiste veut prendre son temps.<\/p>\n<p>Mardi 14 octobre, le Marseillais de 36\u00a0ans avait \u00e9t\u00e9 <a href=\"https:\/\/www.laprovence.com\/article\/elections\/40613560381563\/municipales-2026-a-marseille-hassen-hammou-designe-chef-de-file-deelv-pour-poursuivre-lalliance-a-gauche-avec-benoit-payan\" target=\"_blank\" rel=\"noopener\">d\u00e9sign\u00e9 \u00e0 une large majorit\u00e9 des militants (55\u00a0%)<\/a> pour conduire les discussions en vue d&rsquo;une union d\u00e8s le premier tour avec le Printemps marseillais. Le lendemain, La Provence r\u00e9v\u00e9lait qu&rsquo;il \u00e9tait convoqu\u00e9 le 13\u00a0novembre devant le tribunal correctionnel de Marseille pour \u00ab\u00a0incitation d&rsquo;un mineur par un majeur utilisant un moyen de communication \u00e9lectronique \u00e0 commettre un acte de nature sexuelle\u00a0\u00bb. Face \u00e0 l&rsquo;\u00e9moi suscit\u00e9 en interne par l&rsquo;annonce de ce proc\u00e8s, dont l&rsquo;imminence avait \u00e9t\u00e9 tue par l&rsquo;int\u00e9ress\u00e9, <a href=\"https:\/\/www.laprovence.com\/article\/politique\/96206719938803\/hassen-hammou-convoque-par-la-justice-pour-corruption-de-mineur-le-chef-de-file-eelv-a-marseille-se-met-en-retrait\" target=\"_blank\" rel=\"noopener\">Hassen Hammou avait alors annonc\u00e9<\/a>, moins de 24\u00a0heures plus tard, son \u00ab\u00a0retrait de (s)a fonction de chef de file jusqu&rsquo;au d\u00e9lib\u00e9r\u00e9\u00a0\u00bb.<\/p>\n<p>Vendredi 17\u00a0octobre, le bureau politique d&rsquo;EELV a \u00e0 son tour pris acte de cette mise en retrait et prononc\u00e9 la \u00ab\u00a0suspension temporaire\u00a0\u00bb d&rsquo;Hassen Hammou \u00ab\u00a0jusqu&rsquo;\u00e0 la date du d\u00e9lib\u00e9r\u00e9\u00a0\u00bb, pr\u00e9cise le s\u00e9nateur EELV Guy Benarroche, qui est en lien avec la t&#8230;<\/p>\n","protected":false},"excerpt":{"rendered":"Apr\u00e8s la d\u00e9flagration provoqu\u00e9e par la r\u00e9v\u00e9lation par La Provence, au lendemain de sa d\u00e9signation comme chef de&hellip;\n","protected":false},"author":2,"featured_media":478417,"comment_status":"","ping_status":"","sticky":false,"template":"","format":"standard","meta":{"footnotes":""},"categories":[2814],"tags":[17,5734,1111,11,150,1777,674,1011,27,58925,58924,42592,884,3554,12,316,882,25],"class_list":{"0":"post-478416","1":"post","2":"type-post","3":"status-publish","4":"format-standard","5":"has-post-thumbnail","7":"category-marseille","8":"tag-17","9":"tag-5734","10":"tag-actu","11":"tag-actualites","12":"tag-apres","13":"tag-eu","14":"tag-europe","15":"tag-fr","16":"tag-france","17":"tag-hammou","18":"tag-hassen","19":"tag-laffaire","20":"tag-marseille","21":"tag-municipales","22":"tag-news","23":"tag-politique","24":"tag-provence-alpes-cote-dazur","25":"tag-republique-francaise"},"share_on_mastodon":{"url":"https:\/\/pubeurope.com\/@fr\/115409753436843214","error":""},"_links":{"self":[{"href":"https:\/\/www.europesays.com\/fr\/wp-json\/wp\/v2\/posts\/478416","targetHints":{"allow":["GET"]}}],"collection":[{"href":"https:\/\/www.europesays.com\/fr\/wp-json\/wp\/v2\/posts"}],"about":[{"href":"https:\/\/www.europesays.com\/fr\/wp-json\/wp\/v2\/types\/post"}],"author":[{"embeddable":true,"href":"https:\/\/www.europesays.com\/fr\/wp-json\/wp\/v2\/users\/2"}],"replies":[{"embeddable":true,"href":"https:\/\/www.europesays.com\/fr\/wp-json\/wp\/v2\/comments?post=478416"}],"version-history":[{"count":0,"href":"https:\/\/www.europesays.com\/fr\/wp-json\/wp\/v2\/posts\/478416\/revisions"}],"wp:featuredmedia":[{"embeddable":true,"href":"https:\/\/www.europesays.com\/fr\/wp-json\/wp\/v2\/media\/478417"}],"wp:attachment":[{"href":"https:\/\/www.europesays.com\/fr\/wp-json\/wp\/v2\/media?parent=478416"}],"wp:term":[{"taxonomy":"category","embeddable":true,"href":"https:\/\/www.europesays.com\/fr\/wp-json\/wp\/v2\/categories?post=478416"},{"taxonomy":"post_tag","embeddable":true,"href":"https:\/\/www.europesays.com\/fr\/wp-json\/wp\/v2\/tags?post=478416"}],"curies":[{"name":"wp","href":"https:\/\/api.w.org\/{rel}","templated":true}]}}