{"id":47842,"date":"2025-04-24T00:06:19","date_gmt":"2025-04-24T00:06:19","guid":{"rendered":"https:\/\/www.europesays.com\/fr\/47842\/"},"modified":"2025-04-24T00:06:19","modified_gmt":"2025-04-24T00:06:19","slug":"les-10-plus-beaux-batiments-de-larchitecture-baroque-au-monde","status":"publish","type":"post","link":"https:\/\/www.europesays.com\/fr\/47842\/","title":{"rendered":"Les 10 plus beaux b\u00e2timents de l&rsquo;architecture baroque au monde"},"content":{"rendered":"<p>L&rsquo;h\u00f4tel des Invalides (1677) figure aussi parmi les canons de l&rsquo;architecture baroque en France. Son d\u00f4me dor\u00e9, en particulier, est embl\u00e9matique des constructions du m\u00eame style. \u00c9rig\u00e9 par Lib\u00e9ral Bruand (\u00e9galement auteur de la Piti\u00e9-Salp\u00e9tri\u00e8re) et Jules Hardouin-Mansart, il reprend le plan de la r\u00e9sidence royale de l&rsquo;Escurial, \u00e0 Madrid, qui compte pas moins de cinq cours.<\/p>\n<p>4. Ch\u00e2teau de Versailles (France)<\/p>\n<p>Sylvain Sonnet\/Getty Images<\/p>\n<p>Le mod\u00e8le de <a href=\"https:\/\/www.admagazine.fr\/article\/tout-savoir-chateau-versailles\" rel=\"nofollow noopener\" target=\"_blank\">Versailles<\/a> (1623) est l&rsquo;ultime repr\u00e9sentation architecturale de la grandeur monarchique, \u00e0 l&rsquo;\u00e9chelle du ch\u00e2teau comme de la ville enti\u00e8re. Il repr\u00e9sente la \u00ab ville id\u00e9ale \u00bb, o\u00f9 le palais central et ses immenses espaces, \u00e0 perte de vue, concentrent tous les regards vers le souverain. Sa g\u00e9om\u00e9trie et ses ornementations opulentes en font, \u00e9galement, une icone de l&rsquo;architecture baroque. Dans cette m\u00eame d\u00e9marche de grandeur, Louis XIV et Louis XV feront construire le Champ-de-Mars, la place Vend\u00f4me et la place de la Concorde \u00e0 Paris.<\/p>\n<p>5. Cath\u00e9drale de Saint-Jacques-de-Compostelle (Espagne)<\/p>\n<p>Jaime Perez photography\/Getty Images<\/p>\n","protected":false},"excerpt":{"rendered":"L&rsquo;h\u00f4tel des Invalides (1677) figure aussi parmi les canons de l&rsquo;architecture baroque en France. Son d\u00f4me dor\u00e9, en&hellip;\n","protected":false},"author":2,"featured_media":47843,"comment_status":"","ping_status":"","sticky":false,"template":"","format":"standard","meta":{"footnotes":""},"categories":[1358],"tags":[1348,1384,1385,1386,58,59,1011,27,13834],"class_list":{"0":"post-47842","1":"post","2":"type-post","3":"status-publish","4":"format-standard","5":"has-post-thumbnail","7":"category-arts-et-design","8":"tag-arts","9":"tag-arts-and-design","10":"tag-arts-et-design","11":"tag-design","12":"tag-divertissement","13":"tag-entertainment","14":"tag-fr","15":"tag-france","16":"tag-monuments-historiques"},"share_on_mastodon":{"url":"https:\/\/pubeurope.com\/@fr\/114390026430986109","error":""},"_links":{"self":[{"href":"https:\/\/www.europesays.com\/fr\/wp-json\/wp\/v2\/posts\/47842","targetHints":{"allow":["GET"]}}],"collection":[{"href":"https:\/\/www.europesays.com\/fr\/wp-json\/wp\/v2\/posts"}],"about":[{"href":"https:\/\/www.europesays.com\/fr\/wp-json\/wp\/v2\/types\/post"}],"author":[{"embeddable":true,"href":"https:\/\/www.europesays.com\/fr\/wp-json\/wp\/v2\/users\/2"}],"replies":[{"embeddable":true,"href":"https:\/\/www.europesays.com\/fr\/wp-json\/wp\/v2\/comments?post=47842"}],"version-history":[{"count":0,"href":"https:\/\/www.europesays.com\/fr\/wp-json\/wp\/v2\/posts\/47842\/revisions"}],"wp:featuredmedia":[{"embeddable":true,"href":"https:\/\/www.europesays.com\/fr\/wp-json\/wp\/v2\/media\/47843"}],"wp:attachment":[{"href":"https:\/\/www.europesays.com\/fr\/wp-json\/wp\/v2\/media?parent=47842"}],"wp:term":[{"taxonomy":"category","embeddable":true,"href":"https:\/\/www.europesays.com\/fr\/wp-json\/wp\/v2\/categories?post=47842"},{"taxonomy":"post_tag","embeddable":true,"href":"https:\/\/www.europesays.com\/fr\/wp-json\/wp\/v2\/tags?post=47842"}],"curies":[{"name":"wp","href":"https:\/\/api.w.org\/{rel}","templated":true}]}}