{"id":478420,"date":"2025-10-21T02:18:19","date_gmt":"2025-10-21T02:18:19","guid":{"rendered":"https:\/\/www.europesays.com\/fr\/478420\/"},"modified":"2025-10-21T02:18:19","modified_gmt":"2025-10-21T02:18:19","slug":"lmh-a-livre-2-residences-etudiantes-a-lyon","status":"publish","type":"post","link":"https:\/\/www.europesays.com\/fr\/478420\/","title":{"rendered":"LMH a livr\u00e9 2 r\u00e9sidences \u00e9tudiantes \u00e0 Lyon"},"content":{"rendered":"<p><img width=\"487\" height=\"298\" src=\"https:\/\/www.europesays.com\/fr\/wp-content\/uploads\/2025\/10\/LMH-Residence-ClairTisseur_credit-R-ETIENNE-Collectif-Item.jpg\" class=\"attachment-post-thumbnail size-post-thumbnail wp-post-image\" alt=\"\" decoding=\"async\" fetchpriority=\"high\" \/><\/p>\n<p>Mise en location de la r\u00e9sidence \u00e9tudiante Clair Tisseur, Lyon 7eme. (R-ETIENNE\/Lyon Metropole Habitat)<\/p>\n<p><strong>Lyon M\u00e9tropole Habitat a annonc\u00e9 avoir livr\u00e9 deux nouvelles r\u00e9sidences \u00e9tudiantes \u00e0 Lyon.<\/strong><\/p>\n<p>L\u2019office public de l\u2019habitat m\u00e9tropolitain Lyon M\u00e9tropole Habitat a indiqu\u00e9 avoir livr\u00e9 deux nouvelles r\u00e9sidences \u00e9tudiantes \u00e0 Lyon. \u00abDans un contexte de p\u00e9nurie du logement \u00e9tudiant, ces r\u00e9sidences apportent une solution concr\u00e8te et abordable \u00e0 plus de 120 jeunes\u00bb, note l\u2019office. <\/p>\n<p><img decoding=\"async\" src=\"https:\/\/www.europesays.com\/fr\/wp-content\/uploads\/2025\/04\/abonnezvouslarge.jpg\" alt=\"\" \/><\/p>\n<p>Pour lire la totalit\u00e9 de l&rsquo;article,<strong> <a href=\"http:\/\/www.lyonpoleimmo.com\/membership-options-page\/\" target=\"_blank\" rel=\"noopener\">abonnez-vous<\/a> <\/strong>ou <a href=\"http:\/\/www.lyonpoleimmo.com\/senregistrer\/\" target=\"_blank\" rel=\"noopener\"><strong>identifiez-vous<\/strong><\/a> <\/p>\n<p><strong>Si vous avez appr\u00e9ci\u00e9 cet article, s&rsquo;il vous plait, prenez le temps de <a href=\"#comments\">laisser un commentaire<\/a> ou de <a href=\"http:\/\/www.lyonpoleimmo.com\/feed\/\" target=\"_blank\" rel=\"noopener\">souscrire au flux<\/a> afin de recevoir les futurs articles directement dans votre lecteur de flux.<br \/>\n    <\/strong><\/p>\n<p>\t<a href=\"http:\/\/www.lyonpoleimmo.com\/2025\/10\/18\/92562\/on-nest-pas-dans-une-logique-de-betonisation-a-outrance\/\" rel=\"bookmark noopener\" title=\"Lien Permanent vers \u00abOn n\u2019est pas dans une logique de b\u00e9tonisation \u00e0 outrance\u00bb\" target=\"_blank\">\u00abOn n\u2019est pas dans une logique de b\u00e9tonisation \u00e0 outrance\u00bb<\/a><\/p>\n<p>\t<a href=\"http:\/\/www.lyonpoleimmo.com\/2025\/10\/18\/92562\/on-nest-pas-dans-une-logique-de-betonisation-a-outrance\/\" rel=\"bookmark noopener\" title=\"Lien Permanent vers \u00abOn n\u2019est pas dans une logique de b\u00e9tonisation \u00e0 outrance\u00bb\" target=\"_blank\"><\/p>\n<p><img decoding=\"async\" src=\"https:\/\/www.europesays.com\/fr\/wp-content\/uploads\/2025\/10\/JeremieBreaud-1.jpg\" alt=\"null\" \/>J\u00e9r\u00e9mie Br\u00e9aud est maire de Bron et conseiller d\u00e9l\u00e9gu\u00e9 aux grands \u00e9v\u00e8nements de la R\u00e9gion Auvergne-Rh\u00f4ne-Alpes. Nous \u00e9voquons avec lui les diff\u00e9rents grands projets de la ville de Bron, comme la place de la Libert\u00e9, Terraillon, ou encore le renouvellement urbain de Parilly, mais aussi les sujets de tension avec la M\u00e9tropole comme la Voie Lyonnaise 12 ou le r\u00e9am\u00e9nagement de la route de Genas.<\/p>\n<p><\/a><\/p>\n<p>\t<a href=\"http:\/\/www.lyonpoleimmo.com\/2025\/10\/15\/92536\/lush-sinsurge-face-aux-prelevements-record-pour-les-organismes-hlm\/\" rel=\"bookmark noopener\" title=\"Lien Permanent vers L\u2019USH s\u2019insurge face aux pr\u00e9l\u00e8vements record pour les organismes HLM\" target=\"_blank\">L\u2019USH s\u2019insurge face aux pr\u00e9l\u00e8vements record pour les organismes HLM<\/a><\/p>\n<p>\t<a href=\"http:\/\/www.lyonpoleimmo.com\/2025\/10\/15\/92536\/lush-sinsurge-face-aux-prelevements-record-pour-les-organismes-hlm\/\" rel=\"bookmark noopener\" title=\"Lien Permanent vers L\u2019USH s\u2019insurge face aux pr\u00e9l\u00e8vements record pour les organismes HLM\" target=\"_blank\"><\/p>\n<p><img decoding=\"async\" src=\"https:\/\/www.europesays.com\/fr\/wp-content\/uploads\/2025\/10\/Cosse-5.jpg\" alt=\"null\" \/>L\u2019Union sociale pour l\u2019habitat a d\u00e9nonc\u00e9 un niveau de pr\u00e9l\u00e8vements record pour les organismes HLM dans le projet de loi de finances pour 2026, et un d\u00e9sengagement in\u00e9dit de l\u2019\u00c9tat.<\/p>\n<p><\/a><\/p>\n<p>\t<a href=\"http:\/\/www.lyonpoleimmo.com\/2025\/10\/13\/92476\/vers-un-rapprochement-des-groupes-de-conseil-de-la-cdc-et-de-lush\/\" rel=\"bookmark noopener\" title=\"Lien Permanent vers Vers un rapprochement des groupes de conseil de la CDC et de l\u2019USH\" target=\"_blank\">Vers un rapprochement des groupes de conseil de la CDC et de l\u2019USH<\/a><\/p>\n<p>\t<a href=\"http:\/\/www.lyonpoleimmo.com\/2025\/10\/13\/92476\/vers-un-rapprochement-des-groupes-de-conseil-de-la-cdc-et-de-lush\/\" rel=\"bookmark noopener\" title=\"Lien Permanent vers Vers un rapprochement des groupes de conseil de la CDC et de l\u2019USH\" target=\"_blank\"><\/p>\n<p>La Caisse des D\u00e9p\u00f4ts et l\u2019Union sociale pour l\u2019habitat ont indiqu\u00e9 avoir ouvert des discussions en vue du rapprochement de leurs groupes de conseil, SCET et HTC.<\/p>\n<p><\/a><\/p>\n<p>\t<a href=\"http:\/\/www.lyonpoleimmo.com\/2025\/10\/02\/92385\/un-leger-mieux-pour-limmobilier-neuf-a-lyon\/\" rel=\"bookmark noopener\" title=\"Lien Permanent vers Un l\u00e9ger mieux pour l\u2019immobilier neuf \u00e0 Lyon\" target=\"_blank\">Un l\u00e9ger mieux pour l\u2019immobilier neuf \u00e0 Lyon<\/a><\/p>\n<p>\t<a href=\"http:\/\/www.lyonpoleimmo.com\/2025\/10\/02\/92385\/un-leger-mieux-pour-limmobilier-neuf-a-lyon\/\" rel=\"bookmark noopener\" title=\"Lien Permanent vers Un l\u00e9ger mieux pour l\u2019immobilier neuf \u00e0 Lyon\" target=\"_blank\"><\/p>\n<p><img decoding=\"async\" src=\"https:\/\/www.europesays.com\/fr\/wp-content\/uploads\/2025\/10\/revel-bouvier.jpg\" alt=\"null\" \/>La FPI r\u00e9gion lyonnaise et le CECIM ont fait \u00e9tat d\u2019un l\u00e9ger mieux en mati\u00e8re de ventes de logements neufs, \u00e0 la faveur d\u2019un rebond de l\u2019accession. Mais l\u2019investissement locatif reste, lui, au point mort.<\/p>\n<p><\/a><\/p>\n<p>\t<a href=\"http:\/\/www.lyonpoleimmo.com\/2025\/09\/30\/92340\/la-refonte-du-fsl-adoptee-au-conseil-de-la-metropole\/\" rel=\"bookmark noopener\" title=\"Lien Permanent vers La refonte du FSL adopt\u00e9e au conseil de la M\u00e9tropole\" target=\"_blank\">La refonte du FSL adopt\u00e9e au conseil de la M\u00e9tropole<\/a><\/p>\n<p>\t<a href=\"http:\/\/www.lyonpoleimmo.com\/2025\/09\/30\/92340\/la-refonte-du-fsl-adoptee-au-conseil-de-la-metropole\/\" rel=\"bookmark noopener\" title=\"Lien Permanent vers La refonte du FSL adopt\u00e9e au conseil de la M\u00e9tropole\" target=\"_blank\"><\/p>\n<p>La M\u00e9tropole de Lyon a vot\u00e9 lors du conseil m\u00e9tropolitain un nouveau r\u00e8glement du fonds de solidarit\u00e9 logement, afin de renforcer l\u2019accompagnement des m\u00e9nages en difficult\u00e9.<\/p>\n<p><\/a><\/p>\n<p>\t<a href=\"http:\/\/www.lyonpoleimmo.com\/2025\/09\/29\/92310\/logement-etudiant-vote-dune-enveloppe-complementaire-de-187-me\/\" rel=\"bookmark noopener\" title=\"Lien Permanent vers Logement \u00e9tudiant : vote d\u2019une enveloppe compl\u00e9mentaire de 1,87 M\u20ac\" target=\"_blank\">Logement \u00e9tudiant : vote d\u2019une enveloppe compl\u00e9mentaire de 1,87 M\u20ac<\/a><\/p>\n<p>\t<a href=\"http:\/\/www.lyonpoleimmo.com\/2025\/09\/29\/92310\/logement-etudiant-vote-dune-enveloppe-complementaire-de-187-me\/\" rel=\"bookmark noopener\" title=\"Lien Permanent vers Logement \u00e9tudiant : vote d\u2019une enveloppe compl\u00e9mentaire de 1,87 M\u20ac\" target=\"_blank\"><\/p>\n<p>Cette enveloppe a \u00e9t\u00e9 vot\u00e9e par le conseil de la M\u00e9tropole de Lyon ce lundi 29 septembre, pour permettre l\u2019engagement de davantage de constructions de logements sociaux sur l\u2019ann\u00e9e 2025.<\/p>\n<p><\/a><\/p>\n<p>\t<a href=\"http:\/\/www.lyonpoleimmo.com\/2025\/09\/25\/92290\/accord-entre-lespi-et-la-federation-des-esh\/\" rel=\"bookmark noopener\" title=\"Lien Permanent vers Accord entre l\u2019ESPI et la f\u00e9d\u00e9ration des ESH\" target=\"_blank\">Accord entre l\u2019ESPI et la f\u00e9d\u00e9ration des ESH<\/a><\/p>\n<p>\t<a href=\"http:\/\/www.lyonpoleimmo.com\/2025\/09\/25\/92290\/accord-entre-lespi-et-la-federation-des-esh\/\" rel=\"bookmark noopener\" title=\"Lien Permanent vers Accord entre l\u2019ESPI et la f\u00e9d\u00e9ration des ESH\" target=\"_blank\"><\/p>\n<p>L\u2019ESPI et la F\u00e9d\u00e9ration des Entreprises Sociales pour l\u2019Habitat (ESH) ont sign\u00e9 un accord visant \u00e0 unir leurs expertises au service des m\u00e9tiers du logement social.<\/p>\n<p><\/a><\/p>\n<p>\t<a href=\"http:\/\/www.lyonpoleimmo.com\/2025\/09\/25\/92279\/les-logements-du-parc-social-tres-majoritairement-exposes-aux-fortes-chaleurs\/\" rel=\"bookmark noopener\" title=\"Lien Permanent vers Les logements du parc social tr\u00e8s majoritairement expos\u00e9s aux fortes chaleurs\" target=\"_blank\">Les logements du parc social tr\u00e8s majoritairement expos\u00e9s aux fortes chaleurs<\/a><\/p>\n<p>\t<a href=\"http:\/\/www.lyonpoleimmo.com\/2025\/09\/25\/92279\/les-logements-du-parc-social-tres-majoritairement-exposes-aux-fortes-chaleurs\/\" rel=\"bookmark noopener\" title=\"Lien Permanent vers Les logements du parc social tr\u00e8s majoritairement expos\u00e9s aux fortes chaleurs\" target=\"_blank\"><\/p>\n<p>Une nouvelle \u00e9tude de la FOPH et de la Banque des Territoires montre que 64% des logements du parc sont d\u00e9j\u00e0 expos\u00e9s aux fortes chaleurs, et que 94% pourraient l\u2019\u00eatre en 2100.<\/p>\n<p><\/a><\/p>\n<p>\t<a href=\"http:\/\/www.lyonpoleimmo.com\/2025\/09\/24\/92265\/logement-intermediaire-nouvelle-enveloppe-de-pret-de-500-millions-deuros\/\" rel=\"bookmark noopener\" title=\"Lien Permanent vers Logement interm\u00e9diaire : nouvelle enveloppe de pr\u00eat de 500 millions d\u2019euros\" target=\"_blank\">Logement interm\u00e9diaire : nouvelle enveloppe de pr\u00eat de 500 millions d\u2019euros<\/a><\/p>\n<p>\t<a href=\"http:\/\/www.lyonpoleimmo.com\/2025\/09\/24\/92265\/logement-intermediaire-nouvelle-enveloppe-de-pret-de-500-millions-deuros\/\" rel=\"bookmark noopener\" title=\"Lien Permanent vers Logement interm\u00e9diaire : nouvelle enveloppe de pr\u00eat de 500 millions d\u2019euros\" target=\"_blank\"><\/p>\n<p>La BEI et la Banque des Territoires annoncent cette nouvelle enveloppe de pr\u00eat pour accro\u00eetre l\u2019offre de financements en faveur de logements interm\u00e9diaires.<\/p>\n<p><\/a><\/p>\n<p>\t<a href=\"http:\/\/www.lyonpoleimmo.com\/2025\/09\/22\/92226\/ouverture-du-85e-congres-de-lunion-sociale-pour-lhabitat\/\" rel=\"bookmark noopener\" title=\"Lien Permanent vers Ouverture du 85e congr\u00e8s de l\u2019Union sociale pour l\u2019habitat\" target=\"_blank\">Ouverture du 85e congr\u00e8s de l\u2019Union sociale pour l\u2019habitat<\/a><\/p>\n<p>\t<a href=\"http:\/\/www.lyonpoleimmo.com\/2025\/09\/22\/92226\/ouverture-du-85e-congres-de-lunion-sociale-pour-lhabitat\/\" rel=\"bookmark noopener\" title=\"Lien Permanent vers Ouverture du 85e congr\u00e8s de l\u2019Union sociale pour l\u2019habitat\" target=\"_blank\"><\/p>\n<p>Ce congr\u00e8s s\u2019ouvre ce mardi pour trois jours, du 23 au 25 septembre, Porte de Versailles \u00e0 Paris. Plus de 25.000 visiteurs sont attendus.<\/p>\n<p><\/a><\/p>\n<p>\t<a href=\"http:\/\/www.lyonpoleimmo.com\/2025\/09\/22\/92229\/la-colline-inauguree-a-lyon-5\/\" rel=\"bookmark noopener\" title=\"Lien Permanent vers \u00ab La Colline \u00bb, inaugur\u00e9e \u00e0 Lyon 5\" target=\"_blank\">\u00ab La Colline \u00bb, inaugur\u00e9e \u00e0 Lyon 5<\/a><\/p>\n<p>\t<a href=\"http:\/\/www.lyonpoleimmo.com\/2025\/09\/22\/92229\/la-colline-inauguree-a-lyon-5\/\" rel=\"bookmark noopener\" title=\"Lien Permanent vers \u00ab La Colline \u00bb, inaugur\u00e9e \u00e0 Lyon 5\" target=\"_blank\"><\/p>\n<p><img decoding=\"async\" src=\"https:\/\/www.europesays.com\/fr\/wp-content\/uploads\/2025\/09\/La-Colline.jpg\" alt=\"null\" \/>Alliade Habitat, Action Logement et la M\u00e9tropole de Lyon ont inaugur\u00e9 lundi dernier cette initiative innovante au service de l\u2019habitat et de la solidarit\u00e9.<\/p>\n<p><\/a><\/p>\n<p>\t<a href=\"http:\/\/www.lyonpoleimmo.com\/2025\/09\/18\/92199\/inauguration-de-la-residence-les-jasmins-a-bron\/\" rel=\"bookmark noopener\" title=\"Lien Permanent vers Inauguration de la r\u00e9sidence \u00ab Les Jasmins \u00bb \u00e0 Bron\" target=\"_blank\">Inauguration de la r\u00e9sidence \u00ab Les Jasmins \u00bb \u00e0 Bron<\/a><\/p>\n<p>\t<a href=\"http:\/\/www.lyonpoleimmo.com\/2025\/09\/18\/92199\/inauguration-de-la-residence-les-jasmins-a-bron\/\" rel=\"bookmark noopener\" title=\"Lien Permanent vers Inauguration de la r\u00e9sidence \u00ab Les Jasmins \u00bb \u00e0 Bron\" target=\"_blank\"><\/p>\n<p><img decoding=\"async\" src=\"https:\/\/www.europesays.com\/fr\/wp-content\/uploads\/2025\/09\/Les-Jasmins.jpg\" alt=\"null\" \/>Cette nouvelle r\u00e9sidence pour accompagner le grand \u00e2ge a \u00e9t\u00e9 inaugur\u00e9e mercredi \u00e0 Bron.<\/p>\n<p><\/a><\/p>\n<p>\t<a href=\"http:\/\/www.lyonpoleimmo.com\/2025\/09\/17\/92185\/le-mouvement-hlm-alerte-sur-lampleur-et-la-gravite-de-la-crise-du-logement\/\" rel=\"bookmark noopener\" title=\"Lien Permanent vers Le Mouvement HLM alerte sur l\u2019ampleur et la gravit\u00e9 de la crise du logement\" target=\"_blank\">Le Mouvement HLM alerte sur l\u2019ampleur et la gravit\u00e9 de la crise du logement<\/a><\/p>\n<p>\t<a href=\"http:\/\/www.lyonpoleimmo.com\/2025\/09\/17\/92185\/le-mouvement-hlm-alerte-sur-lampleur-et-la-gravite-de-la-crise-du-logement\/\" rel=\"bookmark noopener\" title=\"Lien Permanent vers Le Mouvement HLM alerte sur l\u2019ampleur et la gravit\u00e9 de la crise du logement\" target=\"_blank\"><\/p>\n<p>Le Mouvement HLM appelle \u00e0 une rupture forte pour lancer une mobilisation urgente face \u00e0 la crise du logement.<\/p>\n<p><\/a><\/p>\n<p>\t<a href=\"http:\/\/www.lyonpoleimmo.com\/2025\/09\/16\/92164\/les-qpv-mis-a-lhonneur-des-journees-europeennes-du-patrimoine-2025\/\" rel=\"bookmark noopener\" title=\"Lien Permanent vers Les QPV mis \u00e0 l\u2019honneur des journ\u00e9es europ\u00e9ennes du patrimoine 2025\" target=\"_blank\">Les QPV mis \u00e0 l\u2019honneur des journ\u00e9es europ\u00e9ennes du patrimoine 2025<\/a><\/p>\n<p>\t<a href=\"http:\/\/www.lyonpoleimmo.com\/2025\/09\/16\/92164\/les-qpv-mis-a-lhonneur-des-journees-europeennes-du-patrimoine-2025\/\" rel=\"bookmark noopener\" title=\"Lien Permanent vers Les QPV mis \u00e0 l\u2019honneur des journ\u00e9es europ\u00e9ennes du patrimoine 2025\" target=\"_blank\"><\/p>\n<p>Les quartiers prioritaires de la politique de la ville du Rh\u00f4ne seront mis a l\u2019honneur ce week-end \u00e0 l\u2019occasion de cet \u00e9v\u00e8nement annuel.<\/p>\n<p><\/a><\/p>\n<p>\t<a href=\"http:\/\/www.lyonpoleimmo.com\/2025\/09\/15\/92154\/275-logements-de-la-cite-tony-garnier-ont-ete-rehabilites\/\" rel=\"bookmark noopener\" title=\"Lien Permanent vers 275 logements de la cit\u00e9 Tony Garnier ont \u00e9t\u00e9 r\u00e9habilit\u00e9s\" target=\"_blank\">275 logements de la cit\u00e9 Tony Garnier ont \u00e9t\u00e9 r\u00e9habilit\u00e9s<\/a><\/p>\n<p>\t<a href=\"http:\/\/www.lyonpoleimmo.com\/2025\/09\/15\/92154\/275-logements-de-la-cite-tony-garnier-ont-ete-rehabilites\/\" rel=\"bookmark noopener\" title=\"Lien Permanent vers 275 logements de la cit\u00e9 Tony Garnier ont \u00e9t\u00e9 r\u00e9habilit\u00e9s\" target=\"_blank\"><\/p>\n<p><img decoding=\"async\" src=\"https:\/\/www.europesays.com\/fr\/wp-content\/uploads\/2025\/09\/Cite-Tony-Garnier.jpg\" \/>GrandLyon Habitat organisait vendredi une visite de la Cit\u00e9 Tony Garnier, dans le 8e arrondissement de Lyon, en pr\u00e9sence d\u2019\u00e9lus de la Ville et de la M\u00e9tropole, et de la sous-pr\u00e9f\u00e8te charg\u00e9e de la politique de la ville.<\/p>\n<p><\/a><\/p>\n","protected":false},"excerpt":{"rendered":"Mise en location de la r\u00e9sidence \u00e9tudiante Clair Tisseur, Lyon 7eme. (R-ETIENNE\/Lyon Metropole Habitat) Lyon M\u00e9tropole Habitat a&hellip;\n","protected":false},"author":2,"featured_media":478421,"comment_status":"","ping_status":"","sticky":false,"template":"","format":"standard","meta":{"footnotes":""},"categories":[1889],"tags":[5265,1111,11,2430,6379,1777,674,1011,27,16354,2428,12,25],"class_list":{"0":"post-478420","1":"post","2":"type-post","3":"status-publish","4":"format-standard","5":"has-post-thumbnail","7":"category-lyon","8":"tag-abonnes","9":"tag-actu","10":"tag-actualites","11":"tag-auvergne-rhone-alpes","12":"tag-etudiants","13":"tag-eu","14":"tag-europe","15":"tag-fr","16":"tag-france","17":"tag-logement-social","18":"tag-lyon","19":"tag-news","20":"tag-republique-francaise"},"share_on_mastodon":{"url":"https:\/\/pubeurope.com\/@fr\/115409762908720995","error":""},"_links":{"self":[{"href":"https:\/\/www.europesays.com\/fr\/wp-json\/wp\/v2\/posts\/478420","targetHints":{"allow":["GET"]}}],"collection":[{"href":"https:\/\/www.europesays.com\/fr\/wp-json\/wp\/v2\/posts"}],"about":[{"href":"https:\/\/www.europesays.com\/fr\/wp-json\/wp\/v2\/types\/post"}],"author":[{"embeddable":true,"href":"https:\/\/www.europesays.com\/fr\/wp-json\/wp\/v2\/users\/2"}],"replies":[{"embeddable":true,"href":"https:\/\/www.europesays.com\/fr\/wp-json\/wp\/v2\/comments?post=478420"}],"version-history":[{"count":0,"href":"https:\/\/www.europesays.com\/fr\/wp-json\/wp\/v2\/posts\/478420\/revisions"}],"wp:featuredmedia":[{"embeddable":true,"href":"https:\/\/www.europesays.com\/fr\/wp-json\/wp\/v2\/media\/478421"}],"wp:attachment":[{"href":"https:\/\/www.europesays.com\/fr\/wp-json\/wp\/v2\/media?parent=478420"}],"wp:term":[{"taxonomy":"category","embeddable":true,"href":"https:\/\/www.europesays.com\/fr\/wp-json\/wp\/v2\/categories?post=478420"},{"taxonomy":"post_tag","embeddable":true,"href":"https:\/\/www.europesays.com\/fr\/wp-json\/wp\/v2\/tags?post=478420"}],"curies":[{"name":"wp","href":"https:\/\/api.w.org\/{rel}","templated":true}]}}