{"id":478422,"date":"2025-10-21T02:19:20","date_gmt":"2025-10-21T02:19:20","guid":{"rendered":"https:\/\/www.europesays.com\/fr\/478422\/"},"modified":"2025-10-21T02:19:20","modified_gmt":"2025-10-21T02:19:20","slug":"lyon-un-concert-surprise-de-cet-artiste-populaire-organise-vendredi-ce-quil-faut-savoir","status":"publish","type":"post","link":"https:\/\/www.europesays.com\/fr\/478422\/","title":{"rendered":"Lyon. Un concert surprise de cet artiste populaire organis\u00e9 vendredi, ce qu&rsquo;il faut savoir"},"content":{"rendered":"<p>            Par<br \/>\n        <strong><br \/>\n            <a href=\"https:\/\/actu.fr\/auteur\/julien-damboise\" title=\"Consulter tous les articles de Julien Damboise\" target=\"_blank\" rel=\"noopener\">Julien Damboise<\/a><br \/>\n        <\/strong><\/p>\n<p>        Publi\u00e9 le<\/p>\n<p>            20 oct. 2025 \u00e0 18h10        <\/p>\n<p>La star <strong>Fred Again<\/strong>, DJ originaire de Londres aux <strong>3,5 millions d\u2019abonn\u00e9s<\/strong> sur Instagram, vient d\u2019annoncer qu\u2019il sera en concert \u00e0 <a href=\"https:\/\/actu.fr\/lyon\/\" target=\"_blank\" rel=\"noopener\">Lyon<\/a> ce vendredi 24 octobre 2025 pour son unique date fran\u00e7aise. Il est attendu \u00e0 la <a href=\"https:\/\/actu.fr\/tag\/halle-tony-garnier\" target=\"_blank\" rel=\"noopener\">Halle Tony Garnier<\/a>, mais les <strong>places devraient partir tr\u00e8s vite<\/strong> ce mardi 21 octobre. D\u2019autant qu\u2019il fallait se pr\u00e9inscrire en amont pour tenter d\u2019obtenir des tickets.<\/p>\n<p>10 concerts dans 10 villes<\/p>\n<p class=\" wall-content\">Le surdou\u00e9 Fred Again, artiste multi-instruments, d\u00e9barque dans la capitale des Gaules dans le cadre de sa tourn\u00e9e pour promouvoir son prochain album \u00ab\u00a0USB002\u00a0\u00bb. En dix semaines, il va faire danser dix villes avec \u00e0 chaque fois <strong>un titre r\u00e9v\u00e9l\u00e9<\/strong> en avant-premi\u00e8re.<\/p>\n<p class=\" wall-content\">Apr\u00e8s avoir expliqu\u00e9 qu\u2019il serait \u00e0 Lyon, il a donn\u00e9 des pr\u00e9cisions dimanche, r\u00e9v\u00e9lant que son \u00e9v\u00e9nement se passera \u00e0 la Halle Tony Garnier, dans le 7e arrondissement.<\/p>\n<p class=\" wall-content\">Une soir\u00e9e unique avec d\u2019autres grands noms du monde de la musique \u00e9lectronique : <strong>Caribou<\/strong> et <strong>Floating Points<\/strong>.<\/p>\n<p class=\" wall-content\">\n<p>Une course aux billets<\/p>\n<p class=\" wall-content\">Pour venir faire la f\u00eate vendredi et une partie de la nuit samedi dans la salle qui peut accueillir au maximum 17 000 personnes, il fallait se pr\u00e9inscrire sur <a href=\"https:\/\/drop.cobrand.com\/d\/fredagain\/HIFEKBFS83?fbclid=PAZnRzaANiDD5leHRuA2FlbQIxMQABp6e6FH4OUb7WW1B_7aeNp_a1TmHnPMFs5ablbqZmFXg8eAIormAtQ-iqjcEM_aem_2jv_GDyaYLsTxhQKRgdM8Q\" target=\"_blank\" rel=\"noopener\">le site de l\u2019artiste<\/a> pour acc\u00e9der \u00e0 la vente jusqu\u2019\u00e0 17 h ce lundi apr\u00e8s-midi.<\/p>\n<p class=\" wall-content\">La vente des billets d\u00e9butera ce mardi 21 octobre \u00e0 10 h, avec un prix fix\u00e9 \u00e0 <strong>71 euros<\/strong>.<\/p>\n<p class=\" wall-content\">Personnalisez votre actualit\u00e9 en ajoutant vos villes et m\u00e9dias en favori avec <a href=\"https:\/\/moncompte.actu.fr\" title=\"D\u00e9couvez Mon Actu\" rel=\"nofollow noopener\" data-trk=\"{&quot;cta&quot;:{&quot;action&quot;:&quot;https:\\\/\\\/moncompte.actu.fr&quot;,&quot;category&quot;:&quot;mon compte&quot;,&quot;from&quot;:&quot;article footer&quot;,&quot;name&quot;:&quot;Mon actu&quot;,&quot;type&quot;:&quot;cta&quot;}}\" target=\"_blank\">Mon Actu<\/a>.<\/p>\n","protected":false},"excerpt":{"rendered":"Par Julien Damboise Publi\u00e9 le 20 oct. 2025 \u00e0 18h10 La star Fred Again, DJ originaire de Londres&hellip;\n","protected":false},"author":2,"featured_media":478423,"comment_status":"","ping_status":"","sticky":false,"template":"","format":"standard","meta":{"footnotes":""},"categories":[1889],"tags":[1111,11,2430,1697,1777,674,1011,27,31381,1652,2428,873,12,25],"class_list":{"0":"post-478422","1":"post","2":"type-post","3":"status-publish","4":"format-standard","5":"has-post-thumbnail","7":"category-lyon","8":"tag-actu","9":"tag-actualites","10":"tag-auvergne-rhone-alpes","11":"tag-concert","12":"tag-eu","13":"tag-europe","14":"tag-fr","15":"tag-france","16":"tag-halle-tony-garnier","17":"tag-loisirs-culture","18":"tag-lyon","19":"tag-musique","20":"tag-news","21":"tag-republique-francaise"},"share_on_mastodon":{"url":"https:\/\/pubeurope.com\/@fr\/115409765192521780","error":""},"_links":{"self":[{"href":"https:\/\/www.europesays.com\/fr\/wp-json\/wp\/v2\/posts\/478422","targetHints":{"allow":["GET"]}}],"collection":[{"href":"https:\/\/www.europesays.com\/fr\/wp-json\/wp\/v2\/posts"}],"about":[{"href":"https:\/\/www.europesays.com\/fr\/wp-json\/wp\/v2\/types\/post"}],"author":[{"embeddable":true,"href":"https:\/\/www.europesays.com\/fr\/wp-json\/wp\/v2\/users\/2"}],"replies":[{"embeddable":true,"href":"https:\/\/www.europesays.com\/fr\/wp-json\/wp\/v2\/comments?post=478422"}],"version-history":[{"count":0,"href":"https:\/\/www.europesays.com\/fr\/wp-json\/wp\/v2\/posts\/478422\/revisions"}],"wp:featuredmedia":[{"embeddable":true,"href":"https:\/\/www.europesays.com\/fr\/wp-json\/wp\/v2\/media\/478423"}],"wp:attachment":[{"href":"https:\/\/www.europesays.com\/fr\/wp-json\/wp\/v2\/media?parent=478422"}],"wp:term":[{"taxonomy":"category","embeddable":true,"href":"https:\/\/www.europesays.com\/fr\/wp-json\/wp\/v2\/categories?post=478422"},{"taxonomy":"post_tag","embeddable":true,"href":"https:\/\/www.europesays.com\/fr\/wp-json\/wp\/v2\/tags?post=478422"}],"curies":[{"name":"wp","href":"https:\/\/api.w.org\/{rel}","templated":true}]}}